{"id":19922,"date":"2012-01-03T15:07:27","date_gmt":"2012-01-03T19:37:27","guid":{"rendered":"http:\/\/www.panfletonegro.com\/v\/?p=19922"},"modified":"2012-01-03T17:18:59","modified_gmt":"2012-01-03T21:48:59","slug":"2012-ano-profetico-banal","status":"publish","type":"post","link":"https:\/\/www.panfletonegro.com\/v\/2012\/01\/03\/2012-ano-profetico-banal\/","title":{"rendered":"2012 a\u00f1o prof\u00e9tico o banal"},"content":{"rendered":"<div class=\"separator\" style=\"clear: both; text-align: center;\"><\/div>\n<div class=\"separator\" style=\"clear: both; text-align: center;\"><\/div>\n<div class=\"separator\" style=\"clear: both; text-align: center;\"><a href=\"https:\/\/i0.wp.com\/1.bp.blogspot.com\/-INQSefc8ENk\/TwNWtb-AdYI\/AAAAAAAAEUY\/eVfDrWMniHA\/s1600\/biological-lab.jpg\"><img data-recalc-dims=\"1\" loading=\"lazy\" decoding=\"async\" src=\"https:\/\/i0.wp.com\/1.bp.blogspot.com\/-INQSefc8ENk\/TwNWtb-AdYI\/AAAAAAAAEUY\/eVfDrWMniHA\/s400\/biological-lab.jpg?resize=320%2C400\" alt=\"\" width=\"320\" height=\"400\" border=\"0\" \/><\/a><\/div>\n<div class=\"separator\" style=\"clear: both; text-align: center;\"><\/div>\n<div class=\"MsoNormal\"><\/div>\n<div class=\"MsoNormal\"><span style=\"font-family: Arial, Helvetica, sans-serif;\">Este a\u00f1o ya se ve lleno de presagios, pero el mas funesto el de las profec\u00edas Mayas.<\/span><\/div>\n<div class=\"MsoNormal\"><span style=\"font-family: Arial, Helvetica, sans-serif;\">\u00a0Estoy asombrado, incluso canales como discoverychanel y Natigio de cierta manera refuerzan las predicciones apocal\u00edpticas.<\/span><\/div>\n<div class=\"MsoNormal\"><span style=\"font-family: Arial, Helvetica, sans-serif;\">\u00a0Esto es preocupante debido a que os canales deber\u00edan de tratar de desmitificar, y dejar esas creencias a los tontos.<\/span><\/div>\n<div class=\"MsoNormal\"><span style=\"font-family: Arial, Helvetica, sans-serif;\">\u00a0Por pura casualidad estamos al comienzo \u00a0del ciclo solar, y se hbla que las llamaradas solares dejaran a la civilizaci\u00f3n sin electricidad durante a\u00f1os, pero si dura mas de 15 d\u00edas esta civilizaci\u00f3n colapsa.<\/span><\/div>\n<div class=\"MsoNormal\"><span style=\"font-family: Arial, Helvetica, sans-serif;\">\u00a0\u00bfSer\u00e1 esto cierto?<\/span><\/div>\n<div class=\"MsoNormal\"><!--more--><\/div>\n<div class=\"MsoNormal\"><span style=\"font-family: Arial, Helvetica, sans-serif;\">\u00a0La ultima tormenta solar realmente fuerte fue en 1859, las auroras solares se vieron en la Habana y Hawai, algunos telegrafistas murieron electrocutados cuando los sistemas explotaron, menos mal que la electricidad apenas estaba apareciendo en nuestras vidas, una tormenta solar similar al<a href=\"http:\/\/es.wikipedia.org\/wiki\/Tormenta_solar_de_1859\"> <strong>evento Carrington<\/strong><\/a> seria capaz de acabar con nuestra civilizaci\u00f3n. Es cierto.<\/span><\/div>\n<div class=\"MsoNormal\"><span style=\"font-family: Arial, Helvetica, sans-serif;\">\u00a0Pero lo que no dicen es que ese tipo de tormentas suele suceder cada 500 a\u00f1os. Aun nadie tiene la menor idea por la cual suceden, por lo tanto pudieran suceder.<\/span><\/div>\n<div class=\"MsoNormal\"><span style=\"font-family: Arial, Helvetica, sans-serif;\">\u00a0Pero las probabilidades son realmente bajas. Yo no me preocupar\u00eda por ello.<\/span><\/div>\n<div class=\"MsoNormal\"><span style=\"font-family: Arial, Helvetica, sans-serif;\">\u00a0De cualquier manera como estas tormentas a pesar de no ser tan fuertes, pueden sacar los sat\u00e9lites de sus orbitas y dejar sin comunicaci\u00f3n al mundo. Ya existen sat\u00e9lites en la orbita de Venus, que monitorean al sol y si hay un \u00a0un flujo de protones que se dirijan a la tierra, estos avisaran con tiempo, para que cambien sus orbitas los que est\u00e1n aqu\u00ed.<\/span><\/div>\n<div class=\"MsoNormal\"><span style=\"font-family: Arial, Helvetica, sans-serif;\">\u00a0Y en el hipot\u00e9tico caso que pase lo peor una como la de 1859, se avisaria a las centrales el\u00e9ctricas para que apaguen sus generadores.<\/span><\/div>\n<div class=\"MsoNormal\"><span style=\"font-family: Arial, Helvetica, sans-serif;\">\u00a0Y lo \u00fanico que pasaria en la tierra seria tener un bonito espect\u00e1culo con las auroras, y quiz\u00e1s se pierda entre el 5 al 8% del ozono.<\/span><\/div>\n<div class=\"MsoNormal\"><span style=\"font-family: Arial, Helvetica, sans-serif;\">\u00a0Y la muerte de uno que otro estupido que va a prender su generador en la casa. Esos nunca faltan.<\/span><\/div>\n<div class=\"separator\" style=\"clear: both; text-align: center;\"><a href=\"https:\/\/i0.wp.com\/3.bp.blogspot.com\/-0WSOqPxWtek\/TwNXMZPd8EI\/AAAAAAAAEUk\/3jMuGE2YKZE\/s1600\/codice-dresde-venus-mayas-calendario-2.jpg\"><img data-recalc-dims=\"1\" loading=\"lazy\" decoding=\"async\" src=\"https:\/\/i0.wp.com\/3.bp.blogspot.com\/-0WSOqPxWtek\/TwNXMZPd8EI\/AAAAAAAAEUk\/3jMuGE2YKZE\/s400\/codice-dresde-venus-mayas-calendario-2.jpg?resize=400%2C225\" alt=\"\" width=\"400\" height=\"225\" border=\"0\" \/><\/a><\/div>\n<div class=\"MsoNormal\"><span style=\"font-family: Arial, Helvetica, sans-serif;\"><br \/>\n<\/span><\/div>\n<div class=\"MsoNormal\"><span style=\"font-family: Arial, Helvetica, sans-serif; font-size: large;\"><strong>\u00a0II<\/strong><\/span><\/div>\n<div class=\"MsoNormal\"><span style=\"font-family: Arial, Helvetica, sans-serif;\">\u00a0Pero \u00bfQu\u00e9 significa el fin del calendario Maya?<\/span><\/div>\n<div class=\"MsoNormal\"><span style=\"font-family: Arial, Helvetica, sans-serif;\">\u00a0Todas las culturas agrarias han creado calendarios y todos ellos para empezar se han basado en algo para su comienzo. Por lo menos los romanos slo basaron en la fundaci\u00f3n de roma mas o menos en los a\u00f1os 740 AEC (antes de era com\u00fan) \u00a0Para ellos entonces el nacimiento de cristo fue en el a\u00f1o 740 (y pico) AUC (Ad urbe condita) y la Roma actual tendr\u00eda entonces\u00a0 2800 AUC.<\/span><\/div>\n<div class=\"MsoNormal\"><span style=\"font-family: Arial, Helvetica, sans-serif;\">\u00a0Nosotros lo basamos en el a\u00f1o que supuestamente naci\u00f3 Jes\u00fas, los chinos lo basaron en hechos astron\u00f3micos y m\u00edsticos y est\u00e1n el a\u00f1o 5400 (y pico) los Musulmanes en el nacimiento de Mahoma (o la h\u00e9gira, no recuerdo) y estamos cerca del a\u00f1o 800, algunos calendarios se basan en las semanas otros no, algunos tienen meses de diferentes longitudes o a\u00f1os de diferentes longitudes. <\/span><\/div>\n<div class=\"MsoNormal\"><span style=\"font-family: Arial, Helvetica, sans-serif;\">\u00a0Los mismos mayas sab\u00edan cuanto duraba el a\u00f1o astron\u00f3mico, pero utilizaban un calendario de 360 d\u00edas y los cinco d\u00edas restantes eran llamados los d\u00edas del destino, en los cu\u00e1les se defin\u00eda la vida de cada persona.<\/span><\/div>\n<div class=\"MsoNormal\"><span style=\"font-family: Arial, Helvetica, sans-serif;\">\u00a0Ellos tambi\u00e9n al hacer su calendario se encontraron con ese problema \u00bfEn que fecha lo empezamos? Tenia que ser algo asombroso o muy importante, para que se de la casualidad que nos toco ver el fin de su calendario ahora.<\/span><\/div>\n<div class=\"MsoNormal\"><span style=\"font-family: Arial, Helvetica, sans-serif; font-size: large;\"><strong>\u00a0III<\/strong><\/span><\/div>\n<div class=\"separator\" style=\"clear: both; text-align: center;\"><a href=\"https:\/\/i0.wp.com\/1.bp.blogspot.com\/-4_rkYNK1vnc\/TwNXxXngcXI\/AAAAAAAAEUw\/7G3T6QaFKEE\/s1600\/mayas.jpg\"><img data-recalc-dims=\"1\" loading=\"lazy\" decoding=\"async\" src=\"https:\/\/i0.wp.com\/1.bp.blogspot.com\/-4_rkYNK1vnc\/TwNXxXngcXI\/AAAAAAAAEUw\/7G3T6QaFKEE\/s400\/mayas.jpg?resize=400%2C266\" alt=\"\" width=\"400\" height=\"266\" border=\"0\" \/><\/a><\/div>\n<div class=\"MsoNormal\"><span style=\"font-family: Arial, Helvetica, sans-serif; font-size: large;\"><strong><br \/>\n<\/strong><\/span><\/div>\n<div class=\"MsoNormal\"><span style=\"font-family: Arial, Helvetica, sans-serif;\">\u00a0Vamos a dejarlo ah\u00ed un rato. Vamos a hablar de <strong><a href=\"http:\/\/es.wikipedia.org\/wiki\/Joseph_Justus_Scaliger\">Joseph Justus Scalinger.<\/a><\/strong><\/span><\/div>\n<div class=\"MsoNormal\"><span style=\"font-family: Arial, Helvetica, sans-serif;\">\u00a0El fue un erudito Frances que muri\u00f3 en linden en 1540, pero no solo le interesaba la historia de roma o Grecia, el estaba obsesionado con los calendarios.<\/span><\/div>\n<div class=\"MsoNormal\"><span style=\"font-family: Arial, Helvetica, sans-serif;\"> De hecho es considerado el fundador de los estudios cronol\u00f3gicos modernos. El quer\u00eda un calendario que cualquiera pudiera saber el d\u00eda o el a\u00f1o exacto de un acontecimiento. En vez de hacer engorrosos c\u00e1lculos sin calculadoras (en esa \u00e9poca no exist\u00edan, que estupidos) el se dio a la tarea de hacer uno, y se baso en algo universal; los d\u00edas (menos a los lapones e Inuit).<\/span><\/div>\n<div class=\"MsoNormal\"><span style=\"font-family: Arial, Helvetica, sans-serif;\">\u00a0Y entonces empez\u00f3 a contar los dias en lo que llamo periodo Juliano.<\/span><\/div>\n<div class=\"MsoNormal\"><span style=\"font-family: Arial, Helvetica, sans-serif;\">\u00a0Hacerlo es sencillo, 1, 2 ,3 \u2026N+1<\/span><\/div>\n<div class=\"MsoNormal\"><span style=\"font-family: Arial, Helvetica, sans-serif;\">\u00a0El problema era como determinar el dia 1 el d\u00eda para comenzar su calendario.<\/span><\/div>\n<div class=\"MsoNormal\"><span style=\"font-family: Arial, Helvetica, sans-serif;\">\u00a0El pudo elegir cualquier fecha para comenzar su calendario, su d\u00eda de nacimiento, o el dia de la batalla d Hasting en 1066 cualquier fecha.<\/span><\/div>\n<div class=\"MsoNormal\"><span style=\"font-family: Arial, Helvetica, sans-serif;\">\u00a0Pero el tipo era un cron\u00f3logo y quer\u00eda que su d\u00eda 1 tuviera un significado y no solo el dia era importante, tambi\u00e9n el a\u00f1o.<\/span><\/div>\n<div class=\"MsoNormal\"><span style=\"font-family: Arial, Helvetica, sans-serif;\">\u00a0En el a\u00f1o 45Aec julio Cesar tuvo que modificar el calendario ya que las estaciones no estaban sincronizadas con las estaciones, debido a que no ten\u00edan a\u00f1os bisiestos y dijo que el a\u00f1o tenia 365,25 d\u00edas y cada cuatro a\u00f1os el a\u00f1o tendr\u00eda 366 d\u00edas, como este a\u00f1o, de esta manera pensaba que iba a eliminar la discrepancia.<\/span><\/div>\n<div class=\"MsoNormal\"><span style=\"font-family: Arial, Helvetica, sans-serif;\">\u00a0Pero tenemos el caso de los calendarios lunares los chinos y los sumerios lo ten\u00edan y se dieron cuenta tiene una duraci\u00f3n de 29,5 d\u00edas entonces un a\u00f1o lunar tendr\u00eda 354,367 dias, esto es 11 dias menos, ellos solventaban eso a\u00f1adiendo un mes de vez en cuando, para no perder la sincronizaci\u00f3n con las etaciones.<\/span><\/div>\n<div class=\"MsoNormal\"><span style=\"font-family: Arial, Helvetica, sans-serif;\">\u00a0Scalinger quiso que\u00a0 que su dia 1 fuese un primero de enero, con luna llena, para unificar ambos calendarios.<\/span><\/div>\n<div class=\"MsoNormal\"><span style=\"font-family: Arial, Helvetica, sans-serif;\">\u00a0Ahora bien el 1 del enero del a\u00f1o 1 ec cayo un d\u00eda lunes y fue luna llena. \u00bfQu\u00e9 mejor dia que ese? Pero Scalinger no cayo en la trampa que el a\u00f1o que naci\u00f3 jesus comenz\u00f3 con un lunes y comenzaba el a\u00f1o lunar y solar.<\/span><\/div>\n<div class=\"MsoNormal\"><span style=\"font-family: Arial, Helvetica, sans-serif;\">\u00a0El trato de buscar algo que fuese mas significativo y al mismo tiempo mas antiguo,\u00a0 cada 28 el ciclo solar coincidir\u00e1 con un domingo primero de enero pero si es un calendario lunar ser\u00e1 cada 19 a\u00f1os, esto es\u00a0 (si multiplicamos ambos factores) que el 1enero de 1140 fue un bisiesto en\u00a0 habia luna llena. Pero el queria meter otro factor que fuese primo con los n\u00fameros anteriores y Eligio el 15 debido a que era el tiempo de la indiccion que fue puesto por Dioclesiano cuando se hacia el censo de gente y propiedades, en la \u00e9poca scaliger aun se utilizaba. Ya con los primos 3,5 2,7 y 19 busco su m.c.m y cont\u00f3 para atr\u00e1s hasta encontrar un a\u00f1o bisiesto que fuese a\u00f1o de indiccion que el 1 de enero considera con un domingo de luna nueva y resulto que fue el a\u00f1o de 4713Aec ( o antes de Jes\u00fas).<\/span><\/div>\n<div class=\"MsoNormal\"><span style=\"font-family: Arial, Helvetica, sans-serif;\">\u00a0Esto significa que el ciclo juliano es de7980 a\u00f1os (para que se vuelva a repetir que un domingo 1 de enero en un a\u00f1o bisiesto con luna nueva y fuese a\u00f1o de indiccion.)<\/span><\/div>\n<div class=\"MsoNormal\"><span style=\"font-family: Arial, Helvetica, sans-serif;\">\u00a0Ese d\u00eda ser\u00e1 el 1 de enero del a\u00f1o del 3268 en su notaci\u00f3n juliana seria el dia 2,914695, cuando finaliza el ciclo.<\/span><\/div>\n<div class=\"MsoNormal\"><span style=\"font-family: Arial, Helvetica, sans-serif;\">\u00a0Este calendario por lo practico ya que no tiene meses, solo d\u00edas es utilizado actualmente por los astr\u00f3nomos (el d\u00eda comienza al mediod\u00eda)<\/span><\/div>\n<div class=\"MsoNormal\"><\/div>\n<div class=\"MsoNormal\"><span style=\"font-family: Arial, Helvetica, sans-serif;\">\u00a0Por ejemplo mi hija naci\u00f3 en el d\u00eda 2,445,008 esto es en el a\u00f1o 1982.<\/span><\/div>\n<div class=\"separator\" style=\"clear: both; text-align: center;\"><a href=\"https:\/\/i0.wp.com\/2.bp.blogspot.com\/-6uCTaJJ-l64\/TwNYB1fvPNI\/AAAAAAAAEU8\/Xk3qFKdSDPE\/s1600\/sun.jpg\"><img data-recalc-dims=\"1\" loading=\"lazy\" decoding=\"async\" src=\"https:\/\/i0.wp.com\/2.bp.blogspot.com\/-6uCTaJJ-l64\/TwNYB1fvPNI\/AAAAAAAAEU8\/Xk3qFKdSDPE\/s400\/sun.jpg?resize=400%2C400\" alt=\"\" width=\"400\" height=\"400\" border=\"0\" \/><\/a><\/div>\n<div class=\"MsoNormal\"><\/div>\n<div class=\"MsoNormal\"><span style=\"font-family: Arial, Helvetica, sans-serif; font-size: large;\"><strong>IV<\/strong><\/span><\/div>\n<div class=\"MsoNormal\"><span style=\"font-family: Arial, Helvetica, sans-serif;\">\u00a0Como se ve elegir el a\u00f1o 1 es un problema y por lo regular no tiene nada m\u00edstico, creo que los Mayas utilizaron un m\u00e9todo similar al de scalinger para elegir su a\u00f1o 1 y me parece l\u00f3gico, y al igual que cuando en el 3000 cuando el ciclo del calendario Juliano comience de nuevo, ser\u00e1 solo eso, quiz\u00e1s los Mayas se basaron en el solsticio de invierno, y por eso ambas fechas est\u00e1n relativamente cercas en vez e indiccion pudieron tomar los dia en que el solsticio caiga en un d\u00eda determinado. Eso es todo.<\/span><\/div>\n<div class=\"MsoNormal\"><span style=\"font-family: Arial, Helvetica, sans-serif;\">\u00a0Un simple juego de n\u00fameros sin trascendencia, y eso pasara este 21 de diciembre \u00a0comenzara otro ciclo sin funci\u00f3n apocal\u00edptica en el intermedio.<\/span><\/div>\n<div class=\"MsoNormal\"><span style=\"font-family: Arial, Helvetica, sans-serif;\">\u00a0\u00bfA que se deber\u00e1 que nadie lo dice? <\/span><\/div>\n<div class=\"MsoNormal\"><\/div>\n","protected":false},"excerpt":{"rendered":"<p>Este a\u00f1o ya se ve lleno de presagios, pero el mas funesto el de las profec\u00edas Mayas. \u00a0Estoy asombrado, incluso canales como discoverychanel y Natigio de cierta manera refuerzan las predicciones apocal\u00edpticas. \u00a0Esto es preocupante debido a que os canales deber\u00edan de tratar de desmitificar, y dejar esas creencias a los tontos. \u00a0Por pura casualidad [&hellip;]<\/p>\n","protected":false},"author":1033,"featured_media":0,"comment_status":"open","ping_status":"open","sticky":false,"template":"","format":"standard","meta":{"jetpack_post_was_ever_published":false,"_jetpack_newsletter_access":"","_jetpack_dont_email_post_to_subs":false,"_jetpack_newsletter_tier_id":0,"_jetpack_memberships_contains_paywalled_content":false,"_jetpack_memberships_contains_paid_content":false,"footnotes":"","jetpack_publicize_message":"","jetpack_publicize_feature_enabled":true,"jetpack_social_post_already_shared":false,"jetpack_social_options":{"image_generator_settings":{"template":"highway","default_image_id":0,"font":"","enabled":false},"version":2}},"categories":[1],"tags":[],"class_list":{"0":"post-19922","1":"post","2":"type-post","3":"status-publish","4":"format-standard","6":"category-azares"},"jetpack_publicize_connections":[],"jetpack_featured_media_url":"","jetpack_shortlink":"https:\/\/wp.me\/pfpCD-5bk","jetpack_sharing_enabled":true,"_links":{"self":[{"href":"https:\/\/www.panfletonegro.com\/v\/wp-json\/wp\/v2\/posts\/19922","targetHints":{"allow":["GET"]}}],"collection":[{"href":"https:\/\/www.panfletonegro.com\/v\/wp-json\/wp\/v2\/posts"}],"about":[{"href":"https:\/\/www.panfletonegro.com\/v\/wp-json\/wp\/v2\/types\/post"}],"author":[{"embeddable":true,"href":"https:\/\/www.panfletonegro.com\/v\/wp-json\/wp\/v2\/users\/1033"}],"replies":[{"embeddable":true,"href":"https:\/\/www.panfletonegro.com\/v\/wp-json\/wp\/v2\/comments?post=19922"}],"version-history":[{"count":0,"href":"https:\/\/www.panfletonegro.com\/v\/wp-json\/wp\/v2\/posts\/19922\/revisions"}],"wp:attachment":[{"href":"https:\/\/www.panfletonegro.com\/v\/wp-json\/wp\/v2\/media?parent=19922"}],"wp:term":[{"taxonomy":"category","embeddable":true,"href":"https:\/\/www.panfletonegro.com\/v\/wp-json\/wp\/v2\/categories?post=19922"},{"taxonomy":"post_tag","embeddable":true,"href":"https:\/\/www.panfletonegro.com\/v\/wp-json\/wp\/v2\/tags?post=19922"}],"curies":[{"name":"wp","href":"https:\/\/api.w.org\/{rel}","templated":true}]}}