{"id":19573,"date":"2011-12-10T02:22:49","date_gmt":"2011-12-10T06:52:49","guid":{"rendered":"http:\/\/www.panfletonegro.com\/v\/?p=19573"},"modified":"2012-06-26T15:11:15","modified_gmt":"2012-06-26T19:41:15","slug":"carta-chavista-de-la-ucv","status":"publish","type":"post","link":"https:\/\/www.panfletonegro.com\/v\/2011\/12\/10\/carta-chavista-de-la-ucv\/","title":{"rendered":"Carta a un chavista de la UCV"},"content":{"rendered":"<p style=\"text-align: center\"><a href=\"https:\/\/i0.wp.com\/www.panfletonegro.com\/v\/wp-content\/uploads\/2011\/12\/ucv-arde.jpg\"><img data-recalc-dims=\"1\" loading=\"lazy\" decoding=\"async\" data-attachment-id=\"19574\" data-permalink=\"https:\/\/www.panfletonegro.com\/v\/2011\/12\/10\/carta-chavista-de-la-ucv\/ucv-arde\/\" data-orig-file=\"https:\/\/i0.wp.com\/www.panfletonegro.com\/v\/wp-content\/uploads\/2011\/12\/ucv-arde.jpg?fit=478%2C640&amp;ssl=1\" data-orig-size=\"478,640\" data-comments-opened=\"1\" data-image-meta=\"{&quot;aperture&quot;:&quot;0&quot;,&quot;credit&quot;:&quot;&quot;,&quot;camera&quot;:&quot;&quot;,&quot;caption&quot;:&quot;&quot;,&quot;created_timestamp&quot;:&quot;0&quot;,&quot;copyright&quot;:&quot;&quot;,&quot;focal_length&quot;:&quot;0&quot;,&quot;iso&quot;:&quot;0&quot;,&quot;shutter_speed&quot;:&quot;0&quot;,&quot;title&quot;:&quot;&quot;}\" data-image-title=\"ucv-arde\" data-image-description=\"\" data-image-caption=\"\" data-large-file=\"https:\/\/i0.wp.com\/www.panfletonegro.com\/v\/wp-content\/uploads\/2011\/12\/ucv-arde.jpg?fit=478%2C640&amp;ssl=1\" class=\"aligncenter size-full wp-image-19574\" src=\"https:\/\/i0.wp.com\/www.panfletonegro.com\/v\/wp-content\/uploads\/2011\/12\/ucv-arde.jpg?resize=335%2C448\" alt=\"\" width=\"335\" height=\"448\" srcset=\"https:\/\/i0.wp.com\/www.panfletonegro.com\/v\/wp-content\/uploads\/2011\/12\/ucv-arde.jpg?w=478&amp;ssl=1 478w, https:\/\/i0.wp.com\/www.panfletonegro.com\/v\/wp-content\/uploads\/2011\/12\/ucv-arde.jpg?resize=224%2C300&amp;ssl=1 224w\" sizes=\"auto, (max-width: 335px) 100vw, 335px\" \/><\/a><\/p>\n<p>&nbsp;<\/p>\n<p>Chamo, Chama, Ucevistas de todos los tiempos. \u00bfHasta cuando?. \u00bfHasta cuando vas a seguir alcahueteando la violencia de tus supuestos compa\u00f1eros? \u00bfFuego a la UCV?. \u00bfFuego? \u00bfDe verdad quieres que se vaya todo a la mierda? \u00bfTu crees que de esa ceniza va a salir que cosa? \u00bfDiamantes? \u00bfCorazones buenos e incorruptos?.<\/p>\n<p>Todos somos corresponsables de c\u00f3mo est\u00e1 el pa\u00eds, pero hoy escribo para ti. Que esto es una guerra, es la raz\u00f3n \u00faltima que dan los que justifican que la violencia sea una vaina normal. Que se puede insultar, y despu\u00e9s escupir, y despu\u00e9s caer a cachetadas, y despu\u00e9s un botellazo, y despu\u00e9s se les da un tiro.<\/p>\n<p>\u00bfHasta cuando?<\/p>\n<p>Yo entiendo tu postura chavista. De pana que s\u00ed la entiendo. Siempre sale alg\u00fan pajuo a llamarme protochavista cuando explico esto, pero es igual.<\/p>\n<p>Uno es de izquierda. Es decir, uno cree que el mundo cabemos todos. Uno ha sufrido, quiz\u00e1s en carne propia, quiz\u00e1s visto de cerca, como la gente pela bolas, mal. Como la gente es discriminada. Como no queda ninguna opci\u00f3n sino nadar en la miseria. Uno se harta frente a la complicidad o crimen directo de ricos y poderosos.<\/p>\n<p>Hasta ah\u00ed estamos.<\/p>\n<p>Luego viene al que llamas comandante, y tu crees que esta es tu \u00fanica oportunidad, como si fueras caballo viejo. Que el socialismo pr\u00e1ctico que puedes tener es este, que hay que apoyarlo y mejorarlo.<\/p>\n<p>Ok. Te creo.<\/p>\n<p>Pero tu sabes bien los niveles de corrupci\u00f3n y de ineficiencia que hay. Tu sabes y conoces de cerca a gente que pelaba bolas, y ahora acumula propiedades, o disfrutan de beneficios groseros. Tu sabes que si baja el petr\u00f3leo, nos vamos todos a la mierda, porque al final aqu\u00ed cada vez hay menos comida, y los trabajos que hay son todos pa agarr\u00e1 lo que caiga. Un negocito, una vaina. En esos andan todos.<\/p>\n<p>Eso s\u00f3lo es suficiente para el desencanto, pero entiendo que alguno siga ah\u00ed. Tan s\u00f3lo porque las palabras son bonitas, y el comandante es tremendo candidato, de esos que hacen llorar con los sue\u00f1os que pone por delante. Ojo que dije candidato, pero no presidente. El pa\u00eds se le cae a pedazos. A putos pedazos. Lo de la electricidad y las fallas del Metro son el mejor ejemplo. No me jodas, esa vaina funcionaba.<\/p>\n<p>Pero bueno, supongamos que resistes ah\u00ed. Ya no se si por comodidad, o porque queda feo cambiar de opini\u00f3n, con los amigos rojitos, y en el ambiente en que te mueves.<\/p>\n<p>Llegamos al d\u00eda de hoy.<\/p>\n<p>\u00bfVista las fotos de los alrededores del Aula Magna quem\u00e1ndose? \u00bfNo te da dolor en el alma? Si no te indignas y te dueles profundamente, pues mosca, porque el alma se puede perder. Eso s\u00ed, pelo a pelo, sin que uno se de cuenta. Uno se despierta, y es un absoluto hijo de puta que es capaz de tolerar la violencia contra sus compatriotas, por razones de fuerza mayor. M\u00edrate en los espejos: Rusia, Corea del Norte, la misma China. !Cuba, Cuba!. \u00bfEs realmente necesario vivir as\u00ed de cagao si a uno le da por decirle cuatro vainas al gobierno?.<\/p>\n<p>Tiene que llegar un momento en que digas: hasta aqu\u00ed.<\/p>\n<p>Tiene que ser posible que le pongas un parao a tus correligionarios, y que les digas que no puede ser.<\/p>\n<p>Esta no es la primera vez que hay bombas lacrim\u00f3genas en la UCV. En la Escuela de Trabajo Social es pan nuestro de cada d\u00eda. Ah\u00ed todos se conocen, y saben quienes son. Se sabe quienes generan violencia interna en la UCV. Que no es la misma violencia que ocurre al hacer una manifestaci\u00f3n, y que lleguen los pacos, y los manifestantes no se quieran ir, y se arme la comemierda.<\/p>\n<p>Tirar una lacrim\u00f3gena en un edificio de estudiantes es de una cobard\u00eda vergonzosa.<\/p>\n<p>Ponle un parao serio a tus locos. Desautorizalos. Pero que se escuche. No quiero que me mandes un mail ni que lo aceptes en privado. Se hombrecito o mujercita y di claramente lo que piensas, para variar. Porque yo se que bastantes vainas te has tragado.<\/p>\n<p>Te digo m\u00e1s. Esto se puede poner a\u00fan m\u00e1s feo f\u00e1cilmente. Porque esto viene as\u00ed. Todo ese peo que si la muerte, que si la puta rodilla en tierra, que venceremos, humillaremos, fritaremos, aplastaremos, etc. Toda esa vaina se paga. Toda esa vaina sale y explota en la cara.<\/p>\n<p>Te est\u00e1n quemando la casa. Ese lugar donde pod\u00edas discutir hasta que las tripas se te pusieran verdes de bilis, pero sin que nadie te impidiera decir lo que pensabas.<\/p>\n<p>Las universidades podr\u00e1n ser lo que sean, pero en ellas cada quien piensa lo que quiere. O eran, porque ahora, en algunos lugares, la gente se medio caga. Porque si se forma el peo, van a venir los otro con sus bombas, y la otra vez casi me asfixi\u00e9, y mejor no voy a votar.<\/p>\n<p>Compa\u00f1ero. Compa\u00f1era. Los llamo as\u00ed porque si alguna cosa tengo claro es que yo soy universitario, y que la UCV y los ucevistas son mis hermanos. Son mis compa\u00f1eros de camino, que en alg\u00fan momento vivieron conmigo que el estudio y el conocimiento sirven para mucho.<\/p>\n<p>Compa\u00f1ero. Compa\u00f1era. No se pierda en los bosques. S\u00f3lo le pido un acto de valent\u00eda contra sus intereses inmediatos, contra la puta solidaridad autom\u00e1tica.<\/p>\n<p>Deles un parao.<\/p>\n<p style=\"text-align: right\"><em><br \/>\n<\/em><\/p>\n<p>PS: Apareci\u00f3 primero en <a href=\"http:\/\/www.rayasypalabras.net\/2011\/12\/carta-un-chavista-de-la-ucv.html\">Rayas y Palabras:\u00a0Carta a un chavista de la UCV<\/a><\/p>\n","protected":false},"excerpt":{"rendered":"<p>&nbsp; Chamo, Chama, Ucevistas de todos los tiempos. \u00bfHasta cuando?. \u00bfHasta cuando vas a seguir alcahueteando la violencia de tus supuestos compa\u00f1eros? \u00bfFuego a la UCV?. \u00bfFuego? \u00bfDe verdad quieres que se vaya todo a la mierda? \u00bfTu crees que de esa ceniza va a salir que cosa? \u00bfDiamantes? \u00bfCorazones buenos e incorruptos?. Todos somos [&hellip;]<\/p>\n","protected":false},"author":1641,"featured_media":19574,"comment_status":"open","ping_status":"open","sticky":false,"template":"","format":"standard","meta":{"jetpack_post_was_ever_published":false,"_jetpack_newsletter_access":"","_jetpack_dont_email_post_to_subs":false,"_jetpack_newsletter_tier_id":0,"_jetpack_memberships_contains_paywalled_content":false,"_jetpack_memberships_contains_paid_content":false,"footnotes":"","jetpack_publicize_message":"","jetpack_publicize_feature_enabled":true,"jetpack_social_post_already_shared":false,"jetpack_social_options":{"image_generator_settings":{"template":"highway","default_image_id":0,"font":"","enabled":false},"version":2}},"categories":[1],"tags":[171,59,1338],"class_list":{"0":"post-19573","1":"post","2":"type-post","3":"status-publish","4":"format-standard","5":"has-post-thumbnail","7":"category-azares","8":"tag-izquierda","9":"tag-politica-venezolana","10":"tag-ucv"},"jetpack_publicize_connections":[],"jetpack_featured_media_url":"https:\/\/i0.wp.com\/www.panfletonegro.com\/v\/wp-content\/uploads\/2011\/12\/ucv-arde.jpg?fit=478%2C640&ssl=1","jetpack_shortlink":"https:\/\/wp.me\/pfpCD-55H","jetpack_sharing_enabled":true,"_links":{"self":[{"href":"https:\/\/www.panfletonegro.com\/v\/wp-json\/wp\/v2\/posts\/19573","targetHints":{"allow":["GET"]}}],"collection":[{"href":"https:\/\/www.panfletonegro.com\/v\/wp-json\/wp\/v2\/posts"}],"about":[{"href":"https:\/\/www.panfletonegro.com\/v\/wp-json\/wp\/v2\/types\/post"}],"author":[{"embeddable":true,"href":"https:\/\/www.panfletonegro.com\/v\/wp-json\/wp\/v2\/users\/1641"}],"replies":[{"embeddable":true,"href":"https:\/\/www.panfletonegro.com\/v\/wp-json\/wp\/v2\/comments?post=19573"}],"version-history":[{"count":0,"href":"https:\/\/www.panfletonegro.com\/v\/wp-json\/wp\/v2\/posts\/19573\/revisions"}],"wp:featuredmedia":[{"embeddable":true,"href":"https:\/\/www.panfletonegro.com\/v\/wp-json\/wp\/v2\/media\/19574"}],"wp:attachment":[{"href":"https:\/\/www.panfletonegro.com\/v\/wp-json\/wp\/v2\/media?parent=19573"}],"wp:term":[{"taxonomy":"category","embeddable":true,"href":"https:\/\/www.panfletonegro.com\/v\/wp-json\/wp\/v2\/categories?post=19573"},{"taxonomy":"post_tag","embeddable":true,"href":"https:\/\/www.panfletonegro.com\/v\/wp-json\/wp\/v2\/tags?post=19573"}],"curies":[{"name":"wp","href":"https:\/\/api.w.org\/{rel}","templated":true}]}}