{"id":18874,"date":"2011-11-02T15:56:49","date_gmt":"2011-11-02T20:26:49","guid":{"rendered":"http:\/\/www.panfletonegro.com\/v\/?p=18874"},"modified":"2011-11-03T11:24:13","modified_gmt":"2011-11-03T15:54:13","slug":"eveling-las-corridas-de-toros","status":"publish","type":"post","link":"https:\/\/www.panfletonegro.com\/v\/2011\/11\/02\/eveling-las-corridas-de-toros\/","title":{"rendered":"Eveling y las corridas de toros"},"content":{"rendered":"<div style=\"text-align: justify;\">\u00abEveling y las corridas de toros o la crisis comunicacional de Venezuela\u00bb o m\u00e1s bien \u00abEveling y las corridas de toros o el poder de la 2.0\u00bb deber\u00eda ser el t\u00edtulo del post.<\/div>\n<div style=\"text-align: justify;\">No vengo a hablar de lo buena o mala que ha sido la pol\u00edtica de la actual alcaldesa de Maracaibo respecto a las corridas de toros. A este respecto solo puedo decir: ha sido igual que todos los alcaldes anteriores. Simplemente no las defienden, pero tampoco las atacan ni las proh\u00edben. Prefieren mantenerse al margen de la cuesti\u00f3n, y no parecer defensores de atrocidades, pero no acabar con el espect\u00e1culo\/mercado que se arma todos los a\u00f1os en la Plaza de Toros de Maracaibo.<\/div>\n<p style=\"text-align: justify;\"><a href=\"http:\/\/upload.wikimedia.org\/wikipedia\/commons\/thumb\/9\/90\/TOROSFREGENAL.jpg\/800px-TOROSFREGENAL.jpg\"><img loading=\"lazy\" decoding=\"async\" class=\"aligncenter\" style=\"border-style: initial; border-color: initial; border-width: 0px;\" src=\"http:\/\/upload.wikimedia.org\/wikipedia\/commons\/thumb\/9\/90\/TOROSFREGENAL.jpg\/800px-TOROSFREGENAL.jpg\" alt=\"\" width=\"320\" height=\"240\" border=\"0\" \/><\/a><\/p>\n<div style=\"text-align: justify;\">Vengo a hablar m\u00e1s bien, del esc\u00e1ndalo que se ha formado en las redes sociales debido a un\u00a0<a href=\"https:\/\/twitter.com\/#!\/sandromarubini\/status\/131397343378550784\">tweet<\/a>\u00a0de un empresario de corridas. Nada m\u00e1s de ese trino, salieron noticias en la prensa digital de todo el pa\u00eds, poniendo como titular \u00abDecretan las corridas de toros patrimonio hist\u00f3rico cultural de Maracaibo\u00bb (tienen el ejemplo de\u00a0<a href=\"http:\/\/www.panorama.com.ve\/01-11-2011\/avances\/corridas-toros-patrimonio-cultural-maracaibo.html\">Panorama<\/a>,\u00a0<a href=\"http:\/\/informe21.com\/eveling-trejo-rosales\/decretan-las-corridas-toros-patrimonio-historico-cultural-maracaibo\">Informe21\u00a0<\/a>y\u00a0<a href=\"http:\/\/www.acn.com.ve\/nacionales\/item\/35255-eveling-trejo-decret%C3%B3-las-corridas-de-toros-patrimonio-hist%C3%B3rico-cultural-de-maracaibo.html\">AgenciaCN<\/a>). Cuando ves, las tres noticias tienen exactamente el mismo cuerpo literalmente transcrito. Desconozco cu\u00e1l medio la public\u00f3 primero. Pero lo grave es que la noticia afirma como cierto este decreto NADA M\u00c1S bas\u00e1ndose en el tweet anteriormente mencionado. No buscaron entrevistas con el empresario, no se comunicaron con la Alcald\u00eda, no corroboraron en la cuenta Twitter de la Alcald\u00eda (<em>manquesea\u00a0<\/em>como dicen), NADA.<\/div>\n<div style=\"text-align: justify;\"><!--more--><\/div>\n<div style=\"text-align: justify;\">Por supuesto, el \u00abhecho\u00bb lleg\u00f3 a los\u00a0trending topics\u00a0de la red social Twitter y todo el mundo en Facebook armando esc\u00e1ndalo por el hecho, hasta escuch\u00e9 un programa en la radio que hablaba de ello. Unos cuantos usuarios de Twitter hicieron\u00a0<em>retweet\u00a0<\/em>del trino de Marubini, nadie pidi\u00f3 pruebas.<\/div>\n<div style=\"text-align: justify;\">Mal estuvo de la Alcaldesa,\u00a0<a href=\"https:\/\/twitter.com\/#!\/EvelingTrejo\/status\/131752255283138560\">desmentir<\/a>\u00a0apenas el d\u00eda de hoy (as\u00ed de vertiginoso se ha vuelto el tiempo en nuestra era) el hecho que tantos medios dieron por sentado, y bueno, ya\u00a0<a href=\"http:\/\/noticiaaldia.com\/2011\/11\/eveling-de-rosales-%E2%80%9Cel-decreto-que-declara-las-corridas-patrimonio-cultural-nunca-existio%E2%80%9D\">hicieron lo suyo<\/a>\u00a0con lo de las declaraciones de ella.\u00a0As\u00ed mismo, sali\u00f3 el Marubini diciendo que\u00a0<a href=\"http:\/\/noticiaaldia.com\/2011\/11\/marubini-%E2%80%9Cme-enganaron%E2%80%9D\">lo enga\u00f1aron<\/a>. Pobrecito.<\/div>\n<div style=\"text-align: justify;\">Todo esto lleva a reflexionar sobre dos cosas:<\/div>\n<div style=\"text-align: justify;\">El c\u00f3mo la gente que goza de cierta fama lanza un\u00a0<em>tweet<\/em>\u00a0a la nube irresponsablemente, y ya todo el mundo se lo cree. El poder de la 2.0 o c\u00f3mo la gente cae en cualquier pendejada de 140 caracteres sin pedir la menor explicaci\u00f3n.<\/div>\n<div style=\"text-align: justify;\">El c\u00f3mo los medios de comunicaci\u00f3n de Venezuela hacen noticias de trinos, sin importar su origen, y sin corroboraci\u00f3n de varias fuentes. Es un periodismo pobre, que goza de mucho sensacionalismo y carece casi totalmente de investigaci\u00f3n, y entre ayer y hoy, lo demuestran una vez m\u00e1s.<\/div>\n","protected":false},"excerpt":{"rendered":"<p>\u00abEveling y las corridas de toros o la crisis comunicacional de Venezuela\u00bb o m\u00e1s bien \u00abEveling y las corridas de toros o el poder de la 2.0\u00bb deber\u00eda ser el t\u00edtulo del post. No vengo a hablar de lo buena o mala que ha sido la pol\u00edtica de la actual alcaldesa de Maracaibo respecto a [&hellip;]<\/p>\n","protected":false},"author":346,"featured_media":0,"comment_status":"open","ping_status":"open","sticky":false,"template":"","format":"standard","meta":{"jetpack_post_was_ever_published":false,"_jetpack_newsletter_access":"","_jetpack_dont_email_post_to_subs":false,"_jetpack_newsletter_tier_id":0,"_jetpack_memberships_contains_paywalled_content":false,"_jetpack_memberships_contains_paid_content":false,"footnotes":"","jetpack_publicize_message":"","jetpack_publicize_feature_enabled":true,"jetpack_social_post_already_shared":false,"jetpack_social_options":{"image_generator_settings":{"template":"highway","default_image_id":0,"font":"","enabled":false},"version":2}},"categories":[3],"tags":[1440,67,683,1439,1354],"class_list":{"0":"post-18874","1":"post","2":"type-post","3":"status-publish","4":"format-standard","6":"category-descontento","7":"tag-corridas","8":"tag-critica","9":"tag-internet","10":"tag-maracaibo","11":"tag-medios"},"jetpack_publicize_connections":[],"jetpack_featured_media_url":"","jetpack_shortlink":"https:\/\/wp.me\/pfpCD-4Uq","jetpack_sharing_enabled":true,"_links":{"self":[{"href":"https:\/\/www.panfletonegro.com\/v\/wp-json\/wp\/v2\/posts\/18874","targetHints":{"allow":["GET"]}}],"collection":[{"href":"https:\/\/www.panfletonegro.com\/v\/wp-json\/wp\/v2\/posts"}],"about":[{"href":"https:\/\/www.panfletonegro.com\/v\/wp-json\/wp\/v2\/types\/post"}],"author":[{"embeddable":true,"href":"https:\/\/www.panfletonegro.com\/v\/wp-json\/wp\/v2\/users\/346"}],"replies":[{"embeddable":true,"href":"https:\/\/www.panfletonegro.com\/v\/wp-json\/wp\/v2\/comments?post=18874"}],"version-history":[{"count":0,"href":"https:\/\/www.panfletonegro.com\/v\/wp-json\/wp\/v2\/posts\/18874\/revisions"}],"wp:attachment":[{"href":"https:\/\/www.panfletonegro.com\/v\/wp-json\/wp\/v2\/media?parent=18874"}],"wp:term":[{"taxonomy":"category","embeddable":true,"href":"https:\/\/www.panfletonegro.com\/v\/wp-json\/wp\/v2\/categories?post=18874"},{"taxonomy":"post_tag","embeddable":true,"href":"https:\/\/www.panfletonegro.com\/v\/wp-json\/wp\/v2\/tags?post=18874"}],"curies":[{"name":"wp","href":"https:\/\/api.w.org\/{rel}","templated":true}]}}