{"id":18705,"date":"2011-10-22T13:03:27","date_gmt":"2011-10-22T17:33:27","guid":{"rendered":"http:\/\/www.panfletonegro.com\/v\/?p=18705"},"modified":"2014-06-07T12:01:28","modified_gmt":"2014-06-07T16:31:28","slug":"in-hole-ii-the-square-peg","status":"publish","type":"post","link":"https:\/\/www.panfletonegro.com\/v\/2011\/10\/22\/in-hole-ii-the-square-peg\/","title":{"rendered":"\u2026in a round hole II (the square peg)"},"content":{"rendered":"<div class=\"separator\" style=\"clear: both;text-align: center\"><a href=\"https:\/\/i0.wp.com\/3.bp.blogspot.com\/-6C6kv5S7cB4\/TqL0C5Ay9QI\/AAAAAAAAEL8\/f0MUEgXsSbk\/s1600\/230px-Vincent_Willem_van_Gogh_002-194x250.jpg\"><img data-recalc-dims=\"1\" loading=\"lazy\" decoding=\"async\" src=\"https:\/\/i0.wp.com\/3.bp.blogspot.com\/-6C6kv5S7cB4\/TqL0C5Ay9QI\/AAAAAAAAEL8\/f0MUEgXsSbk\/s400\/230px-Vincent_Willem_van_Gogh_002-194x250.jpg?resize=310%2C400\" alt=\"\" width=\"310\" height=\"400\" border=\"0\" \/><\/a><\/div>\n<div class=\"MsoNormal\"><span class=\"Apple-style-span\" style=\"font-family: Arial, Helvetica, sans-serif\"><br \/>\n<\/span><\/div>\n<div class=\"MsoNormal\"><span class=\"Apple-style-span\" style=\"font-family: Arial, Helvetica, sans-serif\">Ya hace 2500 a\u00f1os Aristoteles y Platon, me imagino que viendo el ejemplo de Di\u00f3genes reflexionaron sobre la creatividad y pensaron que era una especie de subproducto de la depresi\u00f3n que sol\u00edan sufrir los poetas y dramaturgos.<\/span><\/div>\n<div class=\"MsoNormal\"><span class=\"Apple-style-span\" style=\"font-family: Arial, Helvetica, sans-serif\">\u00a0Esa observaci\u00f3n es cierta.<\/span><\/div>\n<div class=\"MsoNormal\"><span class=\"Apple-style-span\" style=\"font-family: Arial, Helvetica, sans-serif\">\u00a0Pero habian muchas guerras que pelear y muchos dioses en los cuales creer, por lo tanto esa observaci\u00f3n se quedo ah\u00ed por mas de 2500 a\u00f1os.<\/span><\/div>\n<div class=\"MsoNormal\"><span class=\"Apple-style-span\" style=\"font-family: Arial, Helvetica, sans-serif\">\u00a0En el siglo XIX <strong><a href=\"http:\/\/en.wikipedia.org\/wiki\/Cesare_Lombroso\">Cesare lombroso<\/a><\/strong> escribi\u00f3 un libro infame \u201csobre el genio\u201d en el cual afirmaba que el genio creativo o las simples personas muy inteligentes eran similar a los matones y asesinos \u00a0y los ponia en el mismo nivel. <\/span><\/div>\n<div class=\"MsoNormal\"><span class=\"Apple-style-span\" style=\"font-family: Arial, Helvetica, sans-serif\">\u00a0Ese librito tuvo mucha influencia en las policias y en el publico en general.<\/span><\/div>\n<div class=\"MsoNormal\"><span class=\"Apple-style-span\" style=\"font-family: Arial, Helvetica, sans-serif\">\u00a0Pero ya en esa epoca se comenzo a pensar \u00bfQu\u00e9 hacia a una persona creativa? \u00bfSe pod\u00eda ense\u00f1ar a las personas a ser creativas?<\/span><\/div>\n<div class=\"MsoNormal\"><span class=\"Apple-style-span\" style=\"font-family: Arial, Helvetica, sans-serif\">\u00a0Pero sobre todo \u00bfC\u00f3mo podemos identificar a las personas creativas?<\/span><\/div>\n<div class=\"MsoNormal\"><span class=\"Apple-style-span\" style=\"font-family: Arial, Helvetica, sans-serif\">\u00a0Y los sic\u00f3logos se dedicaron a ello, pagados por los industriales, casi todas las industrias\u00a0quer\u00edan\u00a0a sus propios <strong>Teslas<\/strong>\u00a0y<strong> Edison<\/strong><\/span><\/div>\n<div class=\"MsoNormal\"><span class=\"Apple-style-span\" style=\"font-family: Arial, Helvetica, sans-serif\"><strong><\/strong> \u00bfC\u00f3mo los conseguimos?<\/span><\/div>\n<div class=\"MsoNormal\"><span class=\"Apple-style-span\" style=\"font-family: Arial, Helvetica, sans-serif\">\u00a0Ellos clasificaron a las diferentes tipos de personalidad y crearon test de personalidad para identificarlos, se dieron cuento que las personas con personalidades esquizotipicas. Estaban muy ligados a las personas creativas.<\/span><\/div>\n<div class=\"MsoNormal\">\n<div class=\"separator\" style=\"clear: both;text-align: center\"><a href=\"https:\/\/i0.wp.com\/2.bp.blogspot.com\/-pzSKPKOWi-s\/TqMWNWTn60I\/AAAAAAAAEMU\/iafmsToX1_o\/s1600\/maryIII.jpg\"><img data-recalc-dims=\"1\" loading=\"lazy\" decoding=\"async\" src=\"https:\/\/i0.wp.com\/2.bp.blogspot.com\/-pzSKPKOWi-s\/TqMWNWTn60I\/AAAAAAAAEMU\/iafmsToX1_o\/s320\/maryIII.jpg?resize=257%2C320\" alt=\"\" width=\"257\" height=\"320\" border=\"0\" \/><\/a><\/div>\n<div class=\"separator\" style=\"clear: both;text-align: center\"><span style=\"text-decoration: underline\"><em>Acuarela,tinta sobre papel y photo<\/em><\/span><\/div>\n<\/div>\n<div class=\"MsoNormal\"><span class=\"Apple-style-span\" style=\"font-family: Arial, Helvetica, sans-serif\">\u00a0Los esquizotipicos es un tipo de personalidad que aparece en una variedad de formas, incluyendo el pensamiento m\u00e1gico (ideas fantasiosas o creencias paranormales, por ejemplo <strong>Schumann<\/strong> cre\u00eda que <strong>Beethoven<\/strong> le mandaba su musica desde la tumba) experiencia perceptivas inusuales (distorsi\u00f3n de la percepci\u00f3n (<strong>Dickens <\/strong>creia que era perseguido por los personajes de sus novelas) solitarios y paranoia leve (como que aun no estoy seguro que la secta de los ciegos este detr\u00e1s de mi).<\/span><\/div>\n<div class=\"MsoNormal\"><span class=\"Apple-style-span\" style=\"font-family: Arial, Helvetica, sans-serif\">\u00a0Todo eso llevo a que lo incluyeran en su manual de las enfermedades metales.<\/span><\/div>\n<div class=\"MsoNormal\"><span class=\"Apple-style-span\" style=\"font-family: Arial, Helvetica, sans-serif\">\u00a0La personalidad esquizotipica es una forma leve de esquizofrenia.<\/span><\/div>\n<div class=\"MsoNormal\"><span class=\"Apple-style-span\" style=\"font-family: Arial, Helvetica, sans-serif\">\u00a0Y concluyeron que las personas esquizofr\u00e9nicas sol\u00edan tener hijos que ten\u00edan comportamientos extra\u00f1os.<\/span><\/div>\n<div class=\"MsoNormal\"><span class=\"Apple-style-span\" style=\"font-family: Arial, Helvetica, sans-serif\">\u00a0En los \u00faltimos a\u00f1os se ha comprobado el vinculo gen\u00e9tico entre ambos, con los ni\u00f1os de personas esquizofr\u00e9nicas que tuvieron hijos y estos fueron adoptados por otras familias, esto es que los esquizotipicos son Exc\u00e9ntricos.<\/span><\/div>\n<div class=\"MsoNormal\"><span class=\"Apple-style-span\" style=\"font-family: Arial, Helvetica, sans-serif\">\u00a0Y fue tratado como un trastorno en la siquiatr\u00eda.<\/span><\/div>\n<div class=\"separator\" style=\"clear: both;text-align: center\"><a href=\"https:\/\/i0.wp.com\/4.bp.blogspot.com\/-YUuMmuzY6FM\/TqL0Ligw2zI\/AAAAAAAAEME\/e1LPklCqEWo\/s1600\/article-1334672-0C512322000005DC-279_964x497.jpg\"><img data-recalc-dims=\"1\" loading=\"lazy\" decoding=\"async\" src=\"https:\/\/i0.wp.com\/4.bp.blogspot.com\/-YUuMmuzY6FM\/TqL0Ligw2zI\/AAAAAAAAEME\/e1LPklCqEWo\/s400\/article-1334672-0C512322000005DC-279_964x497.jpg?resize=400%2C205\" alt=\"\" width=\"400\" height=\"205\" border=\"0\" \/><\/a><\/div>\n<div class=\"MsoNormal\"><span class=\"Apple-style-span\" style=\"font-family: Arial, Helvetica, sans-serif\"><br \/>\n<\/span><\/div>\n<div class=\"MsoNormal\"><span class=\"Apple-style-span\" style=\"font-family: Arial, Helvetica, sans-serif\"><strong>II<\/strong><\/span><\/div>\n<div class=\"MsoNormal\"><span class=\"Apple-style-span\" style=\"font-family: Arial, Helvetica, sans-serif\">\u00a0Solo fue hasta 1995 cuando David Weeks; Jamie James. Publicaron el libro;<a href=\"http:\/\/www.amazon.com\/Eccentrics-Study-Sanity-Strangeness-Kodansha\/dp\/1568361564\"><strong> Eccentrics: A Study ofSanity and Strangeness<\/strong> <\/a>el cual fue tambien el primero que no lo vio como enfermedad los comportamientos extra\u00f1os.<\/span><\/div>\n<div class=\"MsoNormal\"><span class=\"Apple-style-span\" style=\"font-family: Arial, Helvetica, sans-serif\">\u00a0Si no algo que se podia estudiar y sacar conclusiones sobre ello.<\/span><\/div>\n<div class=\"MsoNormal\"><span class=\"Apple-style-span\" style=\"font-family: Arial, Helvetica, sans-serif\">\u00a0Gracia a ese libro cada vez mas empresas le dan empleo y aceptan ese comportamiento en ellas.<\/span><\/div>\n<div class=\"MsoNormal\"><span class=\"Apple-style-span\" style=\"font-family: Arial, Helvetica, sans-serif\">\u00a0En el post anterior hable de las teor\u00edas de <strong>E. Bono<\/strong> para aumentar la creatividad, el se hizo millonario vendi\u00e9ndole ese sistema a las empresas, con resultados controversiales. Ya que no todos tienen la capacidad para crear y eso tiene una base fisiol\u00f3gica, bastante fuerte.<\/span><\/div>\n<div class=\"MsoNormal\"><span class=\"Apple-style-span\" style=\"font-family: Arial, Helvetica, sans-serif\">\u00a0Ellos encontraron quince comportamientos que se dan en las personas exc\u00e9ntricas. Los 5 primeros se dan en todas. Los dem\u00e1s se dan pero no en todos:<\/span><\/div>\n<ul style=\"margin-top: 0cm\" type=\"disc\">\n<li class=\"MsoNormal\"><strong><span class=\"Apple-style-span\" style=\"font-family: Arial, Helvetica, sans-serif\">Inconformista;<\/span><\/strong><\/li>\n<li class=\"MsoNormal\"><strong><span class=\"Apple-style-span\" style=\"font-family: Arial, Helvetica, sans-serif\">creativa;<\/span><\/strong><\/li>\n<li class=\"MsoNormal\"><strong><span class=\"Apple-style-span\" style=\"font-family: Arial, Helvetica, sans-serif\">fuertemente motivados por la curiosidad;<\/span><\/strong><\/li>\n<li class=\"MsoNormal\"><strong><span class=\"Apple-style-span\" style=\"font-family: Arial, Helvetica, sans-serif\">idealista, quiere hacer del mundo un lugar mejor y la gente en lo m\u00e1s feliz;<\/span><\/strong><\/li>\n<li class=\"MsoNormal\"><strong><span class=\"Apple-style-span\" style=\"font-family: Arial, Helvetica, sans-serif\">feliz obsesionado con uno o m\u00e1s Hobby (por lo general, cinco o seis);<\/span><\/strong><\/li>\n<li class=\"MsoNormal\"><span class=\"Apple-style-span\" style=\"font-family: Arial, Helvetica, sans-serif\">cuenta desde la primera infancia que es diferente;<\/span><\/li>\n<li class=\"MsoNormal\"><span class=\"Apple-style-span\" style=\"font-family: Arial, Helvetica, sans-serif\">inteligente;<\/span><\/li>\n<li class=\"MsoNormal\"><span class=\"Apple-style-span\" style=\"font-family: Arial, Helvetica, sans-serif\">obstinado y abierta; convencido de que es correcto y que el resto del mundo est\u00e1 fuera de sinton\u00eda;<\/span><\/li>\n<li class=\"MsoNormal\"><span class=\"Apple-style-span\" style=\"font-family: Arial, Helvetica, sans-serif\"><strong>no competitivo<\/strong>, no en la necesidad de apoyo psicol\u00f3gico o el refuerzo de la sociedad;<\/span><\/li>\n<li class=\"MsoNormal\"><span class=\"Apple-style-span\" style=\"font-family: Arial, Helvetica, sans-serif\">inusual en sus h\u00e1bitos alimenticios y de vida; no particularmente;<\/span><\/li>\n<li class=\"MsoNormal\"><span class=\"Apple-style-span\" style=\"font-family: Arial, Helvetica, sans-serif\">dotados de un travieso sentido del humor;<\/span><\/li>\n<li class=\"MsoNormal\"><span class=\"Apple-style-span\" style=\"font-family: Arial, Helvetica, sans-serif\">solitaria;<\/span><\/li>\n<li class=\"MsoNormal\"><span class=\"Apple-style-span\" style=\"font-family: Arial, Helvetica, sans-serif\">por lo general primog\u00e9nito o un hijo \u00fanico, y<\/span><\/li>\n<li class=\"MsoNormal\"><span class=\"Apple-style-span\" style=\"font-family: Arial, Helvetica, sans-serif\">\u00a0muy mala ortografia.<\/span><\/li>\n<li class=\"MsoNormal\"><span class=\"Apple-style-span\" style=\"font-family: Arial, Helvetica, sans-serif\">interesado en las opiniones o compa\u00f1\u00eda de otras personas, excepto con el fin de persuadirlos de que su &#8211; la correcta &#8211; el punto de vista<\/span><\/li>\n<\/ul>\n<div class=\"MsoNormal\"><span class=\"Apple-style-span\" style=\"font-family: Arial, Helvetica, sans-serif\">\u00a0Ese estudio fue controversial, pero a pesar que estudios posteriores apoyaron las caracteristicas antes expuestas. Han sido modificada.<\/span><\/div>\n<div class=\"MsoNormal\"><span class=\"Apple-style-span\" style=\"font-family: Arial, Helvetica, sans-serif\">\u00a0Por lo menos en los test de personalidad los esquizotipicos suelen ser mas inteligente y tener mas creatividad que el grupo de control.<\/span><\/div>\n<div class=\"MsoNormal\"><span class=\"Apple-style-span\" style=\"font-family: Arial, Helvetica, sans-serif\">\u00a0Pero ello no significa que todos los esquizotipicos sean creativos, de hecho no significa que todos los exc\u00e9ntricos sen muy creativos.<\/span><\/div>\n<div class=\"MsoNormal\"><span class=\"Apple-style-span\" style=\"font-family: Arial, Helvetica, sans-serif\">Las personalidades esquizotipicas han sido muy estudiadas. \u00a0<strong>Cynthia A. Meyersburg <\/strong>de la universidad de Harvard encontr\u00f3 que los esquizotipicos con\u00a0 una inteligencia promedio, encontro que los participantes del estudio que punt\u00faan alto en una medida de la <strong>actividad creativa en las artes<\/strong> son m\u00e1s propensos a apoyar pensamiento m\u00e1gico-como la creencia en la comunicaci\u00f3n telep\u00e1tica, sue\u00f1os que presagian el futuro, y los recuerdos de vidas pasadas.\u00a0Estos participantes tambi\u00e9n tienen m\u00e1s probabilidades de dar fe de experiencias perceptivas inusuales, tales como tener d\u00e9j\u00e0 vu frecuentes y escuchar voces susurrando en el viento.<\/span><\/div>\n<div class=\"MsoNormal\"><span class=\"Apple-style-span\" style=\"font-family: Arial, Helvetica, sans-serif\">\u00a0Pero como ella misma dice, <strong>el tener una una personalidad de ese tipo no necesariamente las hace creativa.<\/strong><\/span><\/div>\n<div class=\"MsoNormal\"><span class=\"Apple-style-span\" style=\"font-family: Arial, Helvetica, sans-serif\">\u00a0Ella es coautora de la teor\u00eda de \u201cla <strong><a href=\"http:\/\/publications.cpa-apc.org\/browse\/documents\/542\">\u00abvulnerabilidad compartida<\/a><\/strong>\u201d\u201d afirma que la desinhibici\u00f3n cognoscitiva juega un papel fundamental en esto.<\/span><\/div>\n<div class=\"MsoNormal\"><span class=\"Apple-style-span\" style=\"font-family: Arial, Helvetica, sans-serif\">\u00a0Esa desinhibici\u00f3n significa en ignorar la informaci\u00f3n que es irrelevante para los objetivos o la supervivencia.<\/span><\/div>\n<div class=\"MsoNormal\"><span class=\"Apple-style-span\" style=\"font-family: Arial, Helvetica, sans-serif\">\u00a0Nosoros tenemos filtros mentales que esconde la mayoria de las se\u00f1ales que suceden o entra en nuestro cerebro.<\/span><\/div>\n<div class=\"MsoNormal\"><span class=\"Apple-style-span\" style=\"font-family: Arial, Helvetica, sans-serif\">\u00a0Si nos di\u00e9ramos cuenta de toda la informaci\u00f3n que llega a nuestro cerebro seriamos desbordados. Gracias a ellos es que funcionamos.<\/span><\/div>\n<div class=\"MsoNormal\"><span class=\"Apple-style-span\" style=\"font-family: Arial, Helvetica, sans-serif\">\u00a0Ahora bien las personas con esquizofrenia o esquizotipicos tienen un funcionamiento reducido en los filtros LI (para saber eso<strong><a href=\"http:\/\/publications.cpa-apc.org\/media.php?mid=1131\"> leer el articulo del link<\/a><\/strong>) eso permite que llegue mas informaci\u00f3n a nuestra conciencia y permite las alucinaciones, ver personas que no existen (<strong>Nash<\/strong>) pero tambien las ideas inusuales<\/span><\/div>\n<div class=\"MsoNormal\"><span class=\"Apple-style-span\" style=\"font-family: Arial, Helvetica, sans-serif\">\u00a0Claro la mayor\u00eda de las personas con ideas delirantes no producen ideas geniales, para que sean creativos tambien tienen que tener un alto nivel de capacidades cognoscitivas asociadas.<\/span><\/div>\n<div class=\"MsoNormal\"><span class=\"Apple-style-span\" style=\"font-family: Arial, Helvetica, sans-serif\">\u00a0Es por esa raz\u00f3n que se suelen centrar en su mundo interior.<\/span><\/div>\n<div class=\"separator\" style=\"clear: both;text-align: center\"><a href=\"https:\/\/i0.wp.com\/2.bp.blogspot.com\/-_O_r_hExsQQ\/TqL2SzDZpmI\/AAAAAAAAEMM\/5QMPm0d5a1E\/s1600\/Dali.Gala.Lincoln.20meters.jpg\"><img data-recalc-dims=\"1\" loading=\"lazy\" decoding=\"async\" src=\"https:\/\/i0.wp.com\/2.bp.blogspot.com\/-_O_r_hExsQQ\/TqL2SzDZpmI\/AAAAAAAAEMM\/5QMPm0d5a1E\/s400\/Dali.Gala.Lincoln.20meters.jpg?resize=306%2C400\" alt=\"\" width=\"306\" height=\"400\" border=\"0\" \/><\/a><\/div>\n<div class=\"MsoNormal\"><span class=\"Apple-style-span\" style=\"font-family: Arial, Helvetica, sans-serif\"><br \/>\n<\/span><\/div>\n<div class=\"MsoNormal\"><span class=\"Apple-style-span\" style=\"font-family: Arial, Helvetica, sans-serif;font-size: large\">\u00a0III<\/span><\/div>\n<div class=\"MsoNormal\"><span class=\"Apple-style-span\" style=\"font-family: Arial, Helvetica, sans-serif\"><strong>Shelley H Carson y Jordania Peterson<\/strong> encontraron que las personas altamente creativas mostraban mas desinhibici\u00f3n cognitiva que las personas normales, ellas piensan que como permiten \u00a0que entre mas a la conciencia esta puede ser reprocesado y recombinado dando lugar a ideas creativas.<\/span><\/div>\n<div class=\"MsoNormal\"><span class=\"Apple-style-span\" style=\"font-family: Arial, Helvetica, sans-serif\">\u00a0Los estudios con electroencefalograma apoyan esa teoria. Y se ha encontrado que las personas creativas suelen tener mas ondas alfa (12 hertz) que las menos creativas.<\/span><\/div>\n<div class=\"MsoNormal\"><span class=\"Apple-style-span\" style=\"font-family: Arial, Helvetica, sans-serif\">\u00a0Es parecido a desenfocar la vista pero en la mente, lo que permite obtener mas informaci\u00f3n de ella. Y eso tambi\u00e9n explica las excentricidades.<\/span><\/div>\n<div class=\"MsoNormal\"><span class=\"Apple-style-span\" style=\"font-family: Arial, Helvetica, sans-serif\">\u00a0En el 2009 se publico un estudio con PET y Resonancia magn\u00e9tica que encontr\u00f3 que la actividad alfa precede a la gamma (encima de 40 hertz) que es cuando la soluci\u00f3n llega a la conciencia.<\/span><\/div>\n<div class=\"MsoNormal\"><span class=\"Apple-style-span\" style=\"font-family: Arial, Helvetica, sans-serif\">\u00a0Tambien encontraron que los receptores de dopamina D2 en la regi\u00f3n subcortical era menor en las personas exc\u00e9ntricas y creativas (pero tambi\u00e9n en los esquizofr\u00e9nicos).<\/span><\/div>\n<div class=\"MsoNormal\"><span class=\"Apple-style-span\" style=\"font-family: Arial, Helvetica, sans-serif\">\u00a0Pero ser creativo no solo es necesario una base biol\u00f3gica, tambi\u00e9n requiere de alto coeficiente y una gran capacidad de trabajo.<strong> Beethoven<\/strong> \u00a0podia no ba\u00f1arse durante meses, pero tambi\u00e9n trabajaba duro todos los d\u00edas.<\/span><\/div>\n<div class=\"MsoNormal\"><span class=\"Apple-style-span\" style=\"font-family: Arial, Helvetica, sans-serif\">\u00a0Esto es que a pesar de tener todo, el trabajo continuo en su obsesi\u00f3n debe ser continuo y esas rarezas, que llamamos excentricidades son solo un subproducto de factores neuroqu\u00edmicos y gen\u00e9ticos, que le dan esa cualidad para cambiar al mundo y ver lo que la mayor\u00eda de nosotros no puede ver.<\/span><\/div>\n<div class=\"MsoNormal\"><span class=\"Apple-style-span\" style=\"font-family: Arial, Helvetica, sans-serif;font-size: large\"><br \/>\n<\/span><\/div>\n<div class=\"MsoNormal\"><span class=\"Apple-style-span\" style=\"font-family: Arial, Helvetica, sans-serif\">Puede que las tecnicas similares o mejoradas a las de <a href=\"http:\/\/en.wikipedia.org\/wiki\/Edward_de_Bono\"><strong>edwar dbono<\/strong><\/a> ayuden a todos a ser rmas creativos, pero al mundo siempre le hara falta esa de colorido que solo los exc\u00e9ntricos le pueden dar<\/span><\/div>\n","protected":false},"excerpt":{"rendered":"<p>Ya hace 2500 a\u00f1os Aristoteles y Platon, me imagino que viendo el ejemplo de Di\u00f3genes reflexionaron sobre la creatividad y pensaron que era una especie de subproducto de la depresi\u00f3n que sol\u00edan sufrir los poetas y dramaturgos. \u00a0Esa observaci\u00f3n es cierta. \u00a0Pero habian muchas guerras que pelear y muchos dioses en los cuales creer, por [&hellip;]<\/p>\n","protected":false},"author":1033,"featured_media":0,"comment_status":"open","ping_status":"open","sticky":false,"template":"","format":"standard","meta":{"jetpack_post_was_ever_published":false,"_jetpack_newsletter_access":"","_jetpack_dont_email_post_to_subs":false,"_jetpack_newsletter_tier_id":0,"_jetpack_memberships_contains_paywalled_content":false,"_jetpack_memberships_contains_paid_content":false,"footnotes":"","jetpack_publicize_message":"","jetpack_publicize_feature_enabled":true,"jetpack_social_post_already_shared":false,"jetpack_social_options":{"image_generator_settings":{"template":"highway","default_image_id":0,"font":"","enabled":false},"version":2}},"categories":[2439],"tags":[],"class_list":{"0":"post-18705","1":"post","2":"type-post","3":"status-publish","4":"format-standard","6":"category-arte"},"jetpack_publicize_connections":[],"jetpack_featured_media_url":"","jetpack_shortlink":"https:\/\/wp.me\/pfpCD-4RH","jetpack_sharing_enabled":true,"_links":{"self":[{"href":"https:\/\/www.panfletonegro.com\/v\/wp-json\/wp\/v2\/posts\/18705","targetHints":{"allow":["GET"]}}],"collection":[{"href":"https:\/\/www.panfletonegro.com\/v\/wp-json\/wp\/v2\/posts"}],"about":[{"href":"https:\/\/www.panfletonegro.com\/v\/wp-json\/wp\/v2\/types\/post"}],"author":[{"embeddable":true,"href":"https:\/\/www.panfletonegro.com\/v\/wp-json\/wp\/v2\/users\/1033"}],"replies":[{"embeddable":true,"href":"https:\/\/www.panfletonegro.com\/v\/wp-json\/wp\/v2\/comments?post=18705"}],"version-history":[{"count":0,"href":"https:\/\/www.panfletonegro.com\/v\/wp-json\/wp\/v2\/posts\/18705\/revisions"}],"wp:attachment":[{"href":"https:\/\/www.panfletonegro.com\/v\/wp-json\/wp\/v2\/media?parent=18705"}],"wp:term":[{"taxonomy":"category","embeddable":true,"href":"https:\/\/www.panfletonegro.com\/v\/wp-json\/wp\/v2\/categories?post=18705"},{"taxonomy":"post_tag","embeddable":true,"href":"https:\/\/www.panfletonegro.com\/v\/wp-json\/wp\/v2\/tags?post=18705"}],"curies":[{"name":"wp","href":"https:\/\/api.w.org\/{rel}","templated":true}]}}