{"id":18667,"date":"2011-10-21T00:19:37","date_gmt":"2011-10-21T04:49:37","guid":{"rendered":"http:\/\/www.panfletonegro.com\/v\/?p=18667"},"modified":"2011-10-21T00:19:37","modified_gmt":"2011-10-21T04:49:37","slug":"cadaver-exquisito","status":"publish","type":"post","link":"https:\/\/www.panfletonegro.com\/v\/2011\/10\/21\/cadaver-exquisito\/","title":{"rendered":"Cad\u00e1ver Exquisito I"},"content":{"rendered":"<p style=\"text-align: center\"><img data-recalc-dims=\"1\" loading=\"lazy\" decoding=\"async\" data-attachment-id=\"18668\" data-permalink=\"https:\/\/www.panfletonegro.com\/v\/2011\/10\/21\/cadaver-exquisito\/dsc_5366\/\" data-orig-file=\"https:\/\/i0.wp.com\/www.panfletonegro.com\/v\/wp-content\/uploads\/2011\/10\/DSC_5366.jpg?fit=1451%2C2251&amp;ssl=1\" data-orig-size=\"1451,2251\" data-comments-opened=\"1\" data-image-meta=\"{&quot;aperture&quot;:&quot;0&quot;,&quot;credit&quot;:&quot;&quot;,&quot;camera&quot;:&quot;&quot;,&quot;caption&quot;:&quot;&quot;,&quot;created_timestamp&quot;:&quot;0&quot;,&quot;copyright&quot;:&quot;&quot;,&quot;focal_length&quot;:&quot;0&quot;,&quot;iso&quot;:&quot;0&quot;,&quot;shutter_speed&quot;:&quot;0&quot;,&quot;title&quot;:&quot;&quot;}\" data-image-title=\"Sin T\u00edtulo: Andrzej Krupinski\" data-image-description=\"\" data-image-caption=\"\" data-large-file=\"https:\/\/i0.wp.com\/www.panfletonegro.com\/v\/wp-content\/uploads\/2011\/10\/DSC_5366.jpg?fit=660%2C1024&amp;ssl=1\" class=\"aligncenter size-large wp-image-18668\" src=\"https:\/\/i0.wp.com\/www.panfletonegro.com\/v\/wp-content\/uploads\/2011\/10\/DSC_5366-660x1024.jpg?resize=422%2C655\" alt=\"Sin T\u00edtulo: Andrzej Krupinski\" width=\"422\" height=\"655\" srcset=\"https:\/\/i0.wp.com\/www.panfletonegro.com\/v\/wp-content\/uploads\/2011\/10\/DSC_5366.jpg?resize=660%2C1024&amp;ssl=1 660w, https:\/\/i0.wp.com\/www.panfletonegro.com\/v\/wp-content\/uploads\/2011\/10\/DSC_5366.jpg?resize=193%2C300&amp;ssl=1 193w, https:\/\/i0.wp.com\/www.panfletonegro.com\/v\/wp-content\/uploads\/2011\/10\/DSC_5366.jpg?w=1451&amp;ssl=1 1451w, https:\/\/i0.wp.com\/www.panfletonegro.com\/v\/wp-content\/uploads\/2011\/10\/DSC_5366.jpg?w=1392&amp;ssl=1 1392w\" sizes=\"auto, (max-width: 422px) 100vw, 422px\" \/><\/p>\n<p>Todav\u00eda puedo ver sus rostros lament\u00e1ndose desde aqu\u00ed, a pesar de la oscuridad. A veces llego a o\u00edr el murmullo ahogado de sus gargantas gastadas, arrepentidas por haber ensuciado el cielo. No recuerdo c\u00f3mo ni porque, el cu\u00e1ndo tambi\u00e9n se escap\u00f3 hace mucho, pero un d\u00eda \u2014o una noche, tal vez\u2014 las llanuras azules que cubr\u00edan nuestras cabezas eran ahora negras como el holl\u00edn. Decid\u00ed entonces, quiz\u00e1s por vocaci\u00f3n de artista frustrado o por nostalgia empedernida, devolverle el color a los cielos a pinceladas.<\/p>\n<p>Mi andamiaje de pintor es una c\u00e1rcel corcel con vida propia, fuerte e incansable, decorada con el azul que no quiero olvidar y que con paciencia trato de revivir. Hasta me procur\u00e9 una gran tela para no caer en la negligencia de ensuciar el suelo con mi trabajo, es suficiente tener que preocuparme con la b\u00f3veda celeste para no condenar a otra alma a hacerle el mismo servicio a la tierra.<\/p>\n<p style=\"text-align: left\">Y aunque inevitablemente solitario en la faena no estoy solo en mis d\u00edas, siempre me acompa\u00f1a un caracol ardiente que ancla mi cordura con historias de ciudades vivientes y \u00e9xodos de fuego. Sin embargo reconozco que mi oficio ha hecho estragos en mi sanidad, a pesar de la compa\u00f1\u00eda, a pesar del empe\u00f1o de mi pincel. Confieso ver a veces, entre el negro imperante, a una figura infantil que siento m\u00eda. M\u00eda quiz\u00e1s por ser fruto de mi vientre o m\u00eda por ser el recuerdo de d\u00edas iluminados. Pero buscando a ese ni\u00f1o furtivo empiezo a ver algo del color que tanta falta me hac\u00eda, y s\u00e9 que a\u00fan queda mucho trabajo por hacer. El cielo necesita otra mano de pintura.<\/p>\n<p style=\"text-align: right\">Saul Rojas Blonval<\/p>\n","protected":false},"excerpt":{"rendered":"<p>Todav\u00eda puedo ver sus rostros lament\u00e1ndose desde aqu\u00ed, a pesar de la oscuridad. A veces llego a o\u00edr el murmullo ahogado de sus gargantas gastadas, arrepentidas por haber ensuciado el cielo. No recuerdo c\u00f3mo ni porque, el cu\u00e1ndo tambi\u00e9n se escap\u00f3 hace mucho, pero un d\u00eda \u2014o una noche, tal vez\u2014 las llanuras azules que [&hellip;]<\/p>\n","protected":false},"author":1806,"featured_media":18668,"comment_status":"open","ping_status":"open","sticky":false,"template":"","format":"standard","meta":{"jetpack_post_was_ever_published":false,"_jetpack_newsletter_access":"","_jetpack_dont_email_post_to_subs":false,"_jetpack_newsletter_tier_id":0,"_jetpack_memberships_contains_paywalled_content":false,"_jetpack_memberships_contains_paid_content":false,"footnotes":"","jetpack_publicize_message":"","jetpack_publicize_feature_enabled":true,"jetpack_social_post_already_shared":false,"jetpack_social_options":{"image_generator_settings":{"template":"highway","default_image_id":0,"font":"","enabled":false},"version":2}},"categories":[1],"tags":[1418,277,1417,1265,1373,1419],"class_list":{"0":"post-18667","1":"post","2":"type-post","3":"status-publish","4":"format-standard","5":"has-post-thumbnail","7":"category-azares","8":"tag-andrzej-krupinski","9":"tag-arte-tag","10":"tag-cadaver-exquisito","11":"tag-pintura","12":"tag-relato-corto","13":"tag-saul-rojas-blonval"},"jetpack_publicize_connections":[],"jetpack_featured_media_url":"https:\/\/i0.wp.com\/www.panfletonegro.com\/v\/wp-content\/uploads\/2011\/10\/DSC_5366.jpg?fit=1451%2C2251&ssl=1","jetpack_shortlink":"https:\/\/wp.me\/pfpCD-4R5","jetpack_sharing_enabled":true,"_links":{"self":[{"href":"https:\/\/www.panfletonegro.com\/v\/wp-json\/wp\/v2\/posts\/18667","targetHints":{"allow":["GET"]}}],"collection":[{"href":"https:\/\/www.panfletonegro.com\/v\/wp-json\/wp\/v2\/posts"}],"about":[{"href":"https:\/\/www.panfletonegro.com\/v\/wp-json\/wp\/v2\/types\/post"}],"author":[{"embeddable":true,"href":"https:\/\/www.panfletonegro.com\/v\/wp-json\/wp\/v2\/users\/1806"}],"replies":[{"embeddable":true,"href":"https:\/\/www.panfletonegro.com\/v\/wp-json\/wp\/v2\/comments?post=18667"}],"version-history":[{"count":0,"href":"https:\/\/www.panfletonegro.com\/v\/wp-json\/wp\/v2\/posts\/18667\/revisions"}],"wp:featuredmedia":[{"embeddable":true,"href":"https:\/\/www.panfletonegro.com\/v\/wp-json\/wp\/v2\/media\/18668"}],"wp:attachment":[{"href":"https:\/\/www.panfletonegro.com\/v\/wp-json\/wp\/v2\/media?parent=18667"}],"wp:term":[{"taxonomy":"category","embeddable":true,"href":"https:\/\/www.panfletonegro.com\/v\/wp-json\/wp\/v2\/categories?post=18667"},{"taxonomy":"post_tag","embeddable":true,"href":"https:\/\/www.panfletonegro.com\/v\/wp-json\/wp\/v2\/tags?post=18667"}],"curies":[{"name":"wp","href":"https:\/\/api.w.org\/{rel}","templated":true}]}}