{"id":18037,"date":"2011-09-22T00:01:58","date_gmt":"2011-09-22T04:31:58","guid":{"rendered":"http:\/\/www.panfletonegro.com\/v\/?p=18037"},"modified":"2011-09-22T02:42:04","modified_gmt":"2011-09-22T07:12:04","slug":"18037","status":"publish","type":"post","link":"https:\/\/www.panfletonegro.com\/v\/2011\/09\/22\/18037\/","title":{"rendered":"Esta ciudad huele mal"},"content":{"rendered":"<p><a href=\"http:\/\/vbueno.files.wordpress.com\/2011\/09\/esta-ciudad-huele-mal.png\"><img data-recalc-dims=\"1\" loading=\"lazy\" decoding=\"async\" class=\"aligncenter size-full wp-image-955\" src=\"http:\/\/vbueno.files.wordpress.com\/2011\/09\/esta-ciudad-huele-mal.png?resize=132%2C192\" alt=\"\" width=\"132\" height=\"192\" \/><\/a><\/p>\n<h2 style=\"text-align: center;\">Esta ciudad huele mal<\/h2>\n<p>&nbsp;<\/p>\n<pre>\u00a0\r\nA gasolina y a alba\u00f1al \u00a0\r\nNo hace falta un dineral \u00a0\r\nPara que te quieran matar \u00a0\r\nAlgo est\u00e1 muy mal en esta ciudad \u00a0\r\n\r\nEn sus cloacas \u00a0\r\nEn sus fachadas de cristal \u00a0\r\nEn sus quincenas y esperas \u00a0\r\nEn sus v\u00edsperas y fiestas \u00a0\r\n\r\nEl moho de su rutina nos intoxica \u00a0\r\nEn sus amores de conveniencia \u00a0\r\nEn su hip\u00f3crita cortes\u00eda \u00a0\r\nY sus traicioneras buenas maneras \u00a0\r\n\r\nVamos a tenerla que arreglar \u00a0\r\nVamos a declararnos en huelga \u00a0\r\nQue nadie ma\u00f1ana venga a trabajar \u00a0\r\nVamos a tomarnos vacaciones masivas \u00a0\r\n\r\nVamos a sacar tiempo para pensar \u00a0\r\nQue vamos a hacer con esta ciudad \u00a0\r\n\r\nVamos a lavarla con creolina \u00a0\r\nVamos subir los sueldos \u00a0\r\nA bajar los precios \u00a0\r\nY a acortar la jornada laboral \u00a0\r\n\r\nQue ma\u00f1ana sea d\u00eda de j\u00fabilo nacional \u00a0\r\nPorque refundaremos a esta ciudad  \u00a0\r\nVamos a importar m\u00e1s chicas bonitas \u00a0\r\nLa vamos a atiborrar de parques \u00a0\r\nEscaleras mec\u00e1nicas y fuentecitas \u00a0\r\n\r\nLa cerveza deber\u00e1 ser gratuita \u00a0\r\nAs\u00ed como la comida \u00a0\r\nPorque nos va a dar hambre \u00a0\r\nTanta desacostumbrada alegr\u00eda<\/pre>\n<pre style=\"text-align: right;\"><strong>VABM<\/strong> 21-sep-11<\/pre>\n<pre style=\"text-align: right;\"><a title=\"http:\/\/vbueno.wordpress.com\/2011\/09\/21\/esta-ciudad-huele-mal\/\" href=\"http:\/\/vbueno.wordpress.com\/2011\/09\/21\/esta-ciudad-huele-mal\/\" target=\"_blank\">http:\/\/vbueno.wordpress.com\/2011\/09\/21\/esta-ciudad-huele-mal\/<\/a><\/pre>\n<pre style=\"text-align: right;\"><a title=\"http:\/\/www.safecreative.org\/buy\/1109220110946\" href=\"http:\/\/www.safecreative.org\/buy\/1109220110946\" target=\"_blank\">http:\/\/www.safecreative.org\/buy\/1109220110946<\/a>\r\n<a href=\"http:\/\/www.safecreative.org\/buy\/1109220110946\"><img decoding=\"async\" style=\"border: 0;\" src=\"http:\/\/resources.safecreative.org\/forcommons\/1109220110946\/label\/barcode-comprarlicenciar-72\" alt=\"Safe Creative #1109220110946\" \/><\/a><\/pre>\n","protected":false},"excerpt":{"rendered":"<p>victor bueno<\/p>\n","protected":false},"author":1124,"featured_media":0,"comment_status":"open","ping_status":"open","sticky":false,"template":"","format":"standard","meta":{"jetpack_post_was_ever_published":false,"_jetpack_newsletter_access":"","_jetpack_dont_email_post_to_subs":false,"_jetpack_newsletter_tier_id":0,"_jetpack_memberships_contains_paywalled_content":false,"_jetpack_memberships_contains_paid_content":false,"footnotes":"","jetpack_publicize_message":"","jetpack_publicize_feature_enabled":true,"jetpack_social_post_already_shared":false,"jetpack_social_options":{"image_generator_settings":{"template":"highway","default_image_id":0,"font":"","enabled":false},"version":2}},"categories":[2],"tags":[282],"class_list":{"0":"post-18037","1":"post","2":"type-post","3":"status-publish","4":"format-standard","6":"category-poesia","7":"tag-victor-bueno"},"jetpack_publicize_connections":[],"jetpack_featured_media_url":"","jetpack_shortlink":"https:\/\/wp.me\/sfpCD-18037","jetpack_sharing_enabled":true,"_links":{"self":[{"href":"https:\/\/www.panfletonegro.com\/v\/wp-json\/wp\/v2\/posts\/18037","targetHints":{"allow":["GET"]}}],"collection":[{"href":"https:\/\/www.panfletonegro.com\/v\/wp-json\/wp\/v2\/posts"}],"about":[{"href":"https:\/\/www.panfletonegro.com\/v\/wp-json\/wp\/v2\/types\/post"}],"author":[{"embeddable":true,"href":"https:\/\/www.panfletonegro.com\/v\/wp-json\/wp\/v2\/users\/1124"}],"replies":[{"embeddable":true,"href":"https:\/\/www.panfletonegro.com\/v\/wp-json\/wp\/v2\/comments?post=18037"}],"version-history":[{"count":0,"href":"https:\/\/www.panfletonegro.com\/v\/wp-json\/wp\/v2\/posts\/18037\/revisions"}],"wp:attachment":[{"href":"https:\/\/www.panfletonegro.com\/v\/wp-json\/wp\/v2\/media?parent=18037"}],"wp:term":[{"taxonomy":"category","embeddable":true,"href":"https:\/\/www.panfletonegro.com\/v\/wp-json\/wp\/v2\/categories?post=18037"},{"taxonomy":"post_tag","embeddable":true,"href":"https:\/\/www.panfletonegro.com\/v\/wp-json\/wp\/v2\/tags?post=18037"}],"curies":[{"name":"wp","href":"https:\/\/api.w.org\/{rel}","templated":true}]}}