{"id":17998,"date":"2011-09-20T01:10:50","date_gmt":"2011-09-20T05:40:50","guid":{"rendered":"http:\/\/www.panfletonegro.com\/v\/?p=17998"},"modified":"2011-09-20T01:10:50","modified_gmt":"2011-09-20T05:40:50","slug":"cronica-del-festival-de-san-sebastian-segundo-capitulo","status":"publish","type":"post","link":"https:\/\/www.panfletonegro.com\/v\/2011\/09\/20\/cronica-del-festival-de-san-sebastian-segundo-capitulo\/","title":{"rendered":"Cr\u00f3nica del Festival de San Sebasti\u00e1n: Segundo Cap\u00edtulo"},"content":{"rendered":"<p><a href=\"https:\/\/i0.wp.com\/www.panfletonegro.com\/v\/wp-content\/uploads\/2011\/09\/Martha.jpg\"><img data-recalc-dims=\"1\" loading=\"lazy\" decoding=\"async\" data-attachment-id=\"17999\" data-permalink=\"https:\/\/www.panfletonegro.com\/v\/2011\/09\/20\/cronica-del-festival-de-san-sebastian-segundo-capitulo\/martha\/\" data-orig-file=\"https:\/\/i0.wp.com\/www.panfletonegro.com\/v\/wp-content\/uploads\/2011\/09\/Martha.jpg?fit=447%2C511&amp;ssl=1\" data-orig-size=\"447,511\" data-comments-opened=\"1\" data-image-meta=\"{&quot;aperture&quot;:&quot;0&quot;,&quot;credit&quot;:&quot;&quot;,&quot;camera&quot;:&quot;&quot;,&quot;caption&quot;:&quot;&quot;,&quot;created_timestamp&quot;:&quot;0&quot;,&quot;copyright&quot;:&quot;&quot;,&quot;focal_length&quot;:&quot;0&quot;,&quot;iso&quot;:&quot;0&quot;,&quot;shutter_speed&quot;:&quot;0&quot;,&quot;title&quot;:&quot;&quot;}\" data-image-title=\"Martha\" data-image-description=\"\" data-image-caption=\"\" data-large-file=\"https:\/\/i0.wp.com\/www.panfletonegro.com\/v\/wp-content\/uploads\/2011\/09\/Martha.jpg?fit=447%2C511&amp;ssl=1\" src=\"https:\/\/i0.wp.com\/www.panfletonegro.com\/v\/wp-content\/uploads\/2011\/09\/Martha-262x300.jpg?resize=262%2C300\" alt=\"\" title=\"Martha\" width=\"262\" height=\"300\" class=\"alignnone size-medium wp-image-17999\" srcset=\"https:\/\/i0.wp.com\/www.panfletonegro.com\/v\/wp-content\/uploads\/2011\/09\/Martha.jpg?resize=262%2C300&amp;ssl=1 262w, https:\/\/i0.wp.com\/www.panfletonegro.com\/v\/wp-content\/uploads\/2011\/09\/Martha.jpg?w=447&amp;ssl=1 447w\" sizes=\"auto, (max-width: 262px) 100vw, 262px\" \/><\/a><br \/>\nHoy fue el d\u00eda internacional de la mujer en Festival de San Sebasti\u00e1n y lo rese\u00f1amos por aqu\u00ed con los pies hinchados, el estomago revuelto y ligeros s\u00edntomas de fotofobia. Tanta exposici\u00f3n a la gran pantalla amenaza con agotar nuestros ojos antes de tiempo.<\/p>\n<p>Por lo pronto, cumplimos los principales objetivos trazados en el cronograma de la jornada. Solo dejamos para el repechaje de ma\u00f1ana, la proyecci\u00f3n de la joyita de Venecia, \u201cShame\u201d. Aqu\u00ed son las ocho y la pasan a las diez y media. Si entramos,de seguro nos quedamos rendidos a los primeros cinco minutos. Por ello, vamos por la repesca del domingo.<\/p>\n<p>En general,pudimos disfrutar de tres pel\u00edculas de inter\u00e9s,dentro y fuera de la competencia. De la selecci\u00f3n oficial, agarramos la nueva de Kim Ki Duk, \u201cAmen\u201d, casi de milagro, despu\u00e9s de una trifulca entre la prensa y la organizaci\u00f3n del certamen, por la venta de boletos para una funci\u00f3n exclusiva de comunicadores y afines. De haberlo permitido, se convertir\u00eda en rutina y adi\u00f3s Festival para nosotros. De repente se trat\u00f3 de un mal entendido. Algunos lo vieron como un experimento fallido. Por fortuna,el esp\u00edritu de los indignados renaci\u00f3 en nosotros e impedimos el \u00e9xito de la operaci\u00f3n. Alrededor de la sala, horas m\u00e1s tarde, acontecer\u00eda una marcha de protesta por un asunto local.<\/p>\n<p>En consecuencia, hab\u00eda un clima enrarecido y tenso. Kim Ki Duk pag\u00f3 los platos rotos, la vajilla entera y acabo siendo el chivo expiatorio, el Lars Von Trier, la rara avis o el ex\u00f3tico amigo oriental de la velada. Todo junto. El mismo papel recay\u00f3 el a\u00f1o pasado en la figura de otro realizador de Corea del Sur, Kim Ji-woon, por la sangrienta y ultragore, \u201cI Saw the Devil\u201d, acusada de fungir de infiltrada de la semana de terror en la impoluta selecci\u00f3n oficial del Festival. Fruto de los gustos del presidente Rebordinos por el cine de g\u00e9nero puro y duro. Ah\u00ed lo acompa\u00f1amos hasta la muerte y somos incondicionales de su arriesgada curadur\u00eda.<\/p>\n<p>Sin embargo, la mayor\u00eda piensa distinto y considera \u201cI Saw The Devil\u201d una aberraci\u00f3n, as\u00ed como condenan a \u201cAmen\u201d a la hoguera de las obras fallidas y menores de su autor, quien ciertamente las hizo mejores (\u201cHierro 3\u2033 y \u201cLa Isla\u201d, por ejemplo). Incluso, nos confes\u00f3 una verdad en rueda de prensa: \u201cAm\u00e9n\u201d iba a ser proyectada fuera de concurso y al arribar a Donostia, el director se enter\u00f3 de su inclusi\u00f3n en la competencia. De manera ingenua, se teji\u00f3 una soga para su cuello y los cr\u00edticos ya empezaron a com\u00e9rselo vivo. Pura correcci\u00f3n pol\u00edtica de los colegas, porque Kim se port\u00f3 a la altura en la rueda de prensa. Quiz\u00e1s su brutal honestidad cay\u00f3 pesada a la concurrencia. Pero por nuestro lado, apreciamos su humor negro y su pacto con la inteligencia del mal. Al concluir, nos acercarnos, le estrechamos la mano, nos firm\u00f3 el programa y nos despedimos con una reverencia al estilo \u201cKarate Kid\u201d. El devolvi\u00f3 el gesto con una grata sonrisa y devino en nuestro profesor Miyagi por unos cuantos segundos. Es un tipo entra\u00f1able.<\/p>\n<p>Grosso modo, \u201cAm\u00e9n\u201d es una pel\u00edcula dogma grabada por el realizador con una actriz. Ambos se intercambian la c\u00e1mara, permiten la entrada del sonido directo, y ruedan una especie de manifiesto de guerrilla 2.0, en contra del sistema audiovisual, bajo la impronta de una historia m\u00ednima, como de diario de Alain Cavalier, en un cruce de ficci\u00f3n y no ficci\u00f3n. Cine austero e interactivo del futuro, imposible de leer seg\u00fan las rancias teor\u00edas de actuaci\u00f3n, puesta en escena y prolijidad formal de costumbre.<\/p>\n<p>\u201cAm\u00e9n\u201d es una cachetada a la selecci\u00f3n oficial, una bofetada a la academia, y un testimonio de la constante evoluci\u00f3n de un autor imprescindible, en permanente discusi\u00f3n de su proceso de creaci\u00f3n. Olv\u00eddense de Beto Arvelo y sus \u00e1tomos del P\u00e1ramo.<\/p>\n<p>La palabra de Kim Ki Duk es una bocanada de aliento fresco para las generaciones de relevo y una declaraci\u00f3n de principios a favor de la juventud, del ensayo y error impulsado por la internet. El pana se cans\u00f3 del cine, de los altos presupuestos y los negocios con los productores. Ahora quiere hacerlo \u00e9l mismo, como un chico universitario, y colgar sus trabajos en red. No andamos equivocados con la br\u00fajula por la web. Am\u00e9n.<\/p>\n<p>Luego asistimos a un par de epifan\u00edas. Oficialmente, el s\u00e1bado 17 de septiembre es nuestro d\u00eda de suerte con el cine. Tres de tres. La pegamos. La segunda es la \u00faltima de Nadine Labaki, la chica de \u201cCaramel\u201d. Se titula \u201cY Ahora a D\u00f3nde Vamos?\u201d. La tercera lleva por nombre, \u201cMartha Marcy  May Marlene\u201d, y supone la respuesta americana a \u201cCanino\u201d y \u201cLa Aldea\u201d. Gan\u00f3 direcci\u00f3n en Sundace y tambi\u00e9n recibi\u00f3 premio en Cannes. Es demasiado, un sue\u00f1o hecho realidad, una fija en mi lista del tercer milenio. Narra la ins\u00f3lita pesadilla g\u00f3tica de una chica fugada de una secta posmoderna, cool y semifascista, anclada en el bosque de la Am\u00e9rica profunda. Produce miedo, p\u00e1nico y condensa ideas fascinantes y complejas para la discusi\u00f3n, como la deriva, el conformismo y la f\u00e1cil manipulaci\u00f3n de las mentes adolescentes en la actualidad, al ofrecerles un c\u00f3modo paquete de pare de sufrir con hedonismo incluido en la receta.<\/p>\n<p>La protagonista sale del encierro, a merced de una suerte de tirano psic\u00f3tico a la retaguardia de Charles Manson, y cae en la casa de una hermana mayor cuya estructura familiar es igual de coercitiva, represiva, rutinaria y alienante. El paralelismo se salda con una hip\u00f3tesis escalofriante y de plena vigencia: el tejido social e institucional tiende hacia pr\u00e1cticas de tipo sectario. Verbigracia, un Festival de cine. Bienvenidos de regreso a \u201cS\u00e9ctor 9\u201d.<\/p>\n<p>Alguna relaci\u00f3n debe haber con \u201cPor el Medio de la Calle\u201d, a efectuarse hoy en la capital de Venezuela.<\/p>\n<p>Encima, hay calidad y densidad en la fotograf\u00eda, en cada plano, en el montaje y en el subtexto del gui\u00f3n, interpretado por un reparto magn\u00edfico. Apenas le reprochar\u00eda la ambig\u00fcedad y la excesiva apertura del cierre,aunque era el \u00fanico admisible y aceptable (en el limbo). La joven nunca conseguir\u00e1 la redenci\u00f3n y la salvaci\u00f3n en el demoledor ep\u00edlogo. Su desenlace sombr\u00edo resume el sentido de un film capaz de sentar en el banquillo de los acusados a las dos polaridades del mundo geopol\u00edtico: la izquierda alternativa y la derecha conservadora (versi\u00f3n tea party). Los hipsters y los yuppies promet\u00edan villas y castillos, pero se terminaron de cavar su propia fosa en un cementerio de rutinas vac\u00edas y mec\u00e1nicas. Cine donde el poder se ejerce con violencia y violaci\u00f3n de los derechos humanos. Ya lo dijimos:es el d\u00eda de la prostituci\u00f3n y corrupci\u00f3n de las v\u00edrgenes (la muchacha de \u201cAmen\u201d sufre una violaci\u00f3n parecida a la \u201cMartha Marcy  May Marlene\u201d).<\/p>\n<p>Si para el \u201c\u00c1rbol de la Vida\u201d hab\u00eda soluci\u00f3n en el reencuentro de las almas  en pena, para \u201cMartha Marcy  May Marlene\u201d la vida en socialismo comparte problemas de fondo con los para\u00edsos artificiales de la \u00e9tica neoliberal del mercantilismo hist\u00e9rico. Ambas son caras de la misma moneda.<\/p>\n<p>Mutatis mutandis, guarda relaci\u00f3n con el inquietante mensaje de la estupenda comedia feminista ,  \u201c\u00bfY Ahora a D\u00f3nde Vamos?\u201d, consagrada a buscar la paz en un contexto de guerra y violencia dom\u00e9stica, propulsada por odios ancestrales y religiosos en un pueblo del L\u00edbano.<\/p>\n<p>En el pr\u00f3ximo cap\u00edtulo, ahondaremos en la cura sugerida por Nadine Labaki para la enfermedad de la intolerancia. Mientras tanto, pendientes de las cintas mencionadas. Arriba las mujeres (y los hombres sensibles ante su bondad).<\/p>\n<p>Deseo a viva voz y clamor popular: San Isidro Labrador, quita el agua y pon el sol. Nos merecemos un domingo de playa, surf y arena caliente.<\/p>\n<p>PD: por \u00faltimo, accedimos a la rueda de prensa del ciclo de cine negro. Walter Hill (\u201cThe Warriors\u201d) y la hija de Michael Mann presid\u00edan el estrado. Respondieron a nuestras preguntas con educaci\u00f3n, sabidur\u00eda e inteligencia. Cerca andaba la tropa de \u00e9lite de \u201cCahiers Du Cinema\u201d y compa\u00f1\u00eda. Donostia se pone intenso y bueno.<\/p>\n","protected":false},"excerpt":{"rendered":"<p>Hoy fue el d\u00eda internacional de la mujer en Festival de San Sebasti\u00e1n y lo rese\u00f1amos por aqu\u00ed con los pies hinchados, el estomago revuelto y ligeros s\u00edntomas de fotofobia. Tanta exposici\u00f3n a la gran pantalla amenaza con agotar nuestros ojos antes de tiempo. Por lo pronto, cumplimos los principales objetivos trazados en el cronograma [&hellip;]<\/p>\n","protected":false},"author":1066,"featured_media":17999,"comment_status":"open","ping_status":"open","sticky":false,"template":"","format":"standard","meta":{"jetpack_post_was_ever_published":false,"_jetpack_newsletter_access":"","_jetpack_dont_email_post_to_subs":false,"_jetpack_newsletter_tier_id":0,"_jetpack_memberships_contains_paywalled_content":false,"_jetpack_memberships_contains_paid_content":false,"footnotes":"","jetpack_publicize_message":"","jetpack_publicize_feature_enabled":true,"jetpack_social_post_already_shared":false,"jetpack_social_options":{"image_generator_settings":{"template":"highway","default_image_id":0,"font":"","enabled":false},"version":2}},"categories":[4],"tags":[],"class_list":{"0":"post-17998","1":"post","2":"type-post","3":"status-publish","4":"format-standard","5":"has-post-thumbnail","7":"category-cine"},"jetpack_publicize_connections":[],"jetpack_featured_media_url":"https:\/\/i0.wp.com\/www.panfletonegro.com\/v\/wp-content\/uploads\/2011\/09\/Martha.jpg?fit=447%2C511&ssl=1","jetpack_shortlink":"https:\/\/wp.me\/pfpCD-4Gi","jetpack_sharing_enabled":true,"_links":{"self":[{"href":"https:\/\/www.panfletonegro.com\/v\/wp-json\/wp\/v2\/posts\/17998","targetHints":{"allow":["GET"]}}],"collection":[{"href":"https:\/\/www.panfletonegro.com\/v\/wp-json\/wp\/v2\/posts"}],"about":[{"href":"https:\/\/www.panfletonegro.com\/v\/wp-json\/wp\/v2\/types\/post"}],"author":[{"embeddable":true,"href":"https:\/\/www.panfletonegro.com\/v\/wp-json\/wp\/v2\/users\/1066"}],"replies":[{"embeddable":true,"href":"https:\/\/www.panfletonegro.com\/v\/wp-json\/wp\/v2\/comments?post=17998"}],"version-history":[{"count":0,"href":"https:\/\/www.panfletonegro.com\/v\/wp-json\/wp\/v2\/posts\/17998\/revisions"}],"wp:featuredmedia":[{"embeddable":true,"href":"https:\/\/www.panfletonegro.com\/v\/wp-json\/wp\/v2\/media\/17999"}],"wp:attachment":[{"href":"https:\/\/www.panfletonegro.com\/v\/wp-json\/wp\/v2\/media?parent=17998"}],"wp:term":[{"taxonomy":"category","embeddable":true,"href":"https:\/\/www.panfletonegro.com\/v\/wp-json\/wp\/v2\/categories?post=17998"},{"taxonomy":"post_tag","embeddable":true,"href":"https:\/\/www.panfletonegro.com\/v\/wp-json\/wp\/v2\/tags?post=17998"}],"curies":[{"name":"wp","href":"https:\/\/api.w.org\/{rel}","templated":true}]}}