{"id":17970,"date":"2011-09-18T22:35:18","date_gmt":"2011-09-19T03:05:18","guid":{"rendered":"http:\/\/www.panfletonegro.com\/v\/?p=17970"},"modified":"2014-06-07T12:01:29","modified_gmt":"2014-06-07T16:31:29","slug":"cronica-de-una-decepcion","status":"publish","type":"post","link":"https:\/\/www.panfletonegro.com\/v\/2011\/09\/18\/cronica-de-una-decepcion\/","title":{"rendered":"Cr\u00f3nica de una decepci\u00f3n"},"content":{"rendered":"<p>La hora pautada para el comienzo de la reuni\u00f3n era las dos de la tarde. Ya a la 1:30 hab\u00eda un grupo de activistas congregad@s en la esquina de Las Monjas, al lado del cad\u00e1ver del edificio La Francia. La mayor\u00eda de l@s activistas nos conocemos, nos saludamos, nos preguntamos qui\u00e9n falta y nos quejamos del calor que hac\u00eda en pleno centro de Caracas. Algun@s lo sab\u00edamos, pero otr@s se enteraron all\u00ed que la reuni\u00f3n ya no era en el Palacio Federal Legislativo, sede de la Asamblea Nacional, sino que el sitio hab\u00eda sido cambiado un d\u00eda antes para el edificio del Museo Boliviano, dos cuadras m\u00e1s abajo, en la esquina de Pajaritos. El comentario com\u00fan, cargado de cierta desilusi\u00f3n : \u201cah\u2026 no es en la Asamblea\u201d, fue un anticipo de lo que vendr\u00eda.<\/p>\n<figure id=\"attachment_17973\" aria-describedby=\"caption-attachment-17973\" style=\"width: 300px\" class=\"wp-caption alignnone\"><img data-recalc-dims=\"1\" loading=\"lazy\" decoding=\"async\" data-attachment-id=\"17973\" data-permalink=\"https:\/\/www.panfletonegro.com\/v\/2011\/09\/18\/cronica-de-una-decepcion\/anprevio\/\" data-orig-file=\"https:\/\/i0.wp.com\/www.panfletonegro.com\/v\/wp-content\/uploads\/2011\/09\/anprevio.jpg?fit=300%2C225&amp;ssl=1\" data-orig-size=\"300,225\" data-comments-opened=\"1\" data-image-meta=\"{&quot;aperture&quot;:&quot;0&quot;,&quot;credit&quot;:&quot;&quot;,&quot;camera&quot;:&quot;&quot;,&quot;caption&quot;:&quot;&quot;,&quot;created_timestamp&quot;:&quot;0&quot;,&quot;copyright&quot;:&quot;&quot;,&quot;focal_length&quot;:&quot;0&quot;,&quot;iso&quot;:&quot;0&quot;,&quot;shutter_speed&quot;:&quot;0&quot;,&quot;title&quot;:&quot;&quot;}\" data-image-title=\"anprevio\" data-image-description=\"\" data-image-caption=\"\" data-large-file=\"https:\/\/i0.wp.com\/www.panfletonegro.com\/v\/wp-content\/uploads\/2011\/09\/anprevio.jpg?fit=300%2C225&amp;ssl=1\" class=\"size-full wp-image-17973\" title=\"anprevio\" src=\"https:\/\/i0.wp.com\/www.panfletonegro.com\/v\/wp-content\/uploads\/2011\/09\/anprevio.jpg?resize=300%2C225\" alt=\"\" width=\"300\" height=\"225\" \/><figcaption id=\"caption-attachment-17973\" class=\"wp-caption-text\">activistas del movimiento LGBTI de Venezuela frente al Palacio Federal Legislativo<\/figcaption><\/figure>\n<p>Ya faltando minutos para las dos, decidimos bajar levantando nuestras pancartas, los transe\u00fantes se deten\u00edan a leer y continuaban su paso con cara de que no entend\u00edan. Aunque nos preocupaba que a esa hora a\u00fan faltaran muchas personas que previamente hab\u00edan confirmado su asistencia, seguimos adelante, y entramos al remozado edificio del Museo Boliviano, yo estaba gratamente sorprendido por el buen resultado de la remodelaci\u00f3n. Subimos al Sal\u00f3n Batalla de Carabobo, un auditorio muy c\u00f3modo donde la persona que facilit\u00f3 la reuni\u00f3n nos dijo que el Presidente Soto Rojas estaba reunido con el resto de la directiva resolviendo un problema que se le present\u00f3 con unos trabajadores del Ministerio de Educaci\u00f3n, pero que se hab\u00eda pautado una reuni\u00f3n con 200 personas y all\u00ed hab\u00edamos 60 solamente. Si no hab\u00edan al menos 100 Soto Rojas (quien una semana antes se hab\u00eda reunido en el Hotel Alba Caracas, a puerta cerrada, con un grupo de organizaciones dedicadas al tema LGBT identificadas con el gobierno) no bajar\u00eda. El anuncio provoc\u00f3 el reclamo de l@s presentes, especialmente l@s que hab\u00edan viajado desde el interior del pa\u00eds, quienes argumentaron \u201cNosotros nos echamos varias horas de viaje para reunirnos con Soto Rojas y nos parece una falta de respeto que nos vengan a decir que como no hay 100 personas, \u00e9l no va a atendernos. Representamos a un grupo de personas, no todas pueden viajar porque no tenemos los recursos, pero cada uno de los que est\u00e1n aqu\u00ed representa a 100, 200 y 300 activistas\u201d. El mensaje lleg\u00f3, y despu\u00e9s de una espera nada agradable de alrededor de tres horas que incluy\u00f3 un video informativo sobre los trabajos de remodelaci\u00f3n del edificio en el que est\u00e1bamos, el presidente de la Asamblea Nacional entr\u00f3 al auditorio.<\/p>\n<p>Por cuestiones de tiempo, los derechos de palabra que estaban estipulados a raz\u00f3n de tres minutos por persona se redujeron a dos, por lo que los discursos fueron muy concretos, m\u00e1s de lo que uno quisiera. Hubo alrededor de 19 derechos de palabra, entre los que resalt\u00f3 el de Tamara Adrian, quien cit\u00f3 a Martin Luther King: \u201c\u201dLo preocupante no es la perversidad de los malvados sino la indiferencia de los buenos\u201d y continu\u00f3 \u201c\u2026hoy se\u00f1or presidente, veremos de qu\u00e9 lado se encuentra usted\u201d. Hubo varios discursos llenos de lucidez pol\u00edtica, donde se le dijo al representante del Poder Legislativo que despu\u00e9s de 12 a\u00f1os de mentiras, l@s LGBTI nos sent\u00edamos enga\u00f1ados, que Venezuela no era de todos mientras estuvi\u00e9semos viviendo discriminaci\u00f3n diariamente. Y discursos cargados de emotividad, como el de la madre de una persona trans masculina que dijo: \u201cHoy vengo en nombre de todas las madres que sufren cuando se burlan de sus hijos por ser diferentes, vengo a pedir justicia\u201d que arranc\u00f3 una ovaci\u00f3n. Se expusieron problem\u00e1ticas concretas: el drama de las personas que viven con VIH, las trabas que enfrenta una pareja casada en otro pa\u00eds, la realidad de una pareja de madres lesbianas, el desamparo que quien fue despedida de su trabajo por su orientaci\u00f3n sexual e incluso, el clamor de un militante del PSUV para recibir ayuda en su lucha contra la discriminaci\u00f3n dentro de su propio partido.<\/p>\n<p><a href=\"http:\/\/pobrepeaton.files.wordpress.com\/2011\/09\/reusotorojasdesi.jpg\"><img data-recalc-dims=\"1\" loading=\"lazy\" decoding=\"async\" src=\"http:\/\/pobrepeaton.files.wordpress.com\/2011\/09\/reusotorojasdesi.jpg?w=300&#038;h=225&#038;fit=300%2C225&#038;resize=300%2C225\" alt=\"\" width=\"300\" height=\"225\" \/><\/a><\/p>\n<p>Finalizados los derechos de palabra se coloc\u00f3 un video de sensibilizaci\u00f3n que present\u00f3 algunos problemas t\u00e9cnicos, seguidamente Soto tom\u00f3 el micr\u00f3fono. Comenz\u00f3 recordando a un compa\u00f1ero de su lucha contra P\u00e9rez Jim\u00e9nez: Leonardo Ruiz Pineda, cosa que el sectarismo chavista no le permite hacer ante los medios de comunicaci\u00f3n al tratarse \u00e9ste de un adeco, y cit\u00f3: \u201clas luchas sociales no se someten a relojes\u201d refiri\u00e9ndose a que si bien la constituci\u00f3n se fundamenta sobre los principios de igualdad y no discriminaci\u00f3n, \u00e9stas no son precisamente absolutas en Venezuela. Habl\u00f3 del car\u00e1cter program\u00e1tico y no normativo de la constituci\u00f3n, y dijo que despu\u00e9s de oir los discursos se daba cuenta de que ninguno de nosotr@s era \u201cpar\u00edo por la manga\u2019el saco\u201d, refiri\u00e9ndose a que hab\u00edamos reflexionado mucho sobre el tema. \u201cEn esta Asamblea est\u00e1n los opresores de ayer y hoy, por lo que es una Asamblea capitalista, eso debe cambiar, debe convertirse en una Asamblea Popular\u2026\u201d prosigui\u00f3, emprendi\u00e9ndola contra Montesquieu \u201cNo es la idea que un cogollito venga a legislar y a impon\u00e9rsele a los dem\u00e1s\u2026\u201d en ese momento Tamara Adrian desde su asiento lo interrumpi\u00f3 diciendo: \u201cpero eso soluciona nuestros problemas, el 80% de las Am\u00e9ricas tiene leyes protecci\u00f3n a los LGBTI y aqu\u00ed no hay\u201d a lo que Soto Rojas visiblemente irritado amenaz\u00f3 con sentarse \u201csi quieren me siento y duramos hasta las 4 de la ma\u00f1ana aqu\u00ed escuch\u00e1ndolos a todos, para eso yo s\u00ed soy bien paciente\u201d, pero ante la petici\u00f3n de l@s presentes, continu\u00f3.<\/p>\n<p>Hizo un recuento hist\u00f3rico que en dos platos conclu\u00eda que todos los males de este pa\u00eds hab\u00edan llegado con el mercantilismo en 1498, y que continuaron despu\u00e9s de la independencia, con G\u00f3mez, con Perez Jim\u00e9nez, con \u201cel puntofijismo\u201d y a\u00fan hoy se manten\u00edan, que los ind\u00edgenas viv\u00edan tranquilos, \u201cno hab\u00edan problemas si un indio quer\u00eda vivir con otro indio\u201d. Dijo despu\u00e9s que nuestras aspiraciones eran muy dif\u00edciles de alcanzar, que los problemas de \u00edndole laboral eran m\u00e1s f\u00e1ciles de resolver porque se trataba de dinero la mayor\u00eda de las veces \u2013a\u00f1adi\u00f3 que le daba \u201casco\u201d ver a trabajadores pidiendo su dinero-, nos recomend\u00f3 leer unos pasajes de \u201cEl Manifiesto\u201d y nos dijo que necesit\u00e1bamos movilizarnos, alguien le respondi\u00f3 que entre junio y julio tuvimos m\u00e1s de 10 marchas del orgullo y respondi\u00f3 diciendo que necesit\u00e1bamos muchas m\u00e1s, que es muy dif\u00edcil cambiar el \u201cmodo de producci\u00f3n\u201d (?) y que los logros m\u00e1s importantes de este pa\u00eds no se hab\u00edan conseguido en una alcald\u00eda o en un parlamento. Tomando como ejemplo la Batalla de Carabobo, el 23 de enero del 58 y el 11 de Abril, nos insinu\u00f3 que para \u00e9l las cosas se resuelven es a los co\u00f1azos, no civilizadamente. Advirti\u00f3 que nuestro movimiento no parec\u00eda estar muy articulado y termin\u00f3 diciendo que \u00e9l trabajaba en tres niveles: primero como Presidente de la AN, luego como coordinador de movimientos sociales del PSUV y por \u00faltimo como promotor del Polo Patri\u00f3tico, donde nos ofreci\u00f3 una \u201ctrinchera de lucha\u201d y aclar\u00f3 que no ofrec\u00eda cambures porque no era su costumbre, tanto que ninguno de sus hijos trabajaba en la administraci\u00f3n p\u00fablica. Eso, adem\u00e1s de hacerme recordar inevitablemente a Cilia Flores, me hizo darme cuenta de que la intenci\u00f3n real de la reuni\u00f3n no era otra que invitarnos a dicho \u201cPolo\u201d.<\/p>\n<p><a href=\"http:\/\/pobrepeaton.files.wordpress.com\/2011\/09\/sotorojasan.jpg\"><img data-recalc-dims=\"1\" loading=\"lazy\" decoding=\"async\" src=\"http:\/\/pobrepeaton.files.wordpress.com\/2011\/09\/sotorojasan.jpg?w=300&#038;h=225&#038;fit=300%2C225&#038;resize=300%2C225\" alt=\"\" width=\"300\" height=\"225\" \/><\/a><\/p>\n<p>Fue imposible simplemente levantarnos e irnos, surgi\u00f3 una nueva ronda de derechos de palabra, no m\u00e1s de cinco, uno de ellos fue Gabriel Silva, miembro del Bloque Socialista Unido de Liberaci\u00f3n Homosexual y del PSUV quien le aclar\u00f3 a Soto que s\u00ed hab\u00eda una propuesta com\u00fan, que era la agenda legislativa de la Red LGBTI de Venezuela, que s\u00ed nos hab\u00edamos movilizado, en abril y tambi\u00e9n en julio junto a 20 mil personas hasta las puertas de la AN. Complementaron Carlos Aray, Yonathan Mathews y Gabrielle Guer\u00f3n expresando que no quer\u00edamos que nos siguieran dividiendo en dos grupos, los activistas de primera y los de segunda, porque esa divisi\u00f3n no exist\u00eda. Que no hab\u00edamos ido all\u00e1 a escuchar discursos ideol\u00f3gicos porque ya todos sabemos de que se trata \u201cla revoluci\u00f3n\u201d, que lo que est\u00e1bamos era exigiendo lo que nos corresponde y que eso no era nada que el Presidente de la Asamblea Nacional no pudiera hacer.<\/p>\n<p>Soto Rojas respondi\u00f3 que su per\u00edodo se termina en febrero del 2013 (confes\u00f3 que no estaba ganado a la idea de la reeleci\u00f3n) y que no cre\u00eda que antes de esa fecha lo que nosotros ped\u00edamos fuese ley, no cree que la oposici\u00f3n vote por algo as\u00ed y \u201cno daba garant\u00edas\u201d que de su lado lo hicieran, d\u00e1ndonos as\u00ed una revelaci\u00f3n que ya todos sab\u00edamos aunque alg\u00fan@s guardaban la esperanza de equivocarse: \u00e9stos legisladores no est\u00e1n ah\u00ed para satisfacer las demandas de nadie, \u00e9ste \u201csocialismo\u201d no est\u00e1 trabajando por la igualdad de nadie, a ellos s\u00f3lo les ocupa conservar el poder. A esta altura son m\u00e1s un grupo conservador que otra cosa.<\/p>\n<p>Concluy\u00f3 Soto diciendo no estaba ah\u00ed como Presidente de la AN, sino como Fernando Soto Rojas, que no era m\u00e1s que \u201cun viejo guerrillero\u201d que estaba ah\u00ed aprendiendo porque en su \u00e9poca esa lucha no hab\u00eda \u201cbrotado\u201d, y que aunque conoc\u00eda a un personaje all\u00e1 en Altagracia de Orituco, de eso no se hablaba. En ese punto, pasadas las siete de la noche, ya la decepci\u00f3n se hab\u00eda convertido en resignaci\u00f3n, no hab\u00eda ni un poquito de fe en esa sala, nos levantamos y nos fuimos.<\/p>\n<p>Quiero agregar que para m\u00ed la reuni\u00f3n fue parad\u00f3jicamente inspiradora, me inspir\u00f3 a seguir, con m\u00e1s fuerza, me inspir\u00f3 a andar \u00e9ste camino con mis propios medios, a no esperar ayuda de nadie. Espero que mis compa\u00f1er@s que estaban ah\u00ed, hayan sentido lo mismo.<\/p>\n","protected":false},"excerpt":{"rendered":"<p>La hora pautada para el comienzo de la reuni\u00f3n era las dos de la tarde. Ya a la 1:30 hab\u00eda un grupo de activistas congregad@s en la esquina de Las Monjas, al lado del cad\u00e1ver del edificio La Francia. La mayor\u00eda de l@s activistas nos conocemos, nos saludamos, nos preguntamos qui\u00e9n falta y nos quejamos [&hellip;]<\/p>\n","protected":false},"author":1785,"featured_media":17973,"comment_status":"open","ping_status":"open","sticky":false,"template":"","format":"standard","meta":{"jetpack_post_was_ever_published":false,"_jetpack_newsletter_access":"","_jetpack_dont_email_post_to_subs":false,"_jetpack_newsletter_tier_id":0,"_jetpack_memberships_contains_paywalled_content":false,"_jetpack_memberships_contains_paid_content":false,"footnotes":"","jetpack_publicize_message":"","jetpack_publicize_feature_enabled":true,"jetpack_social_post_already_shared":false,"jetpack_social_options":{"image_generator_settings":{"template":"highway","default_image_id":0,"font":"","enabled":false},"version":2}},"categories":[2439],"tags":[306,127,1369,729,1364,1365,1366,171,557,1363,1362,1368,1370,261,1367,44],"class_list":{"0":"post-17970","1":"post","2":"type-post","3":"status-publish","4":"format-standard","5":"has-post-thumbnail","7":"category-arte","8":"tag-activismo","9":"tag-asamblea-nacional","10":"tag-derechos-lgbt","11":"tag-discriminacion","12":"tag-diversidad-sexual","13":"tag-glbt","14":"tag-homosexual","15":"tag-izquierda","16":"tag-latinoamerica","17":"tag-lgbt","18":"tag-lgbti","19":"tag-poder-legislativo","20":"tag-psuv","21":"tag-revolucion","22":"tag-soto-rojas","23":"tag-venezuela"},"jetpack_publicize_connections":[],"jetpack_featured_media_url":"https:\/\/i0.wp.com\/www.panfletonegro.com\/v\/wp-content\/uploads\/2011\/09\/anprevio.jpg?fit=300%2C225&ssl=1","jetpack_shortlink":"https:\/\/wp.me\/pfpCD-4FQ","jetpack_sharing_enabled":true,"_links":{"self":[{"href":"https:\/\/www.panfletonegro.com\/v\/wp-json\/wp\/v2\/posts\/17970","targetHints":{"allow":["GET"]}}],"collection":[{"href":"https:\/\/www.panfletonegro.com\/v\/wp-json\/wp\/v2\/posts"}],"about":[{"href":"https:\/\/www.panfletonegro.com\/v\/wp-json\/wp\/v2\/types\/post"}],"author":[{"embeddable":true,"href":"https:\/\/www.panfletonegro.com\/v\/wp-json\/wp\/v2\/users\/1785"}],"replies":[{"embeddable":true,"href":"https:\/\/www.panfletonegro.com\/v\/wp-json\/wp\/v2\/comments?post=17970"}],"version-history":[{"count":0,"href":"https:\/\/www.panfletonegro.com\/v\/wp-json\/wp\/v2\/posts\/17970\/revisions"}],"wp:featuredmedia":[{"embeddable":true,"href":"https:\/\/www.panfletonegro.com\/v\/wp-json\/wp\/v2\/media\/17973"}],"wp:attachment":[{"href":"https:\/\/www.panfletonegro.com\/v\/wp-json\/wp\/v2\/media?parent=17970"}],"wp:term":[{"taxonomy":"category","embeddable":true,"href":"https:\/\/www.panfletonegro.com\/v\/wp-json\/wp\/v2\/categories?post=17970"},{"taxonomy":"post_tag","embeddable":true,"href":"https:\/\/www.panfletonegro.com\/v\/wp-json\/wp\/v2\/tags?post=17970"}],"curies":[{"name":"wp","href":"https:\/\/api.w.org\/{rel}","templated":true}]}}