{"id":1790,"date":"2008-11-06T17:44:08","date_gmt":"2008-11-06T21:44:08","guid":{"rendered":"http:\/\/www.panfletonegro.com\/v\/?p=1790"},"modified":"2008-11-06T17:59:19","modified_gmt":"2008-11-06T21:59:19","slug":"pucca","status":"publish","type":"post","link":"https:\/\/www.panfletonegro.com\/v\/2008\/11\/06\/pucca\/","title":{"rendered":"Pucca"},"content":{"rendered":"<p><img data-recalc-dims=\"1\" decoding=\"async\" src=\"https:\/\/i0.wp.com\/i160.photobucket.com\/albums\/t164\/johnmanuelsilva\/047_pucca-kiss.jpg?w=696\" alt=\"COMUNISMO\" \/><\/p>\n<p><em>\u00abA m\u00ed me comparaban mucho con ella (Juana de Arco)<br \/>\ncuando estaba presa y yo a ese negrito (Mahatma Gandhi)<br \/>\nlo quiero mucho\u00bb<\/em><\/p>\n<p><strong>Yasm\u00edn Manuitt,<br \/>\nimperdible entrevista en la revista<br \/>\nExceso de octubre 2008<\/strong><\/p>\n<p><strong>ADVERTENCIA. ALERTA. PENDIENTE. TENGAN CUIDAO. MOSCATEL. GUILLO, MIS PANAS. OJO AVISOR. PELEN LA OREJA Y LOS OJOS. ATENTOS<\/strong><\/p>\n<p>Tengan sumo cuidado, m\u00e1xima precauci\u00f3n con la programaci\u00f3n que sus hijos ven en la televisi\u00f3n por cable ya que tiene mensajes subliminales. Hoy, voy a referirme a un programa que se transmite en Jetix y que lleva por nombre \u201cPucca\u201d. <\/p>\n<p>Ya sabemos que el comunismo internacional y el islamismo y todo lo que termine en ismo acostumbra adoctrinar a los ni\u00f1os con mensajes ocultos en programas de televisi\u00f3n. Pues bien, he descubierto uno m\u00e1s de la larga lista de shows televisivos que est\u00e1n dise\u00f1ados por psic\u00f3logos cubanos para que nuestros chiquitos se inoculen del odio y rencor que promueven los socialistas. <\/p>\n<p>Pucca es roja, rojita. \u00bfSe fijan? El color rojo est\u00e1 presente en la camisa del engendro. Pucca, al igual que Ch\u00e1vez, no acepta un NO como respuesta. Gar\u00fa, el ninja del que Pucca est\u00e1 enamorado, siempre la rechaza, le dice que no, la aparta de ella, pero ella insiste. Pucca dice que si, bueno, Pucca en realidad no dice nada ya que Pucca solo emite una risita burlona \u201cjijijijiji\u201d y un grito de \u201ciiiiiiiiiiiiy\u00e1\u201d cada vez que le mete un co\u00f1azo a alguien, el punto es que Pucca le dice o le hace saber a Gar\u00fa que no acepta su negativa y lo acosa y aprovecha cada ocasi\u00f3n para robarle un beso al pobre Gar\u00fa. En un episodio Gar\u00fa y Pucca est\u00e1n en el cine y Gar\u00fa sale de la sala a enfrentar a unos ninjas rivales, cuando Pucca se percata de que Gar\u00fa se ha ido sale a buscarlo y lo trae a carajazo limpio al cine y lo obliga a estar junto a ella. \u00bfMe van a decir que eso no es reivindicare la violencia como forma de lucha pol\u00edtica? \u00bfNo les parece que eso es un mensaje subliminal que dice \u201csi no aceptan la reforma por las buenas, la aceptan a co\u00f1azos\u201d? A m\u00ed me parece. <\/p>\n<p>Otra cosa es que Pucca no tiene ojos y nuestro Presidente cuando sonr\u00ede se le cierran los ojos y al igual que Pucca se le forman en el rostro dos l\u00edneas horizontales que ocupan el espacio de la vista. Tengo pruebas, v\u00e9anlo:<\/p>\n<p><img data-recalc-dims=\"1\" decoding=\"async\" src=\"https:\/\/i0.wp.com\/i160.photobucket.com\/albums\/t164\/johnmanuelsilva\/pruebairrefutable.jpg?w=696\" alt=\"Ch\u00e1vez Pucco\" \/> <\/p>\n<p>Co\u00f1o, \u00bfme van a decir que los ojos no son id\u00e9nticos? <\/p>\n<p>Sigo en mi an\u00e1lisis: Pucca tiene una cabezota y sabemos que los socialistas son cabezotas en el sentido espa\u00f1ol del t\u00e9rmino; para quien lo ignore \u201ccabezota\u201d es una expresi\u00f3n que se utiliza en Espa\u00f1a para definir a la gente bruta, bruta como nuestro Presidente. Que adem\u00e1s de bruto es un macaco, mico, marginal y tierr\u00fao, no como yo que tengo mucha clase y, como tambi\u00e9n dicen los espa\u00f1oles, cago por encima del culo. <\/p>\n<p>Sobre la cabeza de Pucca hay algo que no me cuadra, y no es solo que la cabezota de la japonesa es ovalada y tiene forma de bal\u00f3n de rugby, es que Pucca no se cae nunca. Aunque siempre pensamos que se va a caer, que es lo m\u00e1s obvio, no lo hace. Al igual que Piol\u00edn Pucca tiene un cuerpo diminuto coronado por una bola deforme que debe pesar el doble del cuerpo y a\u00fan as\u00ed no se cae, igual que en Venezuela donde Ch\u00e1vez no se cae a pesar de que los errores que ha cometido deben pesar el triple de los aciertos, pero ese desbalance no es suficiente para afectarle el equilibrio. <\/p>\n<p>La canci\u00f3n del programa, como toda buena canci\u00f3n mal traducida al espa\u00f1ol, es abundante en acentos agudos. Ya sabemos que cuando las canciones  se traducen al espa\u00f1ol quedan llenas de palabras graves, pero como los que cantan en espa\u00f1ol (excepto algunos como Jorge Drexler) no saben respetar el acento natural de las palabras y creen que  al extender la \u00faltima vocal la canci\u00f3n suena m\u00e1s bonita, dichas graves se transforman en forzadas agudas. La canci\u00f3n de Pucca no es la excepci\u00f3n. \u201cPuccaaaaaaaaaaaaaaaaaaaaaaaa. Quiere a Gar\u00fa\u00fa\u00fa\u00fa\u00fa\u00fa\u00fa\u00fa\u00fa\u00fa\u00fa\u00fa\u00fa\u00fa\u00fa\u00fa\u00fa\u00fa\u00fa\u00fa\u00fa\u00fa\u00fa\u00fa\u00fa\u00b4. Puccaaaaaaaaaaaaaaaaaaaaaaaa. Quiere a Gar\u00fa\u00fa\u00fa\u00fa\u00fa\u00fa\u00fa\u00fa\u00fa\u00fa\u00fa\u00fa\u00fa\u00fa\u00fa\u00fa\u00fa\u00fa\u00fa\u00fa\u00fa\u00fa\u00fa\u00fa\u00fa\u00b4.\u201d <\/p>\n<p>\u00bfSe dieron cuenta verdad? Las dos vocales que se extienden son la A y la U que al voltearse suena \u201cUh Ah Pucca no se va\u201d. Supongo que no debo explicar cual es la intenci\u00f3n de esto. <\/p>\n<p>Yo hago esta alerta esperando que ustedes tomen cartas en el asunto, aunque creo que ya es un poco tarde, todas las ni\u00f1as venezolanas aman a Pucca, la adoran y lo triste es que a diferencia de Hello Kitty o los Ositos Cari\u00f1ositos, Pucca no es solo para ni\u00f1as. Uno ve a se\u00f1oras como de cuarenta a\u00f1os con su carterita de Pucca o sus zarcillitos de Pucca, o del maldito osito Tous, que tambi\u00e9n tiene mensajes subliminales que promueven el socialismo y que analizaremos en una pr\u00f3xima entrega, unos los ve y piensa que Ch\u00e1vez ya se ha tomado al mundo y muchos se niegan a darse cuenta. <\/p>\n<p>Seguro que piensan que estoy delirando o que \u00e9ste art\u00edculo es una gran iron\u00eda y jodedera y que lo escrib\u00ed para burlarme de quienes andan comparando a Obama con Ch\u00e1vez, usando como evidencias el que Obama ha hablado de cambio y de implementar nuevos impuestos. No vale, ustedes saben que yo jam\u00e1s har\u00eda eso :) <\/p>\n<p>Les digo tambi\u00e9n que he descubierto que Barney es chavista, y es que al igual que nuestro Presidente, Barney cree que todo se resuelve cantando y echando chistes malos. Los Padrinos M\u00e1gicos promueven el populismo, el carajito dient\u00f3n que protagoniza el programa siempre se mete en problemas y espera a que una ayuda mesi\u00e1nica venga y lo saque del embrollo, \u00bfno notan el mensaje? Los Padrinos M\u00e1gicos, que son los que llegan a salvar al chamo, representan al estado venezolano y su intenci\u00f3n de convertir a los venezolanos en personas que siempre anden de pedig\u00fce\u00f1os, tierr\u00faos y muertosdehambre pidiendo ayuda ante cualquier problemita en vez de resolverlo por ellos mismo. <\/p>\n<p>Mosca tambi\u00e9n con Lazytown y su \u201csportacus\u201d que se me hace muy parecido a Diosdado Cabello. <\/p>\n<p>Country, Socialism or Dead. <\/p>\n<p>John Manuel Silva.  <\/p>\n","protected":false},"excerpt":{"rendered":"<p>\u00abA m\u00ed me comparaban mucho con ella (Juana de Arco) cuando estaba presa y yo a ese negrito (Mahatma Gandhi) lo quiero mucho\u00bb Yasm\u00edn Manuitt, imperdible entrevista en la revista Exceso de octubre 2008 ADVERTENCIA. ALERTA. PENDIENTE. TENGAN CUIDAO. MOSCATEL. GUILLO, MIS PANAS. OJO AVISOR. PELEN LA OREJA Y LOS OJOS. ATENTOS Tengan sumo cuidado, [&hellip;]<\/p>\n","protected":false},"author":181,"featured_media":0,"comment_status":"open","ping_status":"open","sticky":false,"template":"","format":"standard","meta":{"jetpack_post_was_ever_published":false,"_jetpack_newsletter_access":"","_jetpack_dont_email_post_to_subs":false,"_jetpack_newsletter_tier_id":0,"_jetpack_memberships_contains_paywalled_content":false,"_jetpack_memberships_contains_paid_content":false,"footnotes":"","jetpack_publicize_message":"","jetpack_publicize_feature_enabled":true,"jetpack_social_post_already_shared":false,"jetpack_social_options":{"image_generator_settings":{"template":"highway","default_image_id":0,"font":"","enabled":false},"version":2}},"categories":[1],"tags":[],"class_list":{"0":"post-1790","1":"post","2":"type-post","3":"status-publish","4":"format-standard","6":"category-azares"},"jetpack_publicize_connections":[],"jetpack_featured_media_url":"","jetpack_shortlink":"https:\/\/wp.me\/sfpCD-pucca","jetpack_sharing_enabled":true,"_links":{"self":[{"href":"https:\/\/www.panfletonegro.com\/v\/wp-json\/wp\/v2\/posts\/1790","targetHints":{"allow":["GET"]}}],"collection":[{"href":"https:\/\/www.panfletonegro.com\/v\/wp-json\/wp\/v2\/posts"}],"about":[{"href":"https:\/\/www.panfletonegro.com\/v\/wp-json\/wp\/v2\/types\/post"}],"author":[{"embeddable":true,"href":"https:\/\/www.panfletonegro.com\/v\/wp-json\/wp\/v2\/users\/181"}],"replies":[{"embeddable":true,"href":"https:\/\/www.panfletonegro.com\/v\/wp-json\/wp\/v2\/comments?post=1790"}],"version-history":[{"count":0,"href":"https:\/\/www.panfletonegro.com\/v\/wp-json\/wp\/v2\/posts\/1790\/revisions"}],"wp:attachment":[{"href":"https:\/\/www.panfletonegro.com\/v\/wp-json\/wp\/v2\/media?parent=1790"}],"wp:term":[{"taxonomy":"category","embeddable":true,"href":"https:\/\/www.panfletonegro.com\/v\/wp-json\/wp\/v2\/categories?post=1790"},{"taxonomy":"post_tag","embeddable":true,"href":"https:\/\/www.panfletonegro.com\/v\/wp-json\/wp\/v2\/tags?post=1790"}],"curies":[{"name":"wp","href":"https:\/\/api.w.org\/{rel}","templated":true}]}}