{"id":16988,"date":"2011-07-27T12:02:12","date_gmt":"2011-07-27T16:32:12","guid":{"rendered":"http:\/\/www.panfletonegro.com\/v\/?p=16988"},"modified":"2012-01-11T15:53:05","modified_gmt":"2012-01-11T20:23:05","slug":"16988","status":"publish","type":"post","link":"https:\/\/www.panfletonegro.com\/v\/2011\/07\/27\/16988\/","title":{"rendered":"Las vicisitudes de Ibsen martinez en twitter"},"content":{"rendered":"<div class=\"separator\" style=\"clear: both; text-align: center;\"><a href=\"https:\/\/i0.wp.com\/3.bp.blogspot.com\/-Vd4IizcbhMc\/TjAwJm7SDXI\/AAAAAAAAEHU\/VreuNn18miI\/s1600\/phpimage.jpg\"><img data-recalc-dims=\"1\" loading=\"lazy\" decoding=\"async\" src=\"https:\/\/i0.wp.com\/3.bp.blogspot.com\/-Vd4IizcbhMc\/TjAwJm7SDXI\/AAAAAAAAEHU\/VreuNn18miI\/s400\/phpimage.jpg?resize=400%2C203\" alt=\"\" width=\"400\" height=\"203\" border=\"0\" \/><\/a><\/div>\n<p><strong> introito<\/strong><\/p>\n<p>En estos d\u00edas en Colombia los tuiteros se alborotaron ya que uno de sus mas connotados caricaturistas <strong>@Vladdo<\/strong> se retiro de twitter debido a que lo atacaban sin misericordia. El es muy bueno, no es un Zapata pero si como<strong> @Rayma<\/strong>, evidentemente al ser una persona publica, es criticada y muchos piensan que el twitter o Internet en general es un rifle de alta potencia donde le pueden disparar a cualquiera.<\/p>\n<p>Y se hace.<\/p>\n<p>Y si uno es una figura p\u00fablica es casi inevitable que lo hagan.<\/p>\n<p>Me imagino que si Jesucristo tuviese su cuenta en twitter le pasar\u00eda lo mismo.<\/p>\n<p>Pero el en vez de ignorarlos, cerr\u00f3 su cuenta en twitter.<\/p>\n<p>Ah\u00ed fue donde la cag\u00f3.<\/p>\n<p><!--more--><\/p>\n<p>Y dio una serie de razones por la cual Twitter era una porquer\u00eda.<\/p>\n<p>Las burlas subieron al cenit.<\/p>\n<p>Y como son las cosas, es muy posible que todo se olvidara en tres d\u00edas. Pero regreso a twitter, con la cuenta<a href=\"http:\/\/twitter.com\/#!\/VLADDOMANIA\"> <strong>@Vladomania.<\/strong><\/a><\/p>\n<p>No se como se puede definir eso \u00bfcagarla sobre la cagada?<\/p>\n<p>Los colombianos no ten\u00edan m\u00e1s remedio que reiniciar sus burlas.<\/p>\n<p>De cualquier manera el se gana la vida burl\u00e1ndose de los dem\u00e1s<\/p>\n<div class=\"separator\" style=\"clear: both; text-align: center;\"><a href=\"https:\/\/i0.wp.com\/3.bp.blogspot.com\/-B9tiZMmCZJc\/TjAvP2Q7z3I\/AAAAAAAAEHI\/OOCvYEuO3xk\/s1600\/1522-chavez-cuba.jpg\"><img data-recalc-dims=\"1\" decoding=\"async\" src=\"https:\/\/i0.wp.com\/3.bp.blogspot.com\/-B9tiZMmCZJc\/TjAvP2Q7z3I\/AAAAAAAAEHI\/OOCvYEuO3xk\/s1600\/1522-chavez-cuba.jpg?w=696\" alt=\"\" border=\"0\" \/><\/a><\/div>\n<div>\n<p><span class=\"Apple-style-span\" style=\"font-family: Arial,Helvetica,sans-serif; font-size: large;\"><strong>II<\/strong><\/span><\/p>\n<p>En estos d\u00edas<a href=\"http:\/\/twitter.com\/#%21\/korbu\"><strong> @Korbu<\/strong><\/a> publico en su twitter que <a href=\"http:\/\/twitter.com\/#%21\/Ibsen_martinez\"><strong>@ibsen_martinez <\/strong><\/a>hab\u00eda regresado a twitter, teniendo tan cerca el incidente con <strong>@vladomania<\/strong> el le escribi\u00f3 uno o dos tuit al respeto, pero yo fui al articulo en el cual <strong><a href=\"http:\/\/ibsenmartinez.com\/archives\/648\">Ibsen habia manifestado su retiro de Twitter <\/a><\/strong>y lo le\u00ed.<\/p>\n<p>Comenc\u00e9 hacer bromas sobre el retiro de Ibsen, tampoco es que soy un desechado en la s\u00e1tira, hasta utilizo Oikos Tropos como ninguno. A los mas que llego es a <em><strong>\u201cburro que se devuelve se esnuca\u201d.<\/strong><\/em><\/p>\n<p>Y los otras ideas rudimentarias que mi limitado vocabulario me permite. Ya que soy como la <strong>Vinotinto<\/strong>. Uno a los venezolanos. Si en algo todo el mundo esta de acuerdo es que escribo como un tullido escapando de un perro bravo.<\/p>\n<p>Hasta los chavistas no tienen objeciones en ese sentido.<\/p>\n<p>Lo cual dice mucho del nivel de unidad que obtengo..<\/p>\n<p>Pero la broma no daba para mucho, creo que escrib\u00ed dos o tres tuits. Y para colmo no lo insulte, solo dije las tipicas bobadas que suelo decir.<\/p>\n<p>Y de pronto, como un trueno en el cielo despejado<strong> el propio Ibsen Martinez<\/strong> a trav\u00e9s de su cuenta en twitter, cuenta que de paso dice que es una porqueria. Me responde destempladamente:<\/p>\n<p><strong><a href=\"http:\/\/twitter.com\/luix\" target=\"_blank\">@luix<\/a> S\u00f3lo los tontos no cambian de idea. Tonta. \u00bfO tonto? Luix no me suena a macho y yo soy homof\u00f3bico.<\/strong><\/p>\n<p><a href=\"http:\/\/twitter.com\/Ibsen_martinez\/status\/95656420724314112?iid=am-156194753213116412428238332&amp;nid=4&amp;uid=6446052\" target=\"_blank\">Jul 25, 9:47 PM<\/a> v\u00eda web<\/p>\n<p><a href=\"http:\/\/twitter.com\/Ibsen_martinez\/status\/95656420724314112?iid=am-156194753213116412428238332&amp;nid=4&amp;uid=6446052\" target=\"_blank\"><img data-recalc-dims=\"1\" loading=\"lazy\" decoding=\"async\" data-attachment-id=\"16994\" data-permalink=\"https:\/\/www.panfletonegro.com\/v\/2011\/07\/27\/16988\/ibsen1\/\" data-orig-file=\"https:\/\/i0.wp.com\/www.panfletonegro.com\/v\/wp-content\/uploads\/2011\/07\/ibsen1.jpg?fit=500%2C269&amp;ssl=1\" data-orig-size=\"500,269\" data-comments-opened=\"1\" data-image-meta=\"{&quot;aperture&quot;:&quot;0&quot;,&quot;credit&quot;:&quot;&quot;,&quot;camera&quot;:&quot;&quot;,&quot;caption&quot;:&quot;&quot;,&quot;created_timestamp&quot;:&quot;0&quot;,&quot;copyright&quot;:&quot;&quot;,&quot;focal_length&quot;:&quot;0&quot;,&quot;iso&quot;:&quot;0&quot;,&quot;shutter_speed&quot;:&quot;0&quot;,&quot;title&quot;:&quot;&quot;}\" data-image-title=\"ibsen1\" data-image-description=\"\" data-image-caption=\"\" data-large-file=\"https:\/\/i0.wp.com\/www.panfletonegro.com\/v\/wp-content\/uploads\/2011\/07\/ibsen1.jpg?fit=500%2C269&amp;ssl=1\" class=\"alignnone size-full wp-image-16994\" title=\"ibsen1\" src=\"https:\/\/i0.wp.com\/www.panfletonegro.com\/v\/wp-content\/uploads\/2011\/07\/ibsen1.jpg?resize=500%2C269\" alt=\"\" width=\"500\" height=\"269\" srcset=\"https:\/\/i0.wp.com\/www.panfletonegro.com\/v\/wp-content\/uploads\/2011\/07\/ibsen1.jpg?w=500&amp;ssl=1 500w, https:\/\/i0.wp.com\/www.panfletonegro.com\/v\/wp-content\/uploads\/2011\/07\/ibsen1.jpg?resize=300%2C161&amp;ssl=1 300w\" sizes=\"auto, (max-width: 500px) 100vw, 500px\" \/><\/a><\/p>\n<p>\u00bfQue que? Pense yo.\u00bfA este pendejo que le pasa?<\/p>\n<p>Como se puede ver de manera algo o no tan soterrada, me dice marico y el a los maricos ni con el petalo de una rosa (lo ven no puedo escribir sin los lugares comunes)<\/p>\n<p>Le respondi:<\/p>\n<p>creo que el gran intelectual <a href=\"http:\/\/twitter.com\/Ibsen_martinez\">@Ibsen_martinez<\/a>tiene mejores cosas k hacer k insultar a un lego como yo, una chiripa intelectual<a title=\"4:37 am jul 26\" href=\"http:\/\/twitter.com\/#%21\/luix\/status\/95684087947329536\">26 jul<\/a><\/p>\n<p><a href=\"http:\/\/twitter.com\/#%21\/luix\/status\/95684087947329536\"><img data-recalc-dims=\"1\" loading=\"lazy\" decoding=\"async\" data-attachment-id=\"16995\" data-permalink=\"https:\/\/www.panfletonegro.com\/v\/2011\/07\/27\/16988\/luis1\/\" data-orig-file=\"https:\/\/i0.wp.com\/www.panfletonegro.com\/v\/wp-content\/uploads\/2011\/07\/luis1.jpg?fit=500%2C225&amp;ssl=1\" data-orig-size=\"500,225\" data-comments-opened=\"1\" data-image-meta=\"{&quot;aperture&quot;:&quot;0&quot;,&quot;credit&quot;:&quot;&quot;,&quot;camera&quot;:&quot;&quot;,&quot;caption&quot;:&quot;&quot;,&quot;created_timestamp&quot;:&quot;0&quot;,&quot;copyright&quot;:&quot;&quot;,&quot;focal_length&quot;:&quot;0&quot;,&quot;iso&quot;:&quot;0&quot;,&quot;shutter_speed&quot;:&quot;0&quot;,&quot;title&quot;:&quot;&quot;}\" data-image-title=\"luis1\" data-image-description=\"\" data-image-caption=\"\" data-large-file=\"https:\/\/i0.wp.com\/www.panfletonegro.com\/v\/wp-content\/uploads\/2011\/07\/luis1.jpg?fit=500%2C225&amp;ssl=1\" class=\"alignnone size-full wp-image-16995\" title=\"luis1\" src=\"https:\/\/i0.wp.com\/www.panfletonegro.com\/v\/wp-content\/uploads\/2011\/07\/luis1.jpg?resize=500%2C225\" alt=\"\" width=\"500\" height=\"225\" srcset=\"https:\/\/i0.wp.com\/www.panfletonegro.com\/v\/wp-content\/uploads\/2011\/07\/luis1.jpg?w=500&amp;ssl=1 500w, https:\/\/i0.wp.com\/www.panfletonegro.com\/v\/wp-content\/uploads\/2011\/07\/luis1.jpg?resize=300%2C135&amp;ssl=1 300w\" sizes=\"auto, (max-width: 500px) 100vw, 500px\" \/><\/a><\/p>\n<p>&nbsp;<\/p>\n<p>Vamos hablar claro, yo respetaba a Ibsen martinez por la inteligencia desplegada en sus articulos, su fina satira, su manejo del lenguaje.<\/p>\n<p><strong>Quizas twitter no sirva para tumbar gobiernos pero sirve para conocer a las personas publicas arrastrandose por el arrabal<\/strong>.<\/p>\n<p>El no se do cuenta de la gran incongruencia. No es que cambie de idea, solo los locos no cambian de idea, el asunto es que escribe un articulo dando razones filosoficas, morales y eticas por la cual twitter es una porqueria y de pronto vuelve, es como <strong>si el Papa despu\u00e9s de hablar tanto contra los gay diga que se equivoco y se meta a gay bailando en el carnaval de Rio.<\/strong><\/p>\n<p>Vamos.<\/p>\n<p>El tenia una postura y en su articulo la expuso muy claramente, y de repente, manda todas sus palabras al carajo, todos sus principios eticos a la cloaca.<\/p>\n<p>Eso no es un simple cambio de idea.<\/p>\n<p>Es como si la virgen Maria dijese que cambio de idea y se mete a puta en la libertador. \u201cYa que solo los locos no cambian de idea\u201d.<a href=\"https:\/\/i0.wp.com\/1.bp.blogspot.com\/-STzzWw0aWs4\/TjAvVEiXYGI\/AAAAAAAAEHM\/4E-2NlM-8GE\/s1600\/1438-uribe-corrupcion-color.jpg\"><img data-recalc-dims=\"1\" decoding=\"async\" src=\"https:\/\/i0.wp.com\/1.bp.blogspot.com\/-STzzWw0aWs4\/TjAvVEiXYGI\/AAAAAAAAEHM\/4E-2NlM-8GE\/s1600\/1438-uribe-corrupcion-color.jpg?w=696\" alt=\"\" border=\"0\" \/><\/a><\/p>\n<p><strong>\u00bfEse es el Gran intelectual?<\/strong><\/p>\n<p>No pana, el tipo es un impostor y aqu\u00ed lo demuestra, en su pobreza de an\u00e1lisis.<\/p>\n<p>Por lo menos las<strong> <\/strong><a href=\"http:\/\/havladdorias.blogspot.com\/\"><strong>razones para dejar twitter de @vladomania<\/strong>,<\/a> por mas tonta que sean est\u00e1n mas justificada que las de <strong>Ibsen <\/strong>quien realizo un tratado de principios, convenci\u00f3 a nosecuantos no entrar a twitter, ya que tiene un peso en el pa\u00eds por sus opiniones y luego se mete a puta.<\/p>\n<p>Eso si es bajo.<\/p>\n<p><strong>El asunto no es cambiar de idea. Es ser consecuente con lo que uno dice y hace<\/strong>.<\/p>\n<p>Lo cual es muy diferente, el mismo en innumerables art\u00edculos a criticado a Chavez por el gran trecho entre lo que dice y lo hace. Y luego el comete ese pecado.<\/p>\n<div class=\"separator\" style=\"clear: both; text-align: center;\"><a href=\"https:\/\/i0.wp.com\/3.bp.blogspot.com\/-jFDVI4304lM\/TjAvw3JrX3I\/AAAAAAAAEHQ\/czrEUyPy_FI\/s1600\/VM-1.jpg\"><img data-recalc-dims=\"1\" loading=\"lazy\" decoding=\"async\" src=\"https:\/\/i0.wp.com\/3.bp.blogspot.com\/-jFDVI4304lM\/TjAvw3JrX3I\/AAAAAAAAEHQ\/czrEUyPy_FI\/s400\/VM-1.jpg?resize=308%2C400\" alt=\"\" width=\"308\" height=\"400\" border=\"0\" \/><\/a><\/div>\n<p>Soy una persona com\u00fan, me conocen en mi casa y de vainas y el me trata de esa manera desde la c\u00faspide de su autoria moral, para con sus sabias palabras aplastarme cual cucaracha. Y lo hace ya que me considera inferior a sus laureles <em><strong><span class=\"Apple-style-span\" style=\"color: #bf9000;\">\u201c\u00bfC\u00f3mo osa este paramecium hacer una critica a mi infinita sabidur\u00eda?\u201d \u201c\u00bfno sabe con quien se mete? \u00bfno acepto criticas de personas sin calificaciones igual o superior (lo cual dudo) a las m\u00edas?<\/span><\/strong><\/em>\u201d<\/p>\n<p>\u00bfQue como lo se?<\/p>\n<p>Con este tuit de Ibsen,<\/p>\n<p><strong><a href=\"http:\/\/twitter.com\/luix\">@luix<\/a> No lo dije yo: lo dice Malcolm Gladwell pero , lcaro, t\u00f9 no sabes qui\u00e9n es Gladwell.<\/strong><\/p>\n<p><a title=\"10:17 am jul 26\" href=\"http:\/\/twitter.com\/#%21\/Ibsen_martinez\/status\/95769723505094656\">26 jul<\/a><\/p>\n<p><a href=\"http:\/\/twitter.com\/#%21\/Ibsen_martinez\/status\/95769723505094656\"><img data-recalc-dims=\"1\" loading=\"lazy\" decoding=\"async\" data-attachment-id=\"16996\" data-permalink=\"https:\/\/www.panfletonegro.com\/v\/2011\/07\/27\/16988\/ibsen2\/\" data-orig-file=\"https:\/\/i0.wp.com\/www.panfletonegro.com\/v\/wp-content\/uploads\/2011\/07\/ibsen2.jpg?fit=500%2C280&amp;ssl=1\" data-orig-size=\"500,280\" data-comments-opened=\"1\" data-image-meta=\"{&quot;aperture&quot;:&quot;0&quot;,&quot;credit&quot;:&quot;&quot;,&quot;camera&quot;:&quot;&quot;,&quot;caption&quot;:&quot;&quot;,&quot;created_timestamp&quot;:&quot;0&quot;,&quot;copyright&quot;:&quot;&quot;,&quot;focal_length&quot;:&quot;0&quot;,&quot;iso&quot;:&quot;0&quot;,&quot;shutter_speed&quot;:&quot;0&quot;,&quot;title&quot;:&quot;&quot;}\" data-image-title=\"ibsen2\" data-image-description=\"\" data-image-caption=\"\" data-large-file=\"https:\/\/i0.wp.com\/www.panfletonegro.com\/v\/wp-content\/uploads\/2011\/07\/ibsen2.jpg?fit=500%2C280&amp;ssl=1\" class=\"alignnone size-full wp-image-16996\" title=\"ibsen2\" src=\"https:\/\/i0.wp.com\/www.panfletonegro.com\/v\/wp-content\/uploads\/2011\/07\/ibsen2.jpg?resize=500%2C280\" alt=\"\" width=\"500\" height=\"280\" srcset=\"https:\/\/i0.wp.com\/www.panfletonegro.com\/v\/wp-content\/uploads\/2011\/07\/ibsen2.jpg?w=500&amp;ssl=1 500w, https:\/\/i0.wp.com\/www.panfletonegro.com\/v\/wp-content\/uploads\/2011\/07\/ibsen2.jpg?resize=300%2C168&amp;ssl=1 300w\" sizes=\"auto, (max-width: 500px) 100vw, 500px\" \/><\/a><\/p>\n<p>Claro yo no puedo saber quien es <strong>Gladwell,<\/strong> soy un entupido e inculto a su lado, pertenezco a la lumpen intelectual \u00bfse imaginan su susto al saber que Yo si lo leo <span class=\"Apple-style-span\" style=\"font-family: sans-serif; line-height: 19px;\"><em><strong><a title=\"The New Yorker\" href=\"http:\/\/en.wikipedia.org\/wiki\/The_New_Yorker\">The New Yorker<\/a>?<\/strong><\/em><\/span><span class=\"Apple-style-span\" style=\"font-family: Arial,Helvetica,sans-serif;\"> .Y no para d\u00e1rmelas de intelectual. Todos saben que no lo soy, sino por curiosidad que ha sido la maldici\u00f3n de mi vida. Y jam\u00e1s utilizar\u00eda esa clase de argumentos para descalificar a otros.<\/span><\/p>\n<p>Si he le\u00eddo que jode sobre ciencias pero jam\u00e1s he dicho a alguien <em>\u201ceso lo dijo<strong> <a href=\"http:\/\/en.wikipedia.org\/wiki\/Roger_Penrose\">Penrose,<\/a><\/strong> pero t\u00fa no tienes la capacidad intelectual de entender sus libros\u201d.<\/em><\/p>\n<p>Por el contrario trato de explicar lo que<strong> Penrose<\/strong> dice con sus matem\u00e1ticas.<\/p>\n<p>Para mi eso significa una profunda inseguridad. Conozco a muchas personas que son iguales, que leen obras, y libros no debido a que desean hacerlo, quiz\u00e1s hasta les fastidia, pero lo hacen para darse el brillo de ser intelectuales.<\/p>\n<p>Y me hace comprender mejor sus art\u00edculos, ese estilo tan lleno de fuegos artificiales, con esa parafernalia de palabras raras e infrecuentes solo le sirve de parapeto a su profunda vacuidad interior.<\/p>\n<p><strong>Es otro intelectual de pacotillas.<\/strong><\/p>\n<p>Mejor me quedo con Ulive, otro buhonero del conocimiento y<a href=\"http:\/\/li.co.ve\/bBz\"><strong> su articulo sobre Twitter<\/strong><\/a> es mas profundo y mas relevante que las imposturas intelectuales de Ibsen.<\/p>\n<p>Pero quiz\u00e1s deber\u00eda darle las gracias, por lo menos me sirvi\u00f3 para no respetar a falsos \u00eddolos<\/p>\n<p><strong><em>Las caricaturas son robadas descaradamente de @vladomania<\/em><\/strong><\/p>\n<\/div>\n","protected":false},"excerpt":{"rendered":"<p>introito En estos d\u00edas en Colombia los tuiteros se alborotaron ya que uno de sus mas connotados caricaturistas @Vladdo se retiro de twitter debido a que lo atacaban sin misericordia. El es muy bueno, no es un Zapata pero si como @Rayma, evidentemente al ser una persona publica, es criticada y muchos piensan que el [&hellip;]<\/p>\n","protected":false},"author":1033,"featured_media":16994,"comment_status":"open","ping_status":"open","sticky":false,"template":"","format":"standard","meta":{"jetpack_post_was_ever_published":false,"_jetpack_newsletter_access":"","_jetpack_dont_email_post_to_subs":false,"_jetpack_newsletter_tier_id":0,"_jetpack_memberships_contains_paywalled_content":false,"_jetpack_memberships_contains_paid_content":false,"footnotes":"","jetpack_publicize_message":"","jetpack_publicize_feature_enabled":true,"jetpack_social_post_already_shared":false,"jetpack_social_options":{"image_generator_settings":{"template":"highway","default_image_id":0,"font":"","enabled":false},"version":2}},"categories":[6],"tags":[],"class_list":{"0":"post-16988","1":"post","2":"type-post","3":"status-publish","4":"format-standard","5":"has-post-thumbnail","7":"category-confesionario"},"jetpack_publicize_connections":[],"jetpack_featured_media_url":"https:\/\/i0.wp.com\/www.panfletonegro.com\/v\/wp-content\/uploads\/2011\/07\/ibsen1.jpg?fit=500%2C269&ssl=1","jetpack_shortlink":"https:\/\/wp.me\/sfpCD-16988","jetpack_sharing_enabled":true,"_links":{"self":[{"href":"https:\/\/www.panfletonegro.com\/v\/wp-json\/wp\/v2\/posts\/16988","targetHints":{"allow":["GET"]}}],"collection":[{"href":"https:\/\/www.panfletonegro.com\/v\/wp-json\/wp\/v2\/posts"}],"about":[{"href":"https:\/\/www.panfletonegro.com\/v\/wp-json\/wp\/v2\/types\/post"}],"author":[{"embeddable":true,"href":"https:\/\/www.panfletonegro.com\/v\/wp-json\/wp\/v2\/users\/1033"}],"replies":[{"embeddable":true,"href":"https:\/\/www.panfletonegro.com\/v\/wp-json\/wp\/v2\/comments?post=16988"}],"version-history":[{"count":0,"href":"https:\/\/www.panfletonegro.com\/v\/wp-json\/wp\/v2\/posts\/16988\/revisions"}],"wp:featuredmedia":[{"embeddable":true,"href":"https:\/\/www.panfletonegro.com\/v\/wp-json\/wp\/v2\/media\/16994"}],"wp:attachment":[{"href":"https:\/\/www.panfletonegro.com\/v\/wp-json\/wp\/v2\/media?parent=16988"}],"wp:term":[{"taxonomy":"category","embeddable":true,"href":"https:\/\/www.panfletonegro.com\/v\/wp-json\/wp\/v2\/categories?post=16988"},{"taxonomy":"post_tag","embeddable":true,"href":"https:\/\/www.panfletonegro.com\/v\/wp-json\/wp\/v2\/tags?post=16988"}],"curies":[{"name":"wp","href":"https:\/\/api.w.org\/{rel}","templated":true}]}}