{"id":16568,"date":"2011-07-11T12:05:03","date_gmt":"2011-07-11T16:35:03","guid":{"rendered":"http:\/\/www.panfletonegro.com\/v\/?p=16568"},"modified":"2011-07-11T12:05:03","modified_gmt":"2011-07-11T16:35:03","slug":"el-leon","status":"publish","type":"post","link":"https:\/\/www.panfletonegro.com\/v\/2011\/07\/11\/el-leon\/","title":{"rendered":"el le\u00f3n"},"content":{"rendered":"<p>un poco de contexto: <\/p>\n<p>hoy es d\u00eda de fiesta para la comunidad flamenca en b\u00e9lgica. se celebra que hace poco mas de 700 a\u00f1os los campesinos flamencos se armaron de valor y palos y vencieron al ej\u00e9rcito franc\u00e9s que ocupaba lo que hoy es un pedazo de flandes y obtuvieron asi una libertad que dur\u00f3 algo asi como dos dias, antes de que los franceses se reagruparan y arrasaran con los amotinados. esa victoria es conocida como el \u00abd\u00eda de las espuelas doradas\u00bb, porque luego de la batalla, los vencedores le arrancaron las espuelas a los franceses muertos. las espuelas, segun la mitolog\u00eda, eran de oro.<\/p>\n<p>de hecho, todo esto es mera mitolog\u00eda. el recuento de los acontecimientos (para la gran mayor\u00eda) est\u00e1 basado casi exclusivamente en el libro \u00abEl Le\u00f3n de Flandes\u00bb de hendrik conscience. el libro, que no he le\u00eddo, es tan fiel a la historia como las leyendas del rey arturo, segun entiendo.<\/p>\n<p>a pesar de la fantas\u00eda que rodea el cuento, los flamencos adoptan con bastante felicidad al le\u00f3n de flandes como su s\u00edmbolo. sobre todo los nacionalistas: el le\u00f3n de flandes es una imagen que es utilizada por los nacionalistas flamencos, un raro h\u00edbrido populista ultraliberal de derechas, para darle rostro a una arrechera hist\u00f3rica, para denunciar una sensaci\u00f3n arraigada en el seno nacionalista de que todo el mundo se quiere aprovechar del flamenco honesto y trabajador: los inmigrantes, los habitantes de la parte franc\u00f3fona del pais, los griegos y su crisis, todos. un discurso, por cierto, muy poco original en el ambientillo ultranacionalista europeo.<\/p>\n<p>total que el le\u00f3n de flandes siempre est\u00e1 arrecho. el le\u00f3n de flandes va a patear a los negritos. el le\u00f3n de flandes se coge al orgulloso gallito que representa a los franc\u00f3fonos belgas. el le\u00f3n de flandes es fuerte. el le\u00f3n de flandes no negocia ni es doblegado. <\/p>\n<p>hoy d\u00eda, la utilidad m\u00e1s patente del felino subsahariano es la idea de que el le\u00f3n de flandes bajo ning\u00fan pretexto va a aceptar condiciones en la formaci\u00f3n de un gobierno federal belga. bajo esta premisa, se ha boicoteado consistentemente todos los intentos de formaci\u00f3n de un gobierno federal belga desde el 13 de junio del a\u00f1o pasado y hoy dia los negociadores est\u00e1n (sin exagerar) m\u00e1s lejos de alcanzar un acuerdo que hace 393 dias.<\/p>\n<p>sin embargo, hace poco vi una imagen que me result\u00f3 sorprendente: un grupo multicultural de artistas callejeros presentaba una obra en la que tras unos pasitos de baile al ritmo de un vals tradicional flamenco, todos los bailarines, de todos los colores y vestimentas, terminaban congelados en una posici\u00f3n muy parecida a la estrategia de la grulla del karate kid, pero con garras en vez de alas. sin esfuerzo alguno reconoc\u00ed al le\u00f3n de flandes en la coreograf\u00eda, pero esta vez hab\u00eda una diferencia esencial: el le\u00f3n de flandes esbozaba con timidez una sonrisa.<br \/>\n<a href=\"https:\/\/i0.wp.com\/www.panfletonegro.com\/v\/wp-content\/uploads\/2011\/07\/vlaamse-leeuwen.jpg\"><img data-recalc-dims=\"1\" loading=\"lazy\" decoding=\"async\" data-attachment-id=\"16569\" data-permalink=\"https:\/\/www.panfletonegro.com\/v\/2011\/07\/11\/el-leon\/vlaamse-leeuwen\/\" data-orig-file=\"https:\/\/i0.wp.com\/www.panfletonegro.com\/v\/wp-content\/uploads\/2011\/07\/vlaamse-leeuwen.jpg?fit=600%2C399&amp;ssl=1\" data-orig-size=\"600,399\" data-comments-opened=\"1\" data-image-meta=\"{&quot;aperture&quot;:&quot;0&quot;,&quot;credit&quot;:&quot;&quot;,&quot;camera&quot;:&quot;&quot;,&quot;caption&quot;:&quot;&quot;,&quot;created_timestamp&quot;:&quot;0&quot;,&quot;copyright&quot;:&quot;&quot;,&quot;focal_length&quot;:&quot;0&quot;,&quot;iso&quot;:&quot;0&quot;,&quot;shutter_speed&quot;:&quot;0&quot;,&quot;title&quot;:&quot;&quot;}\" data-image-title=\"vlaamse leeuwen\" data-image-description=\"\" data-image-caption=\"\" data-large-file=\"https:\/\/i0.wp.com\/www.panfletonegro.com\/v\/wp-content\/uploads\/2011\/07\/vlaamse-leeuwen.jpg?fit=600%2C399&amp;ssl=1\" src=\"https:\/\/i0.wp.com\/www.panfletonegro.com\/v\/wp-content\/uploads\/2011\/07\/vlaamse-leeuwen.jpg?resize=600%2C399\" alt=\"\" width=\"600\" height=\"399\" class=\"aligncenter size-full wp-image-16569\" srcset=\"https:\/\/i0.wp.com\/www.panfletonegro.com\/v\/wp-content\/uploads\/2011\/07\/vlaamse-leeuwen.jpg?w=600&amp;ssl=1 600w, https:\/\/i0.wp.com\/www.panfletonegro.com\/v\/wp-content\/uploads\/2011\/07\/vlaamse-leeuwen.jpg?resize=300%2C199&amp;ssl=1 300w\" sizes=\"auto, (max-width: 600px) 100vw, 600px\" \/><\/a><br \/>\nesa sonrisa me desarm\u00f3. por primera vez en mis diez a\u00f1os en suelo flamenco, el le\u00f3n de flandes me inspiraba algo de calidez. por primera vez en diez a\u00f1os el le\u00f3n de flandes no estaba ah\u00ed para excluir a nadie. el le\u00f3n de flandes no necesitaba asustar a nadie. el le\u00f3n de flandes, por primera vez, no era el portador de una inmensa arrechera.<\/p>\n<p>quizas no fui el unico que vi\u00f3 esa imagen, pero pens\u00e9 que de alguna manera era mi deber aceptar esa invitaci\u00f3n a involucrarme en la problem\u00e1tica local. que era mi deber, perteneciendo (tambi\u00e9n) a eso que se representa cuando se dice \u00abflandes\u00bb, compartir esa imagen que a mi me resultaba raramente esperanzadora.<\/p>\n<p>si un pol\u00edtico de tendencia excluyente me utiliza para legitimar su discurso, es mi responsabilidad negarme a ello. es mi responsabilidad dejar ver que para muchos el le\u00f3n de flandes no es negro con fondo amarillo, sino que somos todos los que vivimos ac\u00e1, de todos colores. que para muchos, el le\u00f3n de flandes no es una fiera salvaje siempre en pie de guerra, sino una c\u00e1lida imagen que de vez en cuando sonr\u00ede y relativiza y secretamente teme hacer el rid\u00edculo cuando se muestra vulnerable.<\/p>\n<p>con eso en mente se construye este video que termina diciendo \u00abFelices fiestas de la Comunidad Flamenca\u00bb. este video protagonizado por el le\u00f3n de flandes, el mismo que me di\u00f3 la bienvenida hace diez a\u00f1os, parado sobre las palabras STOP IMMIGRATIE (las primeras palabras que entendi de este idioma).<\/p>\n<p>suficiente contexto, creo.<\/p>\n<p><span class=\"embed-youtube\" style=\"text-align:center; display: block;\"><iframe loading=\"lazy\" class=\"youtube-player\" width=\"696\" height=\"392\" src=\"https:\/\/www.youtube.com\/embed\/flgL2HdkrAI?version=3&#038;rel=1&#038;showsearch=0&#038;showinfo=1&#038;iv_load_policy=1&#038;fs=1&#038;hl=es-ES&#038;autohide=2&#038;wmode=transparent\" allowfullscreen=\"true\" style=\"border:0;\" sandbox=\"allow-scripts allow-same-origin allow-popups allow-presentation allow-popups-to-escape-sandbox\"><\/iframe><\/span><\/p>\n","protected":false},"excerpt":{"rendered":"<p>un poco de contexto: hoy es d\u00eda de fiesta para la comunidad flamenca en b\u00e9lgica. se celebra que hace poco mas de 700 a\u00f1os los campesinos flamencos se armaron de valor y palos y vencieron al ej\u00e9rcito franc\u00e9s que ocupaba lo que hoy es un pedazo de flandes y obtuvieron asi una libertad que dur\u00f3 [&hellip;]<\/p>\n","protected":false},"author":13,"featured_media":16569,"comment_status":"open","ping_status":"open","sticky":false,"template":"","format":"standard","meta":{"jetpack_post_was_ever_published":false,"_jetpack_newsletter_access":"","_jetpack_dont_email_post_to_subs":false,"_jetpack_newsletter_tier_id":0,"_jetpack_memberships_contains_paywalled_content":false,"_jetpack_memberships_contains_paid_content":false,"footnotes":"","jetpack_publicize_message":"","jetpack_publicize_feature_enabled":true,"jetpack_social_post_already_shared":false,"jetpack_social_options":{"image_generator_settings":{"template":"highway","default_image_id":0,"font":"","enabled":false},"version":2}},"categories":[1],"tags":[],"class_list":{"0":"post-16568","1":"post","2":"type-post","3":"status-publish","4":"format-standard","5":"has-post-thumbnail","7":"category-azares"},"jetpack_publicize_connections":[],"jetpack_featured_media_url":"https:\/\/i0.wp.com\/www.panfletonegro.com\/v\/wp-content\/uploads\/2011\/07\/vlaamse-leeuwen.jpg?fit=600%2C399&ssl=1","jetpack_shortlink":"https:\/\/wp.me\/pfpCD-4je","jetpack_sharing_enabled":true,"_links":{"self":[{"href":"https:\/\/www.panfletonegro.com\/v\/wp-json\/wp\/v2\/posts\/16568","targetHints":{"allow":["GET"]}}],"collection":[{"href":"https:\/\/www.panfletonegro.com\/v\/wp-json\/wp\/v2\/posts"}],"about":[{"href":"https:\/\/www.panfletonegro.com\/v\/wp-json\/wp\/v2\/types\/post"}],"author":[{"embeddable":true,"href":"https:\/\/www.panfletonegro.com\/v\/wp-json\/wp\/v2\/users\/13"}],"replies":[{"embeddable":true,"href":"https:\/\/www.panfletonegro.com\/v\/wp-json\/wp\/v2\/comments?post=16568"}],"version-history":[{"count":0,"href":"https:\/\/www.panfletonegro.com\/v\/wp-json\/wp\/v2\/posts\/16568\/revisions"}],"wp:featuredmedia":[{"embeddable":true,"href":"https:\/\/www.panfletonegro.com\/v\/wp-json\/wp\/v2\/media\/16569"}],"wp:attachment":[{"href":"https:\/\/www.panfletonegro.com\/v\/wp-json\/wp\/v2\/media?parent=16568"}],"wp:term":[{"taxonomy":"category","embeddable":true,"href":"https:\/\/www.panfletonegro.com\/v\/wp-json\/wp\/v2\/categories?post=16568"},{"taxonomy":"post_tag","embeddable":true,"href":"https:\/\/www.panfletonegro.com\/v\/wp-json\/wp\/v2\/tags?post=16568"}],"curies":[{"name":"wp","href":"https:\/\/api.w.org\/{rel}","templated":true}]}}