{"id":16399,"date":"2011-07-03T17:15:10","date_gmt":"2011-07-03T21:45:10","guid":{"rendered":"http:\/\/www.panfletonegro.com\/v\/?p=16399"},"modified":"2011-11-30T15:30:51","modified_gmt":"2011-11-30T20:00:51","slug":"llamame-facho","status":"publish","type":"post","link":"https:\/\/www.panfletonegro.com\/v\/2011\/07\/03\/llamame-facho\/","title":{"rendered":"Ll\u00e1mame facho."},"content":{"rendered":"<p><img decoding=\"async\" src=\"http:\/\/images.eluniversal.com\/2011\/07\/03\/10280454_copia.jpg.520.360.thumb\" alt=\"\" \/><\/p>\n<p>Acabo de leer <a href=\"http:\/\/caracas.eluniversal.com\/2011\/07\/03\/ese-dia-no-murieron-tres-perritos.shtml\">esta noticia<\/a> en el diario y estoy que no aguanto el espanto y la indignaci\u00f3n.<\/p>\n<p>Una joven mujer de 24 a\u00f1os sale de su casa, en La Vega, para llevar a su hijo mayor (8 a\u00f1os) al colegio. A mitad de camino, advierte que su casa se est\u00e1 quemando. Regresa apresurada. Al llegar, se da cuenta de que hay varios vecinos tratando de apagar el fuego. Sus otros tres hijos (8 meses, 2 y 5 a\u00f1os) estaban en la casa. Ella guarda la esperanza de que alguien haya logrado sacarlos, pero pronto se da cuenta de que los tres han muerto en el incendio. Los m\u00e1s peque\u00f1os, quedaron en el cuarto donde dorm\u00edan. El mayor muere acurrucado tratando de protegerse de las llamas.<\/p>\n<p>Dif\u00edcil imaginar la angustia de ese pobre ni\u00f1o. Dif\u00edcil imaginarse el dolor de la madre. El hermano sobreviviente, por el trauma, de cu\u00e1ndo en cu\u00e1ndo toma un cuchillo y dice que quiere matar a los que quemaron a sus hermanitos.<\/p>\n<p>\u00bfDesafortunado accidente? No. El incendio fue provocado por una banda que ten\u00eda problemas con los due\u00f1os del rancho. Al parecer, los malandros acostumbraban a pasar frente a esa casa cuando hu\u00edan de un sector del barrio a otro. Los due\u00f1os decidieron cercar la entrada, obstaculizando as\u00ed el paso de los delincuentes. As\u00ed que estos j\u00f3venes decidieron  quemar la casa, sin importarles lo que pasara con tres ni\u00f1os inocentes.<\/p>\n<p>La polic\u00eda sabe qui\u00e9nes fueron. No s\u00e9 si habr\u00e1n hecho algo. En todo caso, supongamos que los agarran y los llevan presos. \u00bfCu\u00e1l ser\u00e1 el destino de \u00abEl Pedrito\u00bb, \u00abEl Meiker\u00bb y \u00abEl Yurme\u00bb ? Ciertamente tendr\u00e1n muchos m\u00e1s defensores de los que tuvieron esos tres inocentes que sufrieron una muerte tan atroz. Para empezar, un abogado los defender\u00e1 y har\u00e1 todo lo posible por acortar su condena. Luego ir\u00e1n a parar a una c\u00e1rcel venezolana e <em>ipso facto<\/em> pasar\u00e1n de ser tres psic\u00f3patas a tres pobres angelitos del Se\u00f1or a quienes hay que defender de esos perversos Guardias Nacionales, tan crueles ellos, que sistem\u00e1ticamente irrespetan los derechos humanos de tan honorables ciudadanos.<\/p>\n<p>Una sociedad que genera tres basuras como \u00abEl Pedrito\u00bb, \u00abEl Meiker\u00bb y \u00abEl Yurme\u00bb , tiene necesariamente que estar podrida hasta la ra\u00edz. Es tiempo de que nos replanteemos un mont\u00f3n de conceptos que ya aparentemente no nos sirven. En primer lugar, debemos buscar la manera de eliminar de la sociedad el tumor que la corroe. Actuar de otra manera ser\u00eda suicida. Estoy hablando de eliminar f\u00edsicamente, borrarlos del mapa, impedir que sigan haciendo da\u00f1o a gente inocente. No creo que los psic\u00f3patas que quemaron vivos a esos beb\u00e9s sean capaces de regenerarse. No es posible. Ni a\u00fan cuando nuestro sistema penitenciario fuera ideal y estuviera regido por \u00e1ngeles. <\/p>\n<p>Por eso a la sociedad no le interesa lo que le pase a la gente del Rodeo. T\u00fa no puedes vivir una vida completa azotando a la sociedad y cometiendo actos abominables y luego pedir que te traten con un m\u00ednimo de consideraci\u00f3n. Apenas da\u00f1as una vida humana, est\u00e1s renunciado a tus derechos humanos; apenas te pones en contra de la sociedad, deber\u00edas perder los privilegios que te proporciona  el formar parte de ella. <\/p>\n<p>El que no vibre de indignaci\u00f3n ante la noticia que trajo hoy El Universal, deber\u00eda tomarse el pulso, porque dudo mucho que est\u00e9 vivo. <\/p>\n<p>Ll\u00e1menme fascista si quieren. Total, me han llamado cosas mucho peores. Uno termina acostumbr\u00e1ndose a ser juzgado por esas mentes incapaces de superar el proceso de domesticaci\u00f3n al que han sido sometidas. <\/p>\n","protected":false},"excerpt":{"rendered":"<p>Acabo de leer esta noticia en el diario y estoy que no aguanto el espanto y la indignaci\u00f3n. Una joven mujer de 24 a\u00f1os sale de su casa, en La Vega, para llevar a su hijo mayor (8 a\u00f1os) al colegio. A mitad de camino, advierte que su casa se est\u00e1 quemando. Regresa apresurada. Al [&hellip;]<\/p>\n","protected":false},"author":256,"featured_media":0,"comment_status":"open","ping_status":"open","sticky":false,"template":"","format":"standard","meta":{"jetpack_post_was_ever_published":false,"_jetpack_newsletter_access":"","_jetpack_dont_email_post_to_subs":false,"_jetpack_newsletter_tier_id":0,"_jetpack_memberships_contains_paywalled_content":false,"_jetpack_memberships_contains_paid_content":false,"footnotes":"","jetpack_publicize_message":"","jetpack_publicize_feature_enabled":true,"jetpack_social_post_already_shared":false,"jetpack_social_options":{"image_generator_settings":{"template":"highway","default_image_id":0,"font":"","enabled":false},"version":2}},"categories":[3],"tags":[],"class_list":{"0":"post-16399","1":"post","2":"type-post","3":"status-publish","4":"format-standard","6":"category-descontento"},"jetpack_publicize_connections":[],"jetpack_featured_media_url":"","jetpack_shortlink":"https:\/\/wp.me\/pfpCD-4gv","jetpack_sharing_enabled":true,"_links":{"self":[{"href":"https:\/\/www.panfletonegro.com\/v\/wp-json\/wp\/v2\/posts\/16399","targetHints":{"allow":["GET"]}}],"collection":[{"href":"https:\/\/www.panfletonegro.com\/v\/wp-json\/wp\/v2\/posts"}],"about":[{"href":"https:\/\/www.panfletonegro.com\/v\/wp-json\/wp\/v2\/types\/post"}],"author":[{"embeddable":true,"href":"https:\/\/www.panfletonegro.com\/v\/wp-json\/wp\/v2\/users\/256"}],"replies":[{"embeddable":true,"href":"https:\/\/www.panfletonegro.com\/v\/wp-json\/wp\/v2\/comments?post=16399"}],"version-history":[{"count":0,"href":"https:\/\/www.panfletonegro.com\/v\/wp-json\/wp\/v2\/posts\/16399\/revisions"}],"wp:attachment":[{"href":"https:\/\/www.panfletonegro.com\/v\/wp-json\/wp\/v2\/media?parent=16399"}],"wp:term":[{"taxonomy":"category","embeddable":true,"href":"https:\/\/www.panfletonegro.com\/v\/wp-json\/wp\/v2\/categories?post=16399"},{"taxonomy":"post_tag","embeddable":true,"href":"https:\/\/www.panfletonegro.com\/v\/wp-json\/wp\/v2\/tags?post=16399"}],"curies":[{"name":"wp","href":"https:\/\/api.w.org\/{rel}","templated":true}]}}