{"id":16118,"date":"2011-06-25T11:02:17","date_gmt":"2011-06-25T15:32:17","guid":{"rendered":"http:\/\/www.panfletonegro.com\/v\/?p=16118"},"modified":"2011-11-03T11:43:40","modified_gmt":"2011-11-03T16:13:40","slug":"buscando-la-luz-del-tunel","status":"publish","type":"post","link":"https:\/\/www.panfletonegro.com\/v\/2011\/06\/25\/buscando-la-luz-del-tunel\/","title":{"rendered":"Buscando la luz del t\u00fanel"},"content":{"rendered":"<p><a href=\"https:\/\/i0.wp.com\/www.panfletonegro.com\/v\/wp-content\/uploads\/2011\/06\/flor-marchita.jpg\"><img data-recalc-dims=\"1\" loading=\"lazy\" decoding=\"async\" data-attachment-id=\"16119\" data-permalink=\"https:\/\/www.panfletonegro.com\/v\/2011\/06\/25\/buscando-la-luz-del-tunel\/flor-marchita\/\" data-orig-file=\"https:\/\/i0.wp.com\/www.panfletonegro.com\/v\/wp-content\/uploads\/2011\/06\/flor-marchita.jpg?fit=500%2C500&amp;ssl=1\" data-orig-size=\"500,500\" data-comments-opened=\"1\" data-image-meta=\"{&quot;aperture&quot;:&quot;0&quot;,&quot;credit&quot;:&quot;&quot;,&quot;camera&quot;:&quot;&quot;,&quot;caption&quot;:&quot;&quot;,&quot;created_timestamp&quot;:&quot;0&quot;,&quot;copyright&quot;:&quot;&quot;,&quot;focal_length&quot;:&quot;0&quot;,&quot;iso&quot;:&quot;0&quot;,&quot;shutter_speed&quot;:&quot;0&quot;,&quot;title&quot;:&quot;&quot;}\" data-image-title=\"flor-marchita\" data-image-description=\"\" data-image-caption=\"\" data-large-file=\"https:\/\/i0.wp.com\/www.panfletonegro.com\/v\/wp-content\/uploads\/2011\/06\/flor-marchita.jpg?fit=500%2C500&amp;ssl=1\" class=\"size-medium wp-image-16119 aligncenter\" src=\"https:\/\/i0.wp.com\/www.panfletonegro.com\/v\/wp-content\/uploads\/2011\/06\/flor-marchita-300x300.jpg?resize=300%2C300\" alt=\"\" width=\"300\" height=\"300\" srcset=\"https:\/\/i0.wp.com\/www.panfletonegro.com\/v\/wp-content\/uploads\/2011\/06\/flor-marchita.jpg?resize=300%2C300&amp;ssl=1 300w, https:\/\/i0.wp.com\/www.panfletonegro.com\/v\/wp-content\/uploads\/2011\/06\/flor-marchita.jpg?resize=150%2C150&amp;ssl=1 150w, https:\/\/i0.wp.com\/www.panfletonegro.com\/v\/wp-content\/uploads\/2011\/06\/flor-marchita.jpg?w=500&amp;ssl=1 500w\" sizes=\"auto, (max-width: 300px) 100vw, 300px\" \/><\/a><\/p>\n<p style=\"text-align: justify\">Despert\u00e9 \u00a0m\u00e1s que por entusiasmo, \u00a0por el ruido del viento en la ventana o quiz\u00e1 la lluvia golpeando el viejo tejado, los \u00faltimos d\u00edas intent\u00e9 olvidar que el mundo sigue afuera y busqu\u00e9 con af\u00e1n olvidar que a la noche sucede el d\u00eda, \u00a0porque los recuerdos se empe\u00f1aron en llevarme a una noche permanente, de donde ha parecido no podr\u00eda volver a capturar los ruidos de la alegr\u00eda y no era que me quejara de ello, quer\u00eda permanecer hasta hoy sumida en la soledad, que el ruido se desvaneciera y que aquellos desastrados instantes se alejaran de mi mente, quiz\u00e1 por el agotamiento, quiz\u00e1 por el desconsuelo, por la sensaci\u00f3n desdichada de sentirme maltratada&#8230;abusada.<\/p>\n<p style=\"text-align: justify\">Y cuando pensaba que pod\u00eda alejar a todos, que desconectar el m\u00f3vil y dejar que la contestadora hiciera de guardi\u00e1n de mi empe\u00f1o de no saber de nada y nadie, me encontr\u00e9 pensando que la lluvia se empe\u00f1aba tambi\u00e9n en no dejarme olvidar el presente, permitirme evadirme como he hecho durante dos largos meses, de aquel d\u00eda nefasto cuando sin imaginarlo tom\u00e9 el camino equivocado y me encontr\u00e9 de frente a la sumisi\u00f3n, a la bestialidad, y sent\u00ed que aunque luego los m\u00e9dicos curaran mis heridas, y aquella buena mujer se empe\u00f1ara en darme consejos sobre c\u00f3mo llevar lo que dijo \u00abtr\u00e1gica experiencia\u00bb no cur\u00e9 mi alma rota en pedazos&#8230;la ilusi\u00f3n que sent\u00ed durante muchos a\u00f1os&#8230;de ser due\u00f1a de mi vida y mis decisiones&#8230;porque en un momento alguien rob\u00f3 el control de mi vida&#8230;<\/p>\n<p style=\"text-align: justify\">Y el sentirme utilizada no me ayud\u00f3 a superar las muchas noches de llanto, el pensarme que no estoy sola en el mundo y que muchas tantas superaron lo que a mi me ha parecido insuperable, tampoco calm\u00f3 la sensaci\u00f3n de asco primero, el dolor luego y el temor de hoy&#8230;pero hoy, cuando la lluvia me despertaba y el sue\u00f1o otra vez rehu\u00eda, ese sue\u00f1o que he forzado a base de pastillas para evitarme las pesadillas de verme transportada a un recuerdo que quiero olvidar, me d\u00ed cuenta por la cara de tristeza y extra\u00f1eza de mi viejo gato, que parece reprocharme el olvido en que lo he sumido&#8230;que la vida sigue su curso&#8230;y que a los sentimientos extremos que he sentido desde el momento en que lo sigo sintiendo as\u00ed, mi fe fue rota, mi privacidad \u00a0invadida y un extra\u00f1o rob\u00f3 mi confianza y traz\u00f3 un camino de amargura que no conoc\u00eda&#8230;le suceden tambi\u00e9n los momentos que he dejado transcurrir, 60 d\u00edas de renunciar a retomar la vida, yo que parec\u00eda hasta hace poco no estar nunca dispuesta a \u00a0renunciar nada&#8230;<\/p>\n<p style=\"text-align: justify\">He alimentado al gato, y he decidido ducharme pero porque siempre disfrut\u00e9 una ducha tibia mientras la lluvia ca\u00eda en la ventana, m\u00e1s que por \u00a0hacerlo tanto \u00a0como me duch\u00e9 estos meses intentando, ilusi\u00f3n m\u00eda, borrar lo que sent\u00eda las huellas de un mal recuerdo&#8230;y mientras casi me agotaba bajo la ducha caliente, pude ver la toalla rosa que me regalaron mis amigas en navidad, con sus nombres y el m\u00edo \u00a0y aquella frase que tanto me ha gustado \u00abhacia el futuro siempre\u00bb&#8230;decid\u00ed que aunque costar\u00e1 mucho que retome el futuro, que no podr\u00e9 borrar la sensaci\u00f3n de impotencia, que muchas palabras de consuelo no aliviar\u00e1n mi coraz\u00f3n, a\u00fan tengo el esp\u00edritu que sonre\u00eda pensando en el futuro, a\u00fan tengo ese futuro, a\u00fan puedo recuperarlo, aunque tarde mucho, aunque lo tenga que intentar mucho, porque lo merezco porque no quiero seguir llorando cuando deber\u00eda estar buscando la luz del t\u00fanel, esa luz que me llevar\u00e1 a donde yo quiera, a asumir que nadie puede robarme, sino lo permito, la vida que a\u00fan quiero vivir&#8230;<\/p>\n","protected":false},"excerpt":{"rendered":"<p>Despert\u00e9 \u00a0m\u00e1s que por entusiasmo, \u00a0por el ruido del viento en la ventana o quiz\u00e1 la lluvia golpeando el viejo tejado, los \u00faltimos d\u00edas intent\u00e9 olvidar que el mundo sigue afuera y busqu\u00e9 con af\u00e1n olvidar que a la noche sucede el d\u00eda, \u00a0porque los recuerdos se empe\u00f1aron en llevarme a una noche permanente, de [&hellip;]<\/p>\n","protected":false},"author":1704,"featured_media":16119,"comment_status":"open","ping_status":"open","sticky":false,"template":"","format":"standard","meta":{"jetpack_post_was_ever_published":false,"_jetpack_newsletter_access":"","_jetpack_dont_email_post_to_subs":false,"_jetpack_newsletter_tier_id":0,"_jetpack_memberships_contains_paywalled_content":false,"_jetpack_memberships_contains_paid_content":false,"footnotes":"","jetpack_publicize_message":"","jetpack_publicize_feature_enabled":true,"jetpack_social_post_already_shared":false,"jetpack_social_options":{"image_generator_settings":{"template":"highway","default_image_id":0,"font":"","enabled":false},"version":2}},"categories":[6],"tags":[308,346,68],"class_list":{"0":"post-16118","1":"post","2":"type-post","3":"status-publish","4":"format-standard","5":"has-post-thumbnail","7":"category-confesionario","8":"tag-cuento","9":"tag-cuento-corto","10":"tag-literatura"},"jetpack_publicize_connections":[],"jetpack_featured_media_url":"https:\/\/i0.wp.com\/www.panfletonegro.com\/v\/wp-content\/uploads\/2011\/06\/flor-marchita.jpg?fit=500%2C500&ssl=1","jetpack_shortlink":"https:\/\/wp.me\/pfpCD-4bY","jetpack_sharing_enabled":true,"_links":{"self":[{"href":"https:\/\/www.panfletonegro.com\/v\/wp-json\/wp\/v2\/posts\/16118","targetHints":{"allow":["GET"]}}],"collection":[{"href":"https:\/\/www.panfletonegro.com\/v\/wp-json\/wp\/v2\/posts"}],"about":[{"href":"https:\/\/www.panfletonegro.com\/v\/wp-json\/wp\/v2\/types\/post"}],"author":[{"embeddable":true,"href":"https:\/\/www.panfletonegro.com\/v\/wp-json\/wp\/v2\/users\/1704"}],"replies":[{"embeddable":true,"href":"https:\/\/www.panfletonegro.com\/v\/wp-json\/wp\/v2\/comments?post=16118"}],"version-history":[{"count":0,"href":"https:\/\/www.panfletonegro.com\/v\/wp-json\/wp\/v2\/posts\/16118\/revisions"}],"wp:featuredmedia":[{"embeddable":true,"href":"https:\/\/www.panfletonegro.com\/v\/wp-json\/wp\/v2\/media\/16119"}],"wp:attachment":[{"href":"https:\/\/www.panfletonegro.com\/v\/wp-json\/wp\/v2\/media?parent=16118"}],"wp:term":[{"taxonomy":"category","embeddable":true,"href":"https:\/\/www.panfletonegro.com\/v\/wp-json\/wp\/v2\/categories?post=16118"},{"taxonomy":"post_tag","embeddable":true,"href":"https:\/\/www.panfletonegro.com\/v\/wp-json\/wp\/v2\/tags?post=16118"}],"curies":[{"name":"wp","href":"https:\/\/api.w.org\/{rel}","templated":true}]}}