{"id":14857,"date":"2011-05-11T18:12:12","date_gmt":"2011-05-11T22:42:12","guid":{"rendered":"http:\/\/www.panfletonegro.com\/v\/?p=14857"},"modified":"2011-05-11T18:37:39","modified_gmt":"2011-05-11T23:07:39","slug":"falta-poco","status":"publish","type":"post","link":"https:\/\/www.panfletonegro.com\/v\/2011\/05\/11\/falta-poco\/","title":{"rendered":"\u00a1FALTA POCO!: NEUROSIS Y PSICOSIS ALREDEDOR DE LA LA IDEA DEL FIN DEL MUNDO"},"content":{"rendered":"<p><strong>INTRODUCCI\u00d3N<\/strong><\/p>\n<p style=\"text-align: justify\">Hace unas semanas caminaba en una estaci\u00f3n de metro y vi el siguiente anuncio:<\/p>\n<p><img data-recalc-dims=\"1\" loading=\"lazy\" decoding=\"async\" class=\"alignnone\" src=\"https:\/\/i0.wp.com\/s3.amazonaws.com\/twitpic\/photos\/full\/281638391.jpg?resize=467%2C622\" alt=\"\" width=\"467\" height=\"622\" \/><\/p>\n<blockquote>\n<p style=\"text-align: justify\">D\u00eda del Juicio Final, Mayo 21. La biblia lo garantiza<\/p>\n<\/blockquote>\n<p style=\"text-align: justify\">Al principio cre\u00ed que era una obra de teatro, o alguna campa\u00f1a de intriga. Pero no, a estas alturas es obvio que la cosa es literal.\u00a0El grupo cristiano evang\u00e9lico estadounidense <a href=\"http:\/\/www.noticias24.com\/actualidad\/noticia\/251091\/segun-evangelicos-en-canada-el-dia-del-juicio-final-es-el-21-de-mayo-de-2011-faltan-11-dias\/\" target=\"_blank\">Family Radio<\/a> cree firmemente que ese d\u00eda se acaba el mundo. Lo dice la biblia. Bueno, en realidad lo dice\u00a0Harold Camping, y \u00e9l dice que lo sac\u00f3 de la biblia.<\/p>\n<p><img data-recalc-dims=\"1\" loading=\"lazy\" decoding=\"async\" data-attachment-id=\"14858\" data-permalink=\"https:\/\/www.panfletonegro.com\/v\/2011\/05\/11\/falta-poco\/hoja-biblia\/\" data-orig-file=\"https:\/\/i0.wp.com\/www.panfletonegro.com\/v\/wp-content\/uploads\/2011\/05\/hoja-biblia.jpg?fit=372%2C564&amp;ssl=1\" data-orig-size=\"372,564\" data-comments-opened=\"1\" data-image-meta=\"{&quot;aperture&quot;:&quot;0&quot;,&quot;credit&quot;:&quot;&quot;,&quot;camera&quot;:&quot;Canon MP250 series&quot;,&quot;caption&quot;:&quot;&quot;,&quot;created_timestamp&quot;:&quot;1305136240&quot;,&quot;copyright&quot;:&quot;&quot;,&quot;focal_length&quot;:&quot;0&quot;,&quot;iso&quot;:&quot;0&quot;,&quot;shutter_speed&quot;:&quot;0&quot;,&quot;title&quot;:&quot;&quot;}\" data-image-title=\"hoja biblia\" data-image-description=\"\" data-image-caption=\"\" data-large-file=\"https:\/\/i0.wp.com\/www.panfletonegro.com\/v\/wp-content\/uploads\/2011\/05\/hoja-biblia.jpg?fit=372%2C564&amp;ssl=1\" class=\"alignnone size-medium wp-image-14858\" src=\"https:\/\/i0.wp.com\/www.panfletonegro.com\/v\/wp-content\/uploads\/2011\/05\/hoja-biblia-197x300.jpg?resize=197%2C300\" alt=\"\" width=\"197\" height=\"300\" srcset=\"https:\/\/i0.wp.com\/www.panfletonegro.com\/v\/wp-content\/uploads\/2011\/05\/hoja-biblia.jpg?resize=197%2C300&amp;ssl=1 197w, https:\/\/i0.wp.com\/www.panfletonegro.com\/v\/wp-content\/uploads\/2011\/05\/hoja-biblia.jpg?w=372&amp;ssl=1 372w\" sizes=\"auto, (max-width: 197px) 100vw, 197px\" \/><\/p>\n<p style=\"text-align: justify\">Puedes leer el folleto en espa\u00f1ol haciendo click sobre su t\u00edtulo:\u00a0<a href=\"http:\/\/worldwide.familyradio.org\/es\/literature\/ip\/es_ip.pdf\" target=\"_blank\">DIOS DA OTRA PRUEBA INFALIBLE QUE ASEGURA QUE EL RAPTO OCURRIR\u00c1 EL 21 DE MAYO DEL 2011<\/a><\/p>\n<p style=\"text-align: justify\">\u00bfCu\u00e1ntas veces han predicho el fin del mundo? Muchas \u00bfno? El mismo Camping, aparentemente, lo ha hecho m\u00e1s de una vez. Pero nada. Seguimos esperando. En s\u00ed mismo, buscar la certeza de cu\u00e1ndo se acaba el mundo, cu\u00e1ndo ser\u00e1 nuestra muerte, es un hecho curioso. \u00bfDe d\u00f3nde surge esta necesidad? Pues alguna necesidad ha de satisfacer esta b\u00fasqueda incesante del \u00abahora s\u00ed, ahora s\u00ed que nos jodimos; ya no m\u00e1s mundo; nos morimos; todos; de una; a rezar pues&#8230;\u00bb.<\/p>\n<p style=\"text-align: justify\">Freud dice en <em>El Porvenir de una Ilusi\u00f3n<\/em> (1927) que <strong>la religi\u00f3n es un intento infantil por encontrar una manera (fantasiosa) de controlar las fuerzas de la naturaleza<\/strong>. El vien\u00e9s se remonta a c\u00f3mo los fen\u00f3menos meterol\u00f3gicos &#8211; con el tsunami japon\u00e9s como nuestro recordatorio m\u00e1s reciente &#8211; dan muestra de que los humanos, como dicen los borrachos cuando filosofan, \u00abno somos nada\u00bb. As\u00ed pues, cobra sentido buscar esa fuerza externa que nos va a proteger de la desatada madre tierra y sus col\u00e9ricos embates. Por cierto, la Tierra ni es madre, ni es col\u00e9rica. Es un planeta y le vale madre lo que suceda en su superficie, pues ella no tiene conciencia. Los \u00fanicos con consciencia y con una fantas\u00eda desbordada que atribuye intenciones a objetos inanimados somos los humanos. \u00abProyecci\u00f3n\u00bb que me ense\u00f1aron en la escuela (de Psicolog\u00eda).<\/p>\n<p style=\"text-align: justify\">Precisamente por esa capacidad llamada fantas\u00eda, y tomando nuestra referencia m\u00e1s cercana -el padre- \u00a0nos inventamos un ser superior que cre\u00f3 el universo y que rige los destinos \u00aba\u00fan cuando no los entendamos\u00bb. \u00a1Pero si no hay nada que entender criaturita desvalida! El asunto es ese, que como no soportamos el sin-sentido, nos inventamos lo primero que nos calma la angustia. En resumen, la idea de Dios ocurre por un desplazamiento, con su respectiva exageraci\u00f3n de habilidades, hasta llegar a esas racionalizaciones conocidas como teolog\u00edas. Los humanos nos inventamos las mentiras y luego pasamos siglos tratando de fundamentarlas.<\/p>\n<p style=\"text-align: justify\">Con este modelo, el de la neurosis obsesiva aplicado a la cultura, Freud concluye que <strong>la religi\u00f3n es una forma de neurosis cultural<\/strong>, y cierra el texto esperando que la ciencia reemplace su lugar. Pobre Freud; \u00e9l tambi\u00e9n era humano; por eso necesitaba calmar su angustia y llenar el vac\u00edo que dejaba la religi\u00f3n con algo, ni mejor ni peor, pero s\u00ed m\u00e1s \u00fatil en t\u00e9rminos de controlar muchos fen\u00f3menos. Eso nos lleva a la idea de la ciencia como saber absoluto; pero del cientificismo y dem\u00e1s yerbas no nos ocuparemos en este post.<\/p>\n<p style=\"text-align: justify\">Entonces, hay una cosa neur\u00f3tica a la base de la predicci\u00f3n del fin del mundo. Al menos en principio, ese principio que tiene que ver con la necesidad de la religi\u00f3n. Necesitamos certezas, queremos saber, al menos para hacer los preparativos (v.g. ponernos hist\u00e9ricos, hacer algo de vandalismo, cumplir nuestros \u00faltimos deseos y, quiz\u00e1s, hacer el trance lo menos doloroso posible). Sin embargo, yo dir\u00eda que estos profetas, estos personajes que indican fechas concretas para el d\u00eda del juicio final, el colapso de las computadoras, la llegada del Armaged\u00f3n, el impacto de Herc\u00f3lobus, el fin del calendario Maya y dem\u00e1s fechas tope, introducen una forma de pensamiento que va mucho m\u00e1s atr\u00e1s, en t\u00e9rminos del desarrollo. Es decir, no son neur\u00f3ticos sino francamente psic\u00f3ticos. Locos de perinola. Planetarios, pues.<\/p>\n<p style=\"text-align: justify\">No quiero hacer esto muy largo. Quedan s\u00f3lo once d\u00edas y yo tambi\u00e9n tengo que pensar qu\u00e9 har\u00e9 cuando ese terremoto global nos lleve a la chingada, como dicen mis amigos mexicanos. As\u00ed que les dejo una pel\u00edcula que ilustra a la perfecci\u00f3n c\u00f3mo se predice el fin del mundo.<\/p>\n<p style=\"text-align: justify\"><img data-recalc-dims=\"1\" loading=\"lazy\" decoding=\"async\" class=\"alignnone\" src=\"https:\/\/i0.wp.com\/www.thefilmjournal.com\/images\/mind6.jpg?resize=400%2C270\" alt=\"\" width=\"400\" height=\"270\" \/><\/p>\n<p style=\"text-align: justify\">As\u00ed es. Igual que como se \u00abquiebra\u00bb un c\u00f3digo para una misi\u00f3n secreta que s\u00f3lo est\u00e1 en la cabeza del personaje. Una mente brillante (A beautiful mind, 2001), es la historia de John Nash, un matem\u00e1tico con esquizofrenia quien, producto del trastorno, ve correlaciones num\u00e9ricas que s\u00f3lo tienen sentido para \u00e9l, debido a las alteraciones propias de esta condici\u00f3n.<\/p>\n<p style=\"text-align: justify\">Si quieren conocer el m\u00e9todo usado por Harold Camping, les recomiendo la pel\u00edcula sobre Nash. Estoy seguro que ambos \u00abm\u00e9todos\u00bb son muy similares. Y bueno, por si acaso, que Dios nos agarre confesados.<\/p>\n","protected":false},"excerpt":{"rendered":"<p>INTRODUCCI\u00d3N Hace unas semanas caminaba en una estaci\u00f3n de metro y vi el siguiente anuncio: D\u00eda del Juicio Final, Mayo 21. La biblia lo garantiza Al principio cre\u00ed que era una obra de teatro, o alguna campa\u00f1a de intriga. Pero no, a estas alturas es obvio que la cosa es literal.\u00a0El grupo cristiano evang\u00e9lico estadounidense [&hellip;]<\/p>\n","protected":false},"author":1183,"featured_media":14858,"comment_status":"open","ping_status":"open","sticky":false,"template":"","format":"standard","meta":{"jetpack_post_was_ever_published":false,"_jetpack_newsletter_access":"","_jetpack_dont_email_post_to_subs":false,"_jetpack_newsletter_tier_id":0,"_jetpack_memberships_contains_paywalled_content":false,"_jetpack_memberships_contains_paid_content":false,"footnotes":"","jetpack_publicize_message":"","jetpack_publicize_feature_enabled":true,"jetpack_social_post_already_shared":false,"jetpack_social_options":{"image_generator_settings":{"template":"highway","default_image_id":0,"font":"","enabled":false},"version":2}},"categories":[1],"tags":[259],"class_list":{"0":"post-14857","1":"post","2":"type-post","3":"status-publish","4":"format-standard","5":"has-post-thumbnail","7":"category-azares","8":"tag-findemundo"},"jetpack_publicize_connections":[],"jetpack_featured_media_url":"https:\/\/i0.wp.com\/www.panfletonegro.com\/v\/wp-content\/uploads\/2011\/05\/hoja-biblia.jpg?fit=372%2C564&ssl=1","jetpack_shortlink":"https:\/\/wp.me\/pfpCD-3RD","jetpack_sharing_enabled":true,"_links":{"self":[{"href":"https:\/\/www.panfletonegro.com\/v\/wp-json\/wp\/v2\/posts\/14857","targetHints":{"allow":["GET"]}}],"collection":[{"href":"https:\/\/www.panfletonegro.com\/v\/wp-json\/wp\/v2\/posts"}],"about":[{"href":"https:\/\/www.panfletonegro.com\/v\/wp-json\/wp\/v2\/types\/post"}],"author":[{"embeddable":true,"href":"https:\/\/www.panfletonegro.com\/v\/wp-json\/wp\/v2\/users\/1183"}],"replies":[{"embeddable":true,"href":"https:\/\/www.panfletonegro.com\/v\/wp-json\/wp\/v2\/comments?post=14857"}],"version-history":[{"count":0,"href":"https:\/\/www.panfletonegro.com\/v\/wp-json\/wp\/v2\/posts\/14857\/revisions"}],"wp:featuredmedia":[{"embeddable":true,"href":"https:\/\/www.panfletonegro.com\/v\/wp-json\/wp\/v2\/media\/14858"}],"wp:attachment":[{"href":"https:\/\/www.panfletonegro.com\/v\/wp-json\/wp\/v2\/media?parent=14857"}],"wp:term":[{"taxonomy":"category","embeddable":true,"href":"https:\/\/www.panfletonegro.com\/v\/wp-json\/wp\/v2\/categories?post=14857"},{"taxonomy":"post_tag","embeddable":true,"href":"https:\/\/www.panfletonegro.com\/v\/wp-json\/wp\/v2\/tags?post=14857"}],"curies":[{"name":"wp","href":"https:\/\/api.w.org\/{rel}","templated":true}]}}