{"id":14851,"date":"2011-05-11T10:30:58","date_gmt":"2011-05-11T15:00:58","guid":{"rendered":"http:\/\/www.panfletonegro.com\/v\/?p=14851"},"modified":"2014-06-07T12:19:07","modified_gmt":"2014-06-07T16:49:07","slug":"existe-la-informacion","status":"publish","type":"post","link":"https:\/\/www.panfletonegro.com\/v\/2011\/05\/11\/existe-la-informacion\/","title":{"rendered":"\u00bfexiste la informacion?"},"content":{"rendered":"<div class=\"MsoNormal\"><span style=\"font-family: Arial, Helvetica, sans-serif\"><br \/>\n<\/span><\/div>\n<div class=\"separator\" style=\"clear: both;text-align: center\"><a href=\"https:\/\/i0.wp.com\/1.bp.blogspot.com\/-HevY-Hb4RQ0\/Tcqg5IhfR8I\/AAAAAAAAEDc\/H09sx5CUuiU\/s1600\/mandel9.gif\"><img data-recalc-dims=\"1\" loading=\"lazy\" decoding=\"async\" src=\"https:\/\/i0.wp.com\/1.bp.blogspot.com\/-HevY-Hb4RQ0\/Tcqg5IhfR8I\/AAAAAAAAEDc\/H09sx5CUuiU\/s400\/mandel9.gif?resize=400%2C310\" alt=\"\" width=\"400\" height=\"310\" border=\"0\" \/><\/a><\/div>\n<div class=\"MsoNormal\"><span style=\"font-family: Arial, Helvetica, sans-serif\"><br \/>\n<\/span><\/div>\n<div class=\"MsoNormal\"><span style=\"font-family: Arial, Helvetica, sans-serif\">Nos dicen que vivimos en la \u00e9poca de la informaci\u00f3n, pero antes de aceptar esa premisa tenemos que preguntarnos \u00bfQu\u00e9 significa informaci\u00f3n\u201d? en la Wiki se puede encontrar varias maneras de c\u00f3mo puede ser definida y como cambia el concepto dependiendo del campo la aplique Pero \u00bfen realidad existe la informaci\u00f3n?<\/span><\/div>\n<div class=\"MsoNormal\"><span style=\"font-family: Arial, Helvetica, sans-serif\"> Este a\u00f1o, no se por cual raz\u00f3n me he puesto a leer varios libros sobre ese tema empec\u00e9 leyendo el libro <strong>The Information by James Gleick<\/strong> publicado en el 2001 al parecer ese libro dio pie para que muchos otros dieran su propia opini\u00f3n sobre sobre el tema como <strong>Programming the Universe by Seth Lloyd<\/strong> en el 2007, el de <strong>Decoding the Universe by Charles Seife <\/strong>y el ultimo <strong>Decoding Reality by Vlatko Vedra <\/strong>en el 2010 quizas la bibliografia es mas extensa, pero esos son lo que he conseguido\u00a0 y le\u00eddo, como los le\u00ed casi simult\u00e1neamente, me creo una gran confusi\u00f3n, solo ahora mucho despu\u00e9s de esa sobredosis de informaci\u00f3n me di cuenta de los errores conceptuales de base que tienen esa visi\u00f3n, en especial en el de Gleick que dio origen a esa catarata, y como los otros se basan en los conceptos de Gleick el error se expandi\u00f3.<\/span><\/div>\n<p><!--more--><\/p>\n<div class=\"MsoNormal\"><span style=\"font-family: Arial, Helvetica, sans-serif\"> Muchos f\u00edsicos se est\u00e1n preguntando seriamente si la informaci\u00f3n\u00a0 es mas fundamental que la materia misma, las discusiones al respeto se pueden encontrar en esos libros, y eso es lo que me causo mas perplejidad.<\/span><\/div>\n<div class=\"MsoNormal\"><span style=\"font-family: Arial, Helvetica, sans-serif\"> El que dio origen a esa concepci\u00f3n fue uno de los f\u00edsicos que mas admiro <strong>John Wheeler<\/strong>, por su originalidad la cual tuvo casi hasta su muerte hace unos 3 a\u00f1os\u00a0 en los a\u00f1os 90 (cuando tenia mas de 75 a\u00f1os) comenz\u00f3 se\u00f1alando las profundas resonancias entre la mec\u00e1nica qu\u00e1ntica y la teor\u00eda de la informaci\u00f3n, en una conferencia que dio dijo \u201c todas las cosas cada part\u00edcula, cada campo de fuerza, aun el continuo espacio-tiempo en s\u00ed \u00a0se deriva de su funci\u00f3n, su significado, su propia existencia por completo, aunque en algunos contextos indirectamente &#8211; \u00a0lo que provoc\u00f3 respuestas de un aparato de preguntas\u00a0 s\u00ed-o-no, las opciones binarias,\u201d<em>los bits<\/em> \u00ab.<\/span><\/div>\n<div class=\"MsoNormal\"><span style=\"font-family: Arial, Helvetica, sans-serif\"> Lo que quiso decir es que la realidad esta en un limbo e indeterminaci\u00f3n hasta que se hacen las preguntas adecuadas, <strong>Entonces el concepto de informaci\u00f3n no tiene sentido en ausencia de algo a quien se le informe<\/strong><\/span><\/div>\n<div class=\"MsoNormal\"><span style=\"font-family: Arial, Helvetica, sans-serif\"> \u00bfSer\u00e1 cierto?<\/span><\/div>\n<div class=\"separator\" style=\"clear: both;text-align: center\"><a href=\"https:\/\/i0.wp.com\/1.bp.blogspot.com\/-hqpBVpST6Qg\/TcqfV0eKNoI\/AAAAAAAAEDU\/WXGsQiJ252A\/s1600\/turner_j-_m-_w-_-_the_fighting_temeraire_tugged_to_her_last_berth_to_be_broken.jpg\"><img data-recalc-dims=\"1\" loading=\"lazy\" decoding=\"async\" src=\"https:\/\/i0.wp.com\/1.bp.blogspot.com\/-hqpBVpST6Qg\/TcqfV0eKNoI\/AAAAAAAAEDU\/WXGsQiJ252A\/s400\/turner_j-_m-_w-_-_the_fighting_temeraire_tugged_to_her_last_berth_to_be_broken.jpg?resize=400%2C300\" alt=\"\" width=\"400\" height=\"300\" border=\"0\" \/><\/a><\/div>\n<div class=\"MsoNormal\"><span style=\"font-family: Arial, Helvetica, sans-serif\"><br \/>\n<\/span><\/div>\n<div class=\"MsoNormal\"><span style=\"font-family: Arial, Helvetica, sans-serif\"> En la tradici\u00f3n occidental hay una larga historia que viene de la \u00e9poca cl\u00e1sica<\/span><\/div>\n<div class=\"MsoNormal\"><span style=\"font-family: Arial, Helvetica, sans-serif\">.Para la mayor parte de la historia del Occidente cristiano, la \u00abforma\u00bb \u00a0el logos de la informaci\u00f3n no era la propiedad clave. Pero la informaci\u00f3n como concepto llego un poco tarde para la mayor parte de la historia del occidente cristiano, la forma era la propiedad clave no la informaci\u00f3n. Ahora la informaci\u00f3n es la clave ya que tiene efectos f\u00edsicos, ese punto de vista es llamado <strong>Hilemorfismo<\/strong><\/span><\/div>\n<div class=\"MsoNormal\"><span style=\"font-family: Arial, Helvetica, sans-serif\"> y fue la restricci\u00f3n que dio origen a la ciencia moderna y fue sustituido por el atomismo y sus sucesores como la mec\u00e1nica qu\u00e1ntica.<\/span><\/div>\n<div class=\"MsoNormal\"><span style=\"font-family: Arial, Helvetica, sans-serif\"> Ahora la informaci\u00f3n es importante y se tiene que estar seguro que una se\u00f1al mandada desde un lugar llegue correctamente al punto final. Claude Shanon fue quien creo la teoria de la informaci\u00f3n y para la comunicaci\u00f3n creo el concepto de bit con una ecuaci\u00f3n muy parecida a la de la entrop\u00eda, la metrica de Shannon.<\/span><\/div>\n<div class=\"MsoNormal\"><span style=\"font-family: Arial, Helvetica, sans-serif\">Y la funcion de la entropia binaria por,<\/span><\/div>\n<div class=\"separator\" style=\"clear: both;text-align: center\"><a href=\"https:\/\/i0.wp.com\/3.bp.blogspot.com\/-ITc1ftMcPWk\/TcqbxTcHOCI\/AAAAAAAAEDQ\/XKzkBJstCZw\/s1600\/387f857264689cdfb7353879e0c52cbb.png\"><img data-recalc-dims=\"1\" decoding=\"async\" src=\"https:\/\/i0.wp.com\/3.bp.blogspot.com\/-ITc1ftMcPWk\/TcqbxTcHOCI\/AAAAAAAAEDQ\/XKzkBJstCZw\/s1600\/387f857264689cdfb7353879e0c52cbb.png?w=696\" alt=\"\" border=\"0\" \/><\/a><\/div>\n<div class=\"MsoNormal\"><span style=\"font-family: Arial, Helvetica, sans-serif\"><br \/>\n<\/span><\/div>\n<div class=\"MsoNormal\"><span style=\"font-family: Arial, Helvetica, sans-serif\"> \u00bfQu\u00e9 nos dice eso sobre la informaci\u00f3n? Ciertamente la m\u00e9trica de Shannon es una medida de la diferencia, pero si podemos ir mas all\u00e1, pero en la otra ecuacion el parecido con la ecuaci\u00f3n de entrop\u00eda no es casual ya que posee muchas de las propiedades de la entrop\u00eda, esta es la \u00fanica medida f\u00edsica que nos habla del paso del tiempo, pero sobre todo del desorden, a mayor informaci\u00f3n, mayor desorden, y esto nos puede afectar como receptores de la informaci\u00f3n,<a href=\"http:\/\/li.co.ve\/dbC\"> este articulo de locke<\/a> nos puede aclarar algo al respeto.<\/span><\/div>\n<div class=\"MsoNormal\"><span style=\"font-family: Arial, Helvetica, sans-serif\"> Las ecuaciones nos hablan de la descripci\u00f3n de las cosas no de las cosas mismas<\/span><\/div>\n<div class=\"MsoNormal\"><span style=\"font-family: Arial, Helvetica, sans-serif\"> Entonces \u00bfQu\u00e9 es la informaci\u00f3n? Era algo que exist\u00eda en las declaraciones y descripciones, con eso llegamos a un concepto como el de<strong><\/strong>Keanu Reeves<\/span><\/div>\n<div class=\"MsoNormal\"><span style=\"font-family: Arial, Helvetica, sans-serif\"> (la pelicula) que toda la realidad que experimentamos no es mas que la suma de toda la informaci\u00f3n que tenemos sobre el. Este puede se un resumen del idealismo de Berkeley en nuestra era.<\/span><\/div>\n<div class=\"MsoNormal\"><span style=\"font-family: Arial, Helvetica, sans-serif\"> Y nos lleva a preguntarnos sobre el signo y su significado, ya que la informaci\u00f3n es trasmitida con signos o lo que es igual entre las palabras y el mundo.<\/span><\/div>\n<div class=\"MsoNormal\"><span style=\"font-family: Arial, Helvetica, sans-serif\"> En la edad media los filosos escol\u00e1sticos hicieron la distinci\u00f3n entre el signo y el significado, o lo que es lo mismo entre las palabras y el mundo, seg\u00fan el idealismo de Wheeler ontologicamente es todo lo que hay, es la informaci\u00f3n contenida en las ecuaciones, la que da la descripci\u00f3n del mundo.<\/span><\/div>\n<div class=\"MsoNormal\"><span style=\"font-family: Arial, Helvetica, sans-serif\"> Sobre eso hay una cuento o un chisme del gran bi\u00f3logo matem\u00e1tico, <a href=\"http:\/\/en.wikipedia.org\/wiki\/John_Maynard_Smith\" target=\"_blank\">John Maynard Smith<\/a> se cuenta que el pasaba por el cafet\u00edn de la universidad de Sussex se asomaba y preguntaba \u201c\u00bfest\u00e1n discutiendo sobre las palabras o el mundo? Si es sobre palabras me voy\u201d<\/span><\/div>\n<div class=\"MsoNormal\"><span style=\"font-family: Arial, Helvetica, sans-serif\"> El estaba haciendo un planteamiento muy profundo, \u00a0con esa pregunta, la confusi\u00f3n muy extendida de confundir el signo (la palabra, o formalizaci\u00f3n) con el significado. A esto Marcuse lo llamo <a href=\"http:\/\/en.wikipedia.org\/wiki\/Reification_(fallacy)\" target=\"_blank\">falacia reificaci\u00f3n<\/a> y Whitehead <a href=\"http:\/\/en.wikipedia.org\/wiki\/Reification_(fallacy)#Fallacy_of_misplaced_concreteness\">\u201cfalacia de la realidad equivocada<\/a>\u201d (un ejemplo de ello es la frase que repite chavez \u201cel buen vivir y vivir bien\u201d)<\/span><\/div>\n<div class=\"MsoNormal\"><span style=\"font-family: Arial, Helvetica, sans-serif\"> Este ha sido uno de los errores m\u00e1s perdurables de nuestra civilizaci\u00f3n, tanto que muchos piensan que no es error. Ya \u00a0en Socrates \u00a0ponen nuestras formas conceptuales y formulaciones simb\u00f3licas ante el mundo que se supone que se refieren, otros fil\u00f3sofos como <strong>Locke, Kant<\/strong> y <strong>Rusell<\/strong> pensaron que era innecesario hacerlo no se tiene que pensar que el mundo tiene un contenido sem\u00e1ntico incluso si posee una estructura.<\/span><\/div>\n<div class=\"separator\" style=\"clear: both;text-align: center\"><a href=\"https:\/\/i0.wp.com\/1.bp.blogspot.com\/-MLWWBXgCtdM\/Tcqi57PWWQI\/AAAAAAAAEDg\/20NCTEJjjUE\/s1600\/30portraits2-popup.jpg\"><img data-recalc-dims=\"1\" loading=\"lazy\" decoding=\"async\" src=\"https:\/\/i0.wp.com\/1.bp.blogspot.com\/-MLWWBXgCtdM\/Tcqi57PWWQI\/AAAAAAAAEDg\/20NCTEJjjUE\/s400\/30portraits2-popup.jpg?resize=400%2C397\" alt=\"\" width=\"400\" height=\"397\" border=\"0\" \/><\/a><\/div>\n<div class=\"MsoNormal\"><span style=\"font-family: Arial, Helvetica, sans-serif\"><br \/>\n<\/span><\/div>\n<div class=\"MsoNormal\"><span style=\"font-family: Arial, Helvetica, sans-serif\"> El mal uso sobre la informaci\u00f3n ha llevado a la controversia sobre el <strong><a href=\"http:\/\/es.wikipedia.org\/wiki\/Hilemorfismo\">Hilemorfismo<\/a><\/strong> ahora;\u00a0No podemos concebir las cosas sin lo que representan, por lo confundimos nuestras representaciones de las cosas\u201d Eso ha llevado a tales aberraciones como las de <a href=\"http:\/\/en.wikipedia.org\/wiki\/Ray_Kurzweil\" target=\"_blank\">Ray Kurzweil<\/a> en su libro \u201csobre a maquinas espirituales\u201d donde afirma que<a href=\"http:\/\/en.wikipedia.org\/wiki\/The_Singularity_is_Near\"> <strong>la singularidad esta cerca<\/strong>. <\/a>Esto lleva a creer que las predicciones sobre la inform\u00e1tica no se han cumplido debido a falta de desarrollo tecnol\u00f3gico, es falso, y se debe mas que todo a nuestra manera de pensar en las simulaciones, pensando que ellas representan \u201cel mundo\u201d o lo real, cuando en realidad representan a la \u201cpalabra\u201d (recordar a Maynard Smith) <\/span><\/div>\n<div class=\"MsoNormal\"><span style=\"font-family: Arial, Helvetica, sans-serif\"> El argumento de Ray kurzweil es que se puede representar una simulaci\u00f3n de neurona y de cada nervio del cerebro y que \u201ccomo somos la suma de todos los comportamientos neuronales con el tiempo seremos capaces de crear una instancia de nosotros mismos en un computador y de esta manera vivir para siempre\u201d Con eso tanto el como todo el resto de los futur\u00f3logos es que tienen el problema, ya que se llega a la falacia de reificaci\u00f3n ya que una simulaci\u00f3n no es lo mismo que la cosa simulada. Un cerebro que se simula es un cerebro simulado, no uno real, ya que estamos de algo concreto. Este hilomorfismo antr\u00f3pico enga\u00f1a nuestro pensamiento de nuevo.<\/span><\/div>\n<div class=\"separator\" style=\"clear: both;text-align: center\"><a href=\"https:\/\/i0.wp.com\/1.bp.blogspot.com\/-kih_ZfegW70\/Tcqfa8YStxI\/AAAAAAAAEDY\/3oT72iHu9LA\/s1600\/hs-2009-23-a-web_print_strip.jpg\"><img data-recalc-dims=\"1\" loading=\"lazy\" decoding=\"async\" src=\"https:\/\/i0.wp.com\/1.bp.blogspot.com\/-kih_ZfegW70\/Tcqfa8YStxI\/AAAAAAAAEDY\/3oT72iHu9LA\/s400\/hs-2009-23-a-web_print_strip.jpg?resize=400%2C295\" alt=\"\" width=\"400\" height=\"295\" border=\"0\" \/><\/a><\/div>\n<div class=\"MsoNormal\"><span style=\"font-family: Arial, Helvetica, sans-serif\"><br \/>\n<\/span><\/div>\n<div class=\"MsoNormal\"><span style=\"font-family: Arial, Helvetica, sans-serif\"> He trabajado con muchas simulaciones, de hecho casi todo se simula en ciencia y muchas veces tendemos a creer que lo simulado es igual a la cosa real, y no solo yo, casi todos lo que se dedican a la ciencia llegan a creerlo.<\/span><\/div>\n<div class=\"MsoNormal\"><span style=\"font-family: Arial, Helvetica, sans-serif\"> Pero \u00bfen realidad podemos simular un cerebro en la computadora y luego trasferirle toda nuestra informaci\u00f3n y de esta manera vivir para siempre?<\/span><\/div>\n<div class=\"MsoNormal\"><span style=\"font-family: Arial, Helvetica, sans-serif\"> \u00bfC\u00f3mo se pueden simular la producci\u00f3n de hormonas que cambia nuestro estado de animo? O las interacciones entre el cuerpo o las sensaciones sensoriales con nuestra mente? O lo mas importante puede existir una mente sin cuerpo?<\/span><\/div>\n<div class=\"MsoNormal\"><span style=\"font-family: Arial, Helvetica, sans-serif\"> Esto ultimo lo pongo en dudas, lo mas probable es que la mente sucumba y se hunda en una profunda locura o catat\u00f3nico, nuestras sensaciones, los cambios de humor son parte de lo que somos nosotros mismos, si se los quitamos dejamos de ser nosotros.<\/span><\/div>\n<div class=\"MsoNormal\"><span style=\"font-family: Arial, Helvetica, sans-serif\"> Ese mismo problema, lo tienen las religiones que dicen que nos convertimos en esp\u00edritus buenos o malos \u00bfsi me quitan mis deseo de hacer el mal soy yo? O igual si me quitan mis deseos de hacer el bien?<\/span><\/div>\n<div class=\"MsoNormal\"><span style=\"font-family: Arial, Helvetica, sans-serif\"> Pero ese error es demasiado extendido, la mayor\u00eda de los cient\u00edficos confunden sus descripciones formales con el mantenimiento de sus registros, eso pasa en f\u00edsica, pero mas que todo en los tax\u00f3nomos en la manera de c\u00f3mo hacer una nomenclatura, y como me dedico a ello, admito que es muy dif\u00edcil no caer en esa trampa, aun cuando se sabe que es una trampa<\/span><\/div>\n<div class=\"MsoNormal\"><span style=\"font-family: Arial, Helvetica, sans-serif\"> La informaci\u00f3n no es energ\u00eda y tampoco materia \u00bfQu\u00e9 es entonces? Solo los objetos concretos pueden dar lugar a los procesos f\u00edsicos Ante esto se dice \u201c la informaci\u00f3n es una propiedad abstracta la cual es inherente a los objetos abstractos\u201d pero aqu\u00ed llegamos a otro problema, las palabra que son sonidos que representan a cosas concretas seg\u00fan lo dicho hasta ahora no deber\u00eda de tener poder casual, ya que no es materia ni energ\u00eda. Pero lo tiene, cualquier persona sin pa\u00eds lo sabe muy bien.<\/span><\/div>\n<div class=\"MsoNormal\"><span style=\"font-family: Arial, Helvetica, sans-serif\"> Entonces \u00bfpodemos decir que la informaci\u00f3n solo esta en nuestros cerebros?<\/span><\/div>\n<div class=\"MsoNormal\"><span style=\"font-family: Arial, Helvetica, sans-serif\">Aqu\u00ed se llega de nuevo al problema abstracto\/concreto mis recuerdo, todo lo he sido, lo que conforma mi personalidad esta en mi cabeza y cualquier otro concepto que tenga por lo menos de \u201csilla\u201d esta en la cabeza de alguien o en alg\u00fan mecanismo de recuperaci\u00f3n y grabaci\u00f3n de datos<\/span><\/div>\n<div class=\"MsoNormal\"><span style=\"font-family: Arial, Helvetica, sans-serif\"> Pero el concepto en si no hace la cosa. El concepto no esta limitada por el espacio o el tiempo, pero nosotros la hacemos, por lo tanto la informaci\u00f3n existe,. Ya que estamos programados para hacerla ya que es la manera como pudimos sobrevivir. Pero la informaci\u00f3n es una abstracci\u00f3n y por lo tanto, en el sentido concreto no existe.<\/span><\/div>\n<div class=\"MsoNormal\"><span style=\"font-family: Arial, Helvetica, sans-serif\"> Y terminamos con una paradoja<\/span><\/div>\n<div class=\"MsoNormal\"><span style=\"font-family: Arial, Helvetica, sans-serif\"><br \/>\n<\/span><\/div>\n<div class=\"MsoNormal\"><span style=\"font-family: Arial, Helvetica, sans-serif;font-size: x-small\"><strong>La imagen<\/strong>, es la imagen contraria al conjunto de maldelbrot que se forma haciendo interaccion sobre la ecuacion z&#8211;&gt; z (al cuadrado)+c donde c es un numero complejo en este caso cuando da 0 se le asigna un color negro cuando el valor es diferente a 0 se le asigna un color, que es lo contrario a lo usual.<\/span><\/div>\n","protected":false},"excerpt":{"rendered":"<p>Nos dicen que vivimos en la \u00e9poca de la informaci\u00f3n, pero antes de aceptar esa premisa tenemos que preguntarnos \u00bfQu\u00e9 significa informaci\u00f3n\u201d? en la Wiki se puede encontrar varias maneras de c\u00f3mo puede ser definida y como cambia el concepto dependiendo del campo la aplique Pero \u00bfen realidad existe la informaci\u00f3n? Este a\u00f1o, no se [&hellip;]<\/p>\n","protected":false},"author":1033,"featured_media":0,"comment_status":"open","ping_status":"open","sticky":false,"template":"","format":"standard","meta":{"jetpack_post_was_ever_published":false,"_jetpack_newsletter_access":"","_jetpack_dont_email_post_to_subs":false,"_jetpack_newsletter_tier_id":0,"_jetpack_memberships_contains_paywalled_content":false,"_jetpack_memberships_contains_paid_content":false,"footnotes":"","jetpack_publicize_message":"","jetpack_publicize_feature_enabled":true,"jetpack_social_post_already_shared":false,"jetpack_social_options":{"image_generator_settings":{"template":"highway","default_image_id":0,"font":"","enabled":false},"version":2}},"categories":[6],"tags":[],"class_list":{"0":"post-14851","1":"post","2":"type-post","3":"status-publish","4":"format-standard","6":"category-confesionario"},"jetpack_publicize_connections":[],"jetpack_featured_media_url":"","jetpack_shortlink":"https:\/\/wp.me\/pfpCD-3Rx","jetpack_sharing_enabled":true,"_links":{"self":[{"href":"https:\/\/www.panfletonegro.com\/v\/wp-json\/wp\/v2\/posts\/14851","targetHints":{"allow":["GET"]}}],"collection":[{"href":"https:\/\/www.panfletonegro.com\/v\/wp-json\/wp\/v2\/posts"}],"about":[{"href":"https:\/\/www.panfletonegro.com\/v\/wp-json\/wp\/v2\/types\/post"}],"author":[{"embeddable":true,"href":"https:\/\/www.panfletonegro.com\/v\/wp-json\/wp\/v2\/users\/1033"}],"replies":[{"embeddable":true,"href":"https:\/\/www.panfletonegro.com\/v\/wp-json\/wp\/v2\/comments?post=14851"}],"version-history":[{"count":0,"href":"https:\/\/www.panfletonegro.com\/v\/wp-json\/wp\/v2\/posts\/14851\/revisions"}],"wp:attachment":[{"href":"https:\/\/www.panfletonegro.com\/v\/wp-json\/wp\/v2\/media?parent=14851"}],"wp:term":[{"taxonomy":"category","embeddable":true,"href":"https:\/\/www.panfletonegro.com\/v\/wp-json\/wp\/v2\/categories?post=14851"},{"taxonomy":"post_tag","embeddable":true,"href":"https:\/\/www.panfletonegro.com\/v\/wp-json\/wp\/v2\/tags?post=14851"}],"curies":[{"name":"wp","href":"https:\/\/api.w.org\/{rel}","templated":true}]}}