{"id":14559,"date":"2011-04-18T23:07:56","date_gmt":"2011-04-19T03:37:56","guid":{"rendered":"http:\/\/www.panfletonegro.com\/v\/?p=14559"},"modified":"2011-04-19T02:32:42","modified_gmt":"2011-04-19T07:02:42","slug":"las-locas-el-oriente-medio","status":"publish","type":"post","link":"https:\/\/www.panfletonegro.com\/v\/2011\/04\/18\/las-locas-el-oriente-medio\/","title":{"rendered":"LAS LOCAS VERSUS EL ORIENTE MEDIO"},"content":{"rendered":"<p><span class=\"embed-youtube\" style=\"text-align:center; display: block;\"><iframe loading=\"lazy\" class=\"youtube-player\" width=\"696\" height=\"392\" src=\"https:\/\/www.youtube.com\/embed\/lXgH_NBMACA?version=3&#038;rel=1&#038;showsearch=0&#038;showinfo=1&#038;iv_load_policy=1&#038;fs=1&#038;hl=es-ES&#038;autohide=2&#038;wmode=transparent\" allowfullscreen=\"true\" style=\"border:0;\" sandbox=\"allow-scripts allow-same-origin allow-popups allow-presentation allow-popups-to-escape-sandbox\"><\/iframe><\/span><\/p>\n<p style=\"text-align: justify\">(<a href=\"http:\/\/li.co.ve\/dbK\" target=\"_blank\">El contexto de este post lo encuentras haci\u00e9ndo click en esta oraci\u00f3n<\/a>)<\/p>\n<p style=\"text-align: justify\">&#8211; Atenci\u00f3n compa\u00f1erxs, cambio de se\u00f1a. Desh\u00e1ganse del contenedor de biblias que ibamos a quemar este Viernes Santo\u00a0en la Plaza Altamira y aborten la misi\u00f3n de tomar la Conferencia Episcopal Venezolana.<\/p>\n<p style=\"text-align: justify\">&#8211; \u00bfPero qu\u00e9 pas\u00f3?<\/p>\n<p style=\"text-align: justify\">&#8211; No est\u00e1 muy claro pero aparentemente hemos sido unos egoistas pensando que el Estado Venezolano debe reivindicar nuestros derechos humanos y civiles. Quiz\u00e1s tambi\u00e9n hemos perdido el norte meti\u00e9ndonos con los pobres cat\u00f3licos que s\u00f3lo tratan de expresarse libremente y dentro de los l\u00edmites del juego democr\u00e1tico.<\/p>\n<p style=\"text-align: justify\">&#8211; \u00bfQu\u00e9 qu\u00e9?<\/p>\n<p style=\"text-align: justify\">&#8211; S\u00ed chico as\u00ed como lo oyes. Que no te metas con los pobres cat\u00f3licos que s\u00f3lo est\u00e1n expresando su fe. \u00bfNo te has dado cuenta que los musulmanes son m\u00e1s malos?<\/p>\n<p style=\"text-align: justify\">&#8211; \u00bfQu\u00e9 musulmanes, de qu\u00e9 hablas?<\/p>\n<p style=\"text-align: justify\">&#8211; \u00bfViste? \u00a1ignoranta! \u00bfAcaso no sabes que a los gays los ahorcan en Iran &#8211; donde seg\u00fan su presidente no hay homosexuales- y que tratan muy mal a sus mujeres?<\/p>\n<p style=\"text-align: justify\">&#8211; \u00bfY entonces?<\/p>\n<p style=\"text-align: justify\">&#8211; Bueno que ellos son los malos, el verdadero adversario.<\/p>\n<p style=\"text-align: justify\">&#8211; \u00bfAj\u00e1 y cu\u00e1l es la orden?<\/p>\n<p style=\"text-align: justify\">&#8211; A defender nuestros derechos luchando contra los musulmanes.<\/p>\n<p style=\"text-align: justify\">&#8211; \u00bfY que hacemos con este peri\u00f3dico, Notitarde, que cita Leviticos diciendo que los gays deben ser asesinados?<\/p>\n<p style=\"text-align: justify\">&#8211; \u00bfTienes problemas o qu\u00e9? \u00bfCu\u00e1l es tu obsesi\u00f3n con los cat\u00f3licos? \u00bfQu\u00e9 te han hecho?<\/p>\n<p style=\"text-align: justify\">&#8211; Mucho. Se nos han metido hasta le m\u00e9dula en la cultura venezolana, al punto que parece que son intocables. F\u00edjate, ahora que estamos alborotados, cuando por fin ya no somos los maricos tristes que se calan la opresi\u00f3n, sale cualquiera a defenderlos con los comentarios m\u00e1s absurdos. Es casi como que el Papa se pusiera bravo porque los jud\u00edos en los campos de concentraci\u00f3n se revelan contra los nazis.<\/p>\n<p style=\"text-align: justify\">&#8211; \u00a1Ahora s\u00ed que est\u00e1s delirando loca! D\u00e9jate de tonter\u00edas que los libros muestran que todo el mundo odia a los gays, no solo los cat\u00f3licos. Antropolog\u00eda mana, \u00a1antropolog\u00eda! Los musulmanes son los malos. Y si sigues con el cuento de los cat\u00f3licos revisate para que dejes de proyectarte.<\/p>\n<p style=\"text-align: justify\">&#8211; \u00bfQu\u00e9? Aj\u00e1 y entonces qu\u00e9 se supone que vamos a hacer.<\/p>\n<p style=\"text-align: justify\">&#8211; Luchar contra los musulmanes. \u00bfDonde es que est\u00e1n en Venezuela?<\/p>\n<p style=\"text-align: justify\">&#8211; No se, son una comunidad muy peque\u00f1a y pac\u00edfica. Tienen unas mezquitas por Bellas Artes. Al principio gritaban sus oraciones por los parlantes, pero la gente se quej\u00f3 y dejaron de hacerlo. Eso s\u00ed, all\u00e1 tratan distinto a hombres y mujeres.<\/p>\n<p style=\"text-align: justify\">&#8211; \u00bfTe das cuenta? \u00a1Son p\u00e9rfidos! \u00a1son malos! \u00a1Derrumbaron las torres gemelas y gritan muy feo cuando salen por CNN!<\/p>\n<p style=\"text-align: justify\">&#8211; Aj\u00e1 pero esos no est\u00e1n en Venezuela.<\/p>\n<p style=\"text-align: justify\">&#8211; Bueno, \u00a1a luchar por la justicia! El ejercito rosa se va para el medio Oriente, y siguiendo nuestros instintos, no entraremos ni por Europa ni por \u00c1frica, sino por la retaguardia. Go West!<\/p>\n<p style=\"text-align: justify\">(Mientras tanto en el colegio Los Arcos, otro adolescente piensa en suicidarse: acaba de leer en su libro de biolog\u00eda, editado por la cooperativa del colegio, que tiene un desorden moral y que debe luchar contra su cuerpo, so pena de pasar el resto de la eternidad atormentado en el infierno. La polic\u00eda sigue deteniendo a parejas de hombres \u00absospechosas\u00bb de ser homosexuales. Los matraquean como a todo el mundo, pero con ellos sienten, adem\u00e1s del beneficio econ\u00f3mico, el placer de la misi\u00f3n cumplida, de mostrarles lo que el Dr. Lava gritaba a pleno pulm\u00f3n en sus clases de Derecho Romano de la Santa Mar\u00eda, a saber, que <em>el ano es para defecarrrrrrrrr. <\/em>Esta entre otras sanas expresiones del amor de Dios. Am\u00e9n).<\/p>\n","protected":false},"excerpt":{"rendered":"<p>(El contexto de este post lo encuentras haci\u00e9ndo click en esta oraci\u00f3n) &#8211; Atenci\u00f3n compa\u00f1erxs, cambio de se\u00f1a. Desh\u00e1ganse del contenedor de biblias que ibamos a quemar este Viernes Santo\u00a0en la Plaza Altamira y aborten la misi\u00f3n de tomar la Conferencia Episcopal Venezolana. &#8211; \u00bfPero qu\u00e9 pas\u00f3? &#8211; No est\u00e1 muy claro pero aparentemente hemos [&hellip;]<\/p>\n","protected":false},"author":1183,"featured_media":0,"comment_status":"open","ping_status":"open","sticky":false,"template":"","format":"standard","meta":{"jetpack_post_was_ever_published":false,"_jetpack_newsletter_access":"","_jetpack_dont_email_post_to_subs":false,"_jetpack_newsletter_tier_id":0,"_jetpack_memberships_contains_paywalled_content":false,"_jetpack_memberships_contains_paid_content":false,"footnotes":"","jetpack_publicize_message":"","jetpack_publicize_feature_enabled":true,"jetpack_social_post_already_shared":false,"jetpack_social_options":{"image_generator_settings":{"template":"highway","default_image_id":0,"font":"","enabled":false},"version":2}},"categories":[1],"tags":[461,991],"class_list":{"0":"post-14559","1":"post","2":"type-post","3":"status-publish","4":"format-standard","6":"category-azares","7":"tag-homosexualidad","8":"tag-semana-santa"},"jetpack_publicize_connections":[],"jetpack_featured_media_url":"","jetpack_shortlink":"https:\/\/wp.me\/pfpCD-3MP","jetpack_sharing_enabled":true,"_links":{"self":[{"href":"https:\/\/www.panfletonegro.com\/v\/wp-json\/wp\/v2\/posts\/14559","targetHints":{"allow":["GET"]}}],"collection":[{"href":"https:\/\/www.panfletonegro.com\/v\/wp-json\/wp\/v2\/posts"}],"about":[{"href":"https:\/\/www.panfletonegro.com\/v\/wp-json\/wp\/v2\/types\/post"}],"author":[{"embeddable":true,"href":"https:\/\/www.panfletonegro.com\/v\/wp-json\/wp\/v2\/users\/1183"}],"replies":[{"embeddable":true,"href":"https:\/\/www.panfletonegro.com\/v\/wp-json\/wp\/v2\/comments?post=14559"}],"version-history":[{"count":0,"href":"https:\/\/www.panfletonegro.com\/v\/wp-json\/wp\/v2\/posts\/14559\/revisions"}],"wp:attachment":[{"href":"https:\/\/www.panfletonegro.com\/v\/wp-json\/wp\/v2\/media?parent=14559"}],"wp:term":[{"taxonomy":"category","embeddable":true,"href":"https:\/\/www.panfletonegro.com\/v\/wp-json\/wp\/v2\/categories?post=14559"},{"taxonomy":"post_tag","embeddable":true,"href":"https:\/\/www.panfletonegro.com\/v\/wp-json\/wp\/v2\/tags?post=14559"}],"curies":[{"name":"wp","href":"https:\/\/api.w.org\/{rel}","templated":true}]}}