{"id":14166,"date":"2011-03-25T16:25:29","date_gmt":"2011-03-25T20:55:29","guid":{"rendered":"http:\/\/www.panfletonegro.com\/v\/?p=14166"},"modified":"2011-03-26T16:34:47","modified_gmt":"2011-03-26T21:04:47","slug":"anotaciones-apocalipticas-parte-iii","status":"publish","type":"post","link":"https:\/\/www.panfletonegro.com\/v\/2011\/03\/25\/anotaciones-apocalipticas-parte-iii\/","title":{"rendered":"Anotaciones Apocal\u00edpticas (Parte III)"},"content":{"rendered":"<p><a href=\"https:\/\/i0.wp.com\/www.panfletonegro.com\/v\/wp-content\/uploads\/2011\/03\/dianearbus.jpg\"><img data-recalc-dims=\"1\" loading=\"lazy\" decoding=\"async\" data-attachment-id=\"14171\" data-permalink=\"https:\/\/www.panfletonegro.com\/v\/2011\/03\/25\/anotaciones-apocalipticas-parte-iii\/phot0026-jpg\/\" data-orig-file=\"https:\/\/i0.wp.com\/www.panfletonegro.com\/v\/wp-content\/uploads\/2011\/03\/dianearbus.jpg?fit=562%2C870&amp;ssl=1\" data-orig-size=\"562,870\" data-comments-opened=\"1\" data-image-meta=\"{&quot;aperture&quot;:&quot;3&quot;,&quot;credit&quot;:&quot;Digital Camera&quot;,&quot;camera&quot;:&quot;DZ558&quot;,&quot;caption&quot;:&quot;&quot;,&quot;created_timestamp&quot;:&quot;1199051506&quot;,&quot;copyright&quot;:&quot;Digital Camera&quot;,&quot;focal_length&quot;:&quot;8.25&quot;,&quot;iso&quot;:&quot;100&quot;,&quot;shutter_speed&quot;:&quot;0.0909090909091&quot;,&quot;title&quot;:&quot;PHOT0026.JPG&quot;}\" data-image-title=\"DianeArbus\" data-image-description=\"\" data-image-caption=\"\" data-large-file=\"https:\/\/i0.wp.com\/www.panfletonegro.com\/v\/wp-content\/uploads\/2011\/03\/dianearbus.jpg?fit=562%2C870&amp;ssl=1\" class=\"aligncenter size-medium wp-image-14171\" src=\"https:\/\/i0.wp.com\/www.panfletonegro.com\/v\/wp-content\/uploads\/2011\/03\/dianearbus-193x300.jpg?resize=193%2C300\" alt=\"\" width=\"193\" height=\"300\" srcset=\"https:\/\/i0.wp.com\/www.panfletonegro.com\/v\/wp-content\/uploads\/2011\/03\/dianearbus.jpg?resize=193%2C300&amp;ssl=1 193w, https:\/\/i0.wp.com\/www.panfletonegro.com\/v\/wp-content\/uploads\/2011\/03\/dianearbus.jpg?w=562&amp;ssl=1 562w\" sizes=\"auto, (max-width: 193px) 100vw, 193px\" \/><\/a><\/p>\n<p>Me esforc\u00e9 para mirar hacia delante, pero no todos tienen vivencias interesantes. Buscaron excusas pero, extra\u00f1amente, la pobreza no existe. Nadie recuerda cuando el hacinamiento era un hecho cotidiano (ni yo lo recuerdo). El pasado era la perfecci\u00f3n, pero esa comodidad es relativa.<\/p>\n<p>Todos somos parte de un cap\u00edtulo anterior.<\/p>\n<p>La perfecci\u00f3n es invitaci\u00f3n. Cada d\u00eda se aprende algo nuevo sobre formas y sustancias. El Jueves es d\u00eda de Escuela. El Jueves es d\u00eda de reflexi\u00f3n. D\u00eda para dar gracias por la infidelidad y por las decepciones. No por un aprendizaje adecuado somos, lo que somos. Respondemos r\u00e1pidamente a las ofrendas. Pero ahora el camino es oscuro y colectivo.<\/p>\n<p>La vida por un jard\u00edn, por una casa y por un tarjeta de presentaci\u00f3n. Medimos clericalmente todos los privilegios. Somos el Olvido, no lo olvides. Toda perfecci\u00f3n es pat\u00e9tica, toda Revelaci\u00f3n es insostenible, toda Fundaci\u00f3n es intercambiable. Las Ruinas de una vida no son una vida arruinada. La Idiotez es eterna.<\/p>\n<p>El Hombre ser\u00e1 perseguido, ilegalizado, prohibido y merecidamente castigado. Es as\u00ed. La humanidad esta interconectada, es multifac\u00e9tica, compleja y completa. Lo Sagrado es completo. Todo lo completo es in\u00fatil, ya que no tiene raz\u00f3n de ser. La Conciencia no produce impacto alguno; la perfecci\u00f3n es la imperfecci\u00f3n.<\/p>\n<p>El endiosamiento del dolor, de la tristeza y del arrepentimiento no son s\u00f3lo sino ilusiones. En la Hora Final, fallar no es lo mismo que derrotar. Hermanos, sufrir sin raz\u00f3n sigue siendo sufrir. El tiempo no se comunica, no tiene lengua. El cuerpo es una Iglesia que es redenci\u00f3n y al mismo tiempo prisi\u00f3n. La experiencia es la casa mon\u00e1stica donde todos han de entrar.<\/p>\n<p>Recuerden que todas sus madres pensaron -en alg\u00fan momento- en venderlos al mejor postor. Eso las hace maravillosas y piadosas. La m\u00fasica y los ni\u00f1os son incompatibles. Es lo mismo estar lleno de Gracia que estar lleno de Odio. Buscar la Santidad no es buscar la perfecci\u00f3n, mejor contar con enemigos que con promesas vac\u00edas de una eterna eternidad.  Se los aseguro, no somos due\u00f1os de nuestros hogares ni de nuestros cuerpos.<\/p>\n<p>Para ir a alguna parte siempre hay que subir o bajar escaleras. Lo \u00fanico que se mueve en el Universo es el Alma, no el cuerpo. El alma es aristocr\u00e1ticamente regular y mediocre. Los cuerpos son y ser\u00e1n est\u00e1ticos. Los artistas enga\u00f1an y entretienen, por ende ya todos yacen enterrados bocabajo. Deteng\u00e1monos s\u00f3lo por un momento. No hay Raz\u00f3n sin Perdici\u00f3n.<\/p>\n<h5 style=\"text-align: right\"><em><strong>(Foto: Diane Arbus)<\/strong><\/em><\/h5>\n","protected":false},"excerpt":{"rendered":"<p>Me esforc\u00e9 para mirar hacia delante, pero no todos tienen vivencias interesantes. Buscaron excusas pero, extra\u00f1amente, la pobreza no existe. Nadie recuerda cuando el hacinamiento era un hecho cotidiano (ni yo lo recuerdo). El pasado era la perfecci\u00f3n, pero esa comodidad es relativa. Todos somos parte de un cap\u00edtulo anterior. La perfecci\u00f3n es invitaci\u00f3n. Cada [&hellip;]<\/p>\n","protected":false},"author":1410,"featured_media":14171,"comment_status":"open","ping_status":"open","sticky":false,"template":"","format":"standard","meta":{"jetpack_post_was_ever_published":false,"_jetpack_newsletter_access":"","_jetpack_dont_email_post_to_subs":false,"_jetpack_newsletter_tier_id":0,"_jetpack_memberships_contains_paywalled_content":false,"_jetpack_memberships_contains_paid_content":false,"footnotes":"","jetpack_publicize_message":"","jetpack_publicize_feature_enabled":true,"jetpack_social_post_already_shared":false,"jetpack_social_options":{"image_generator_settings":{"template":"highway","default_image_id":0,"font":"","enabled":false},"version":2}},"categories":[1],"tags":[926,259,138,927,727],"class_list":{"0":"post-14166","1":"post","2":"type-post","3":"status-publish","4":"format-standard","5":"has-post-thumbnail","7":"category-azares","8":"tag-apocalipsis","9":"tag-findemundo","10":"tag-humanismo","11":"tag-religion","12":"tag-suicidio"},"jetpack_publicize_connections":[],"jetpack_featured_media_url":"https:\/\/i0.wp.com\/www.panfletonegro.com\/v\/wp-content\/uploads\/2011\/03\/dianearbus.jpg?fit=562%2C870&ssl=1","jetpack_shortlink":"https:\/\/wp.me\/pfpCD-3Gu","jetpack_sharing_enabled":true,"_links":{"self":[{"href":"https:\/\/www.panfletonegro.com\/v\/wp-json\/wp\/v2\/posts\/14166","targetHints":{"allow":["GET"]}}],"collection":[{"href":"https:\/\/www.panfletonegro.com\/v\/wp-json\/wp\/v2\/posts"}],"about":[{"href":"https:\/\/www.panfletonegro.com\/v\/wp-json\/wp\/v2\/types\/post"}],"author":[{"embeddable":true,"href":"https:\/\/www.panfletonegro.com\/v\/wp-json\/wp\/v2\/users\/1410"}],"replies":[{"embeddable":true,"href":"https:\/\/www.panfletonegro.com\/v\/wp-json\/wp\/v2\/comments?post=14166"}],"version-history":[{"count":0,"href":"https:\/\/www.panfletonegro.com\/v\/wp-json\/wp\/v2\/posts\/14166\/revisions"}],"wp:featuredmedia":[{"embeddable":true,"href":"https:\/\/www.panfletonegro.com\/v\/wp-json\/wp\/v2\/media\/14171"}],"wp:attachment":[{"href":"https:\/\/www.panfletonegro.com\/v\/wp-json\/wp\/v2\/media?parent=14166"}],"wp:term":[{"taxonomy":"category","embeddable":true,"href":"https:\/\/www.panfletonegro.com\/v\/wp-json\/wp\/v2\/categories?post=14166"},{"taxonomy":"post_tag","embeddable":true,"href":"https:\/\/www.panfletonegro.com\/v\/wp-json\/wp\/v2\/tags?post=14166"}],"curies":[{"name":"wp","href":"https:\/\/api.w.org\/{rel}","templated":true}]}}