{"id":14161,"date":"2011-03-25T16:12:16","date_gmt":"2011-03-25T20:42:16","guid":{"rendered":"http:\/\/www.panfletonegro.com\/v\/?p=14161"},"modified":"2014-06-07T12:19:08","modified_gmt":"2014-06-07T16:49:08","slug":"breve-nota-para-los-aplaudidores-del-filven","status":"publish","type":"post","link":"https:\/\/www.panfletonegro.com\/v\/2011\/03\/25\/breve-nota-para-los-aplaudidores-del-filven\/","title":{"rendered":"Breve nota para los aplaudidores del Filven"},"content":{"rendered":"<p><a href=\"https:\/\/i0.wp.com\/www.panfletonegro.com\/v\/wp-content\/uploads\/2011\/03\/thundercats080.jpg\"><img data-recalc-dims=\"1\" loading=\"lazy\" decoding=\"async\" data-attachment-id=\"14163\" data-permalink=\"https:\/\/www.panfletonegro.com\/v\/2011\/03\/25\/breve-nota-para-los-aplaudidores-del-filven\/thundercats080\/\" data-orig-file=\"https:\/\/i0.wp.com\/www.panfletonegro.com\/v\/wp-content\/uploads\/2011\/03\/thundercats080.jpg?fit=480%2C360&amp;ssl=1\" data-orig-size=\"480,360\" data-comments-opened=\"1\" data-image-meta=\"{&quot;aperture&quot;:&quot;0&quot;,&quot;credit&quot;:&quot;&quot;,&quot;camera&quot;:&quot;&quot;,&quot;caption&quot;:&quot;&quot;,&quot;created_timestamp&quot;:&quot;0&quot;,&quot;copyright&quot;:&quot;&quot;,&quot;focal_length&quot;:&quot;0&quot;,&quot;iso&quot;:&quot;0&quot;,&quot;shutter_speed&quot;:&quot;0&quot;,&quot;title&quot;:&quot;&quot;}\" data-image-title=\"thundercats080\" data-image-description=\"\" data-image-caption=\"\" data-large-file=\"https:\/\/i0.wp.com\/www.panfletonegro.com\/v\/wp-content\/uploads\/2011\/03\/thundercats080.jpg?fit=480%2C360&amp;ssl=1\" src=\"https:\/\/i0.wp.com\/www.panfletonegro.com\/v\/wp-content\/uploads\/2011\/03\/thundercats080-300x225.jpg?resize=300%2C225\" alt=\"\" width=\"300\" height=\"225\" class=\"aligncenter size-medium wp-image-14163\" srcset=\"https:\/\/i0.wp.com\/www.panfletonegro.com\/v\/wp-content\/uploads\/2011\/03\/thundercats080.jpg?resize=300%2C225&amp;ssl=1 300w, https:\/\/i0.wp.com\/www.panfletonegro.com\/v\/wp-content\/uploads\/2011\/03\/thundercats080.jpg?w=480&amp;ssl=1 480w\" sizes=\"auto, (max-width: 300px) 100vw, 300px\" \/><\/a><\/p>\n<p><em>Espada del augurio d\u00e9jame ver m\u00e1s all\u00e1 de lo evidente <\/em><\/p>\n<p><em>Para Alba Tirado y Poeta 1986<\/em><\/p>\n<p>Alba, t\u00fa dices lo siguiente: \u00abme contenta que la gente lea de todo, incluso las \u201ccosas cuchis\u201d que se consiguen por inet\u00bb<\/p>\n<p>A muchos de nosotros tambi\u00e9n nos encantar\u00eda que en la feria organizada por el gobierno se pudiera conseguir de todo, incluso los textos \u00abcuchis\u00bb que critican al gobierno.  <\/p>\n<p>No nos conformamos con la actitud perdona vida del chavismo,es m\u00e1s, nos parece una tremenda hipocres\u00eda. El hecho de que acepten a tres o cuatro autores disidentes no oculta el marcado car\u00e1cter sectario de este r\u00e9gimen. <\/p>\n<p>En una librer\u00eda particular el due\u00f1o escoge los libros que vender\u00e1, seg\u00fan su criterio. El objetivo de las ferias es m\u00e1s bien lo contrario, reunir a todas las editoriales y ofrecer la m\u00e1s amplia variedad de libros, poner en solo lugar el trabajo de cientos de libreros, \u00bfNo es maravilloso? <\/p>\n<p>\u00bfSe cumple en el Filven? por supuesto que no.<\/p>\n<p>T\u00fa dices ignorar lo pol\u00edtico, lamentablemente yo no tengo \u00e9sa capacidad. Y hablemos ahora de los precios solidarios.<\/p>\n<p>Que un libro se venda en 100 en una librer\u00eda y en la feria te lo ofrezcan en 50 tiene, probablemente, una explicaci\u00f3n bien simple: los libros est\u00e1n siendo subsidiados. Y eso parecer\u00e1 para algunos, en la superficie, una maravilla, pero a largo plazo resulta una calamidad, en todo los aspectos.<\/p>\n<p>Subsidiar libros o gasolina es una medida populista, nada sana para la econom\u00eda. Y m\u00e1s all\u00e1 de eso, el problema es que Venezuela sufre una de las inflaciones m\u00e1s altas del mundo y un control de cambio absurdo, realidades que afectan no s\u00f3lo a los supermercados y ventas de repuestos, tambi\u00e9n a las librer\u00edas y vamos a estar claro, nadie trabaja para perder.<\/p>\n<p>Lo ideal ser\u00eda que todos los precios se sincerar\u00e1n y empezar a remolcar la enferma econom\u00eda venezolana. Pero eso s\u00f3lo lo hacen los gobiernos responsables que velan por el bienestar de los ciudadanos a largo plazo. No es nuestro caso. Aqu\u00ed prefieren vender un libro en 10 bolos y procurarte una sensaci\u00f3n de bienestar que se derrumba una vez se te espicha un caucho y tienes que remplazarlo. <\/p>\n<p>Seamos rom\u00e1nticos y digamos que un estado tan rico como el venezolano se puede dar el lujo de, no s\u00f3lo subsidiar, sino regalar libros a diestra y siniestra, chevere, yo feliz. <\/p>\n<p>Pero primero me ponen este pa\u00eds como una tacita de plata, me lo colocan en la lista de pa\u00edses del primer mundo y me acaban con el analfabetismo funcional de la mayor\u00eda de sus habitantes. Ah\u00ed s\u00ed, Alba, Poeta, nos podemos ir agarraditos de la mano a leer libros subsidiados debajo de un frondoso \u00e1rbol.<\/p>\n<p>Para que no digan que uno es un llor\u00f3n sin oficio: \u00bfPor qu\u00e9 el gobierno no emplea los recursos del estado en digitalizar todas las bibliotecas del pa\u00eds? \u00c9sa s\u00ed ser\u00eda una medida bien democr\u00e1tica y humanista. \u00bfUstedes se imaginan todo nuestro patrimonio literario a la distancia de un click? Los ni\u00f1os en sus laptops Canaima no s\u00f3lo tendr\u00edan acceso a una enciclopedia de la historia de Venezuela edulcorada y manipulada, tambi\u00e9n podr\u00edan leer El principito o a Julio Verne. <\/p>\n<p>Eso s\u00ed es progreso del bueno, eso y no otra cosa, es el alimento para el hombre nuevo, especialmente, si no le alcanza la plata para comprar libros. El Presidente comandante lleva a cabo esa iniciativa y yo dudo que alguien sea capaz de de criticarla, es m\u00e1s, ser\u00eda aplaudida por Venezuela, el mundo y hasta por los antiguos marcianos, que en paz descansen.<\/p>\n<p>\u00bfPor qu\u00e9 no lo hacen? Simple, a Ch\u00e1vez y a sus compinches no les importa, en lo m\u00e1s m\u00ednimo, la cultura. La utilizan al igual que el deporte, para hacer propaganda. Nada nuevo bajo el sol, los reg\u00edmenes fascistas\/totalitarios\/populistas recurren a esta practica para tapar la corrupci\u00f3n, la violaci\u00f3n a los derechos humanos, la pobreza, sus fracaso y la lavarse la cara internacionalmente. Es la raz\u00f3n por la que el capitulo cultura en la era chavista ha sido tan oscuro y deprimente.<\/p>\n<p>Aqu\u00ed hay miles de damnificados en refugios, pero eso puede esperar, primero le firmo un cheque por 30 millones de euros a Pastor Maldonado para que vaya a pasear nuestra bandera y se la muestre a los Reyes y Jeques del mundo.<\/p>\n<p>La falta de inter\u00e9s hac\u00eda la cultura y su profusi\u00f3n tambi\u00e9n encierra otro siniestro objetivo: mantener a la mayor\u00eda de la poblaci\u00f3n en la miseria f\u00edsica e intelectual es la \u00fanica forma de sostener en el poder a estos infelices personajes. Masas ignorantes son manipulables, d\u00e9biles y dependientes.<\/p>\n<p>Me dicen que la editorial del gobierno publica autores y mantiene su catalogo, bueno, \u00bfy cu\u00e1l es la raz\u00f3n de ser de una editorail? No nos est\u00e1n haciendo ning\u00fan favor, \u00e9sas son sus funciones \u00a1por favor! Un poquito de perspectiva se\u00f1ores.<\/p>\n<p>Cuando Poeta 1986 dice: \u00abte invito a que te pases por las librer\u00edas del Sur, conseguir\u00e1s es verdad, como tu dices la mayor\u00eda de textos pro gobierno, pero tambi\u00e9n conseguir\u00e1s libros reci\u00e9n editados de Jos\u00e9 Napole\u00f3n Oropeza (ex-director del Ateneo de Valencia, enemigo abierto del gobierno) por ejemplo&#8230;\u00bb Nos obliga a reflexionar sobre hasta que punto algunas personas son indulgentes ante lo evidente. <\/p>\n<p>No se\u00f1ores, no puedo celebrar el Filven, ni por su forma ni por su fondo. Donde Alba Tirado respir\u00f3 \u00abotro aire, vi m\u00e1s vida, m\u00e1s inter\u00e9s y me gust\u00f3 ver a gente de varias posturas pol\u00edticas buscando t\u00edtulos o asistiendo a eventos\u00bb yo ol\u00ed manipulaci\u00f3n, fracaso e intolerancia.  <\/p>\n<p>Prefiero ponerme a llorar en frente de la vidriera de una librer\u00eda que hacerle el juego a los fachas. <\/p>\n","protected":false},"excerpt":{"rendered":"<p>Espada del augurio d\u00e9jame ver m\u00e1s all\u00e1 de lo evidente Para Alba Tirado y Poeta 1986 Alba, t\u00fa dices lo siguiente: \u00abme contenta que la gente lea de todo, incluso las \u201ccosas cuchis\u201d que se consiguen por inet\u00bb A muchos de nosotros tambi\u00e9n nos encantar\u00eda que en la feria organizada por el gobierno se pudiera [&hellip;]<\/p>\n","protected":false},"author":1047,"featured_media":14163,"comment_status":"open","ping_status":"open","sticky":false,"template":"","format":"standard","meta":{"jetpack_post_was_ever_published":false,"_jetpack_newsletter_access":"","_jetpack_dont_email_post_to_subs":false,"_jetpack_newsletter_tier_id":0,"_jetpack_memberships_contains_paywalled_content":false,"_jetpack_memberships_contains_paid_content":false,"footnotes":"","jetpack_publicize_message":"","jetpack_publicize_feature_enabled":true,"jetpack_social_post_already_shared":false,"jetpack_social_options":{"image_generator_settings":{"template":"highway","default_image_id":0,"font":"","enabled":false},"version":2}},"categories":[1],"tags":[944,7,648],"class_list":{"0":"post-14161","1":"post","2":"type-post","3":"status-publish","4":"format-standard","5":"has-post-thumbnail","7":"category-azares","8":"tag-filven","9":"tag-libros","10":"tag-populismo"},"jetpack_publicize_connections":[],"jetpack_featured_media_url":"https:\/\/i0.wp.com\/www.panfletonegro.com\/v\/wp-content\/uploads\/2011\/03\/thundercats080.jpg?fit=480%2C360&ssl=1","jetpack_shortlink":"https:\/\/wp.me\/pfpCD-3Gp","jetpack_sharing_enabled":true,"_links":{"self":[{"href":"https:\/\/www.panfletonegro.com\/v\/wp-json\/wp\/v2\/posts\/14161","targetHints":{"allow":["GET"]}}],"collection":[{"href":"https:\/\/www.panfletonegro.com\/v\/wp-json\/wp\/v2\/posts"}],"about":[{"href":"https:\/\/www.panfletonegro.com\/v\/wp-json\/wp\/v2\/types\/post"}],"author":[{"embeddable":true,"href":"https:\/\/www.panfletonegro.com\/v\/wp-json\/wp\/v2\/users\/1047"}],"replies":[{"embeddable":true,"href":"https:\/\/www.panfletonegro.com\/v\/wp-json\/wp\/v2\/comments?post=14161"}],"version-history":[{"count":0,"href":"https:\/\/www.panfletonegro.com\/v\/wp-json\/wp\/v2\/posts\/14161\/revisions"}],"wp:featuredmedia":[{"embeddable":true,"href":"https:\/\/www.panfletonegro.com\/v\/wp-json\/wp\/v2\/media\/14163"}],"wp:attachment":[{"href":"https:\/\/www.panfletonegro.com\/v\/wp-json\/wp\/v2\/media?parent=14161"}],"wp:term":[{"taxonomy":"category","embeddable":true,"href":"https:\/\/www.panfletonegro.com\/v\/wp-json\/wp\/v2\/categories?post=14161"},{"taxonomy":"post_tag","embeddable":true,"href":"https:\/\/www.panfletonegro.com\/v\/wp-json\/wp\/v2\/tags?post=14161"}],"curies":[{"name":"wp","href":"https:\/\/api.w.org\/{rel}","templated":true}]}}