{"id":13838,"date":"2011-03-22T00:08:13","date_gmt":"2011-03-22T04:38:13","guid":{"rendered":"http:\/\/www.panfletonegro.com\/v\/?p=13838"},"modified":"2011-06-21T02:43:44","modified_gmt":"2011-06-21T07:13:44","slug":"irse-o-no-irse","status":"publish","type":"post","link":"https:\/\/www.panfletonegro.com\/v\/2011\/03\/22\/irse-o-no-irse\/","title":{"rendered":"IRSE O NO IRSE: \u00bfES ESA LA CUESTI\u00d3N?"},"content":{"rendered":"<blockquote>\n<p style=\"text-align: left\"><img data-recalc-dims=\"1\" loading=\"lazy\" decoding=\"async\" data-attachment-id=\"13853\" data-permalink=\"https:\/\/www.panfletonegro.com\/v\/2011\/03\/22\/irse-o-no-irse\/hombre-nuevo\/\" data-orig-file=\"https:\/\/i0.wp.com\/www.panfletonegro.com\/v\/wp-content\/uploads\/2011\/03\/hombre-nuevo.jpg?fit=602%2C780&amp;ssl=1\" data-orig-size=\"602,780\" data-comments-opened=\"1\" data-image-meta=\"{&quot;aperture&quot;:&quot;0&quot;,&quot;credit&quot;:&quot;&quot;,&quot;camera&quot;:&quot;Canon MP250 series&quot;,&quot;caption&quot;:&quot;&quot;,&quot;created_timestamp&quot;:&quot;1298705312&quot;,&quot;copyright&quot;:&quot;&quot;,&quot;focal_length&quot;:&quot;0&quot;,&quot;iso&quot;:&quot;0&quot;,&quot;shutter_speed&quot;:&quot;0&quot;,&quot;title&quot;:&quot;&quot;}\" data-image-title=\"hombre nuevo\" data-image-description=\"\" data-image-caption=\"\" data-large-file=\"https:\/\/i0.wp.com\/www.panfletonegro.com\/v\/wp-content\/uploads\/2011\/03\/hombre-nuevo.jpg?fit=602%2C780&amp;ssl=1\" class=\"alignnone size-medium wp-image-13853\" src=\"https:\/\/i0.wp.com\/www.panfletonegro.com\/v\/wp-content\/uploads\/2011\/03\/hombre-nuevo-231x300.jpg?resize=231%2C300\" alt=\"\" width=\"231\" height=\"300\" srcset=\"https:\/\/i0.wp.com\/www.panfletonegro.com\/v\/wp-content\/uploads\/2011\/03\/hombre-nuevo.jpg?resize=231%2C300&amp;ssl=1 231w, https:\/\/i0.wp.com\/www.panfletonegro.com\/v\/wp-content\/uploads\/2011\/03\/hombre-nuevo.jpg?w=602&amp;ssl=1 602w\" sizes=\"auto, (max-width: 231px) 100vw, 231px\" \/><\/p>\n<p style=\"text-align: right\">Si tu grupo est\u00e1 loco o borracho, s\u00f3lo tienes dos opciones: volverte loco, emborracharte\u00a0como ellos o irte para otro lugar.<\/p>\n<p style=\"text-align: right\">par\u00e1frasis de un aforismo de Alejandro Jodorosky<\/p>\n<\/blockquote>\n<p style=\"text-align: justify\">Puede que no te guste, puede que no est\u00e9s de acuerdo, pero la realidad es que irse o quedarse en Venezuela es una decisi\u00f3n personal. Un c\u00e1lculo racional, como dir\u00edan los economistas o los psic\u00f3logos cognitivos. <strong>Si en la balanza pesa m\u00e1s el lado l\u00f3gico, haces tu plan, agarras tus peroles y te vas lo m\u00e1s r\u00e1pido que puedes<\/strong>. Esto por algo muy sencillo: las matem\u00e1ticas no dan. A\u00fan en el caso de que surja un cambio radical que se implemente ahora mismo, la recuperaci\u00f3n de las instituciones (o mejor dicho, la creaci\u00f3n de nuevas instituciones), el cambio cultural para que los venezolanos comiencen a respetarse unos a otros, la creaci\u00f3n del bien com\u00fan (inexistente en la Venezuela del \u00abagarra tu pedazo porque ahora es de todos\u00bb); todo eso tomar\u00eda unas cu\u00e1ntas d\u00e9cadas. Lo m\u00e1s grave es que ese cambio radical hipot\u00e9tico es s\u00f3lo un sue\u00f1o. La crisis pol\u00edtico\/cultural en Venezuela apenas se despliega (14 a\u00f1os no son nada en t\u00e9rminos de procesos sociales). <strong>As\u00ed es: te guste o no, lo creas o no, a\u00fan no has vivido lo peor<\/strong>. Por eso la gente se va, porque no hay seguridad social de ning\u00fan tipo y, sin eso, la vida individual, todos los sabemos muy bien, se convierte en irritaci\u00f3n continua, en ese purgatorio que vives especialmente si est\u00e1s en Caracas.<\/p>\n<p style=\"text-align: justify\"><a href=\"https:\/\/i0.wp.com\/www.panfletonegro.com\/v\/wp-content\/uploads\/2011\/03\/baggage-check-in-inv.jpeg\"><img data-recalc-dims=\"1\" loading=\"lazy\" decoding=\"async\" data-attachment-id=\"13846\" data-permalink=\"https:\/\/www.panfletonegro.com\/v\/2011\/03\/22\/irse-o-no-irse\/baggage-check-in-inv\/\" data-orig-file=\"https:\/\/i0.wp.com\/www.panfletonegro.com\/v\/wp-content\/uploads\/2011\/03\/baggage-check-in-inv.jpeg?fit=300%2C300&amp;ssl=1\" data-orig-size=\"300,300\" data-comments-opened=\"1\" data-image-meta=\"{&quot;aperture&quot;:&quot;0&quot;,&quot;credit&quot;:&quot;&quot;,&quot;camera&quot;:&quot;&quot;,&quot;caption&quot;:&quot;&quot;,&quot;created_timestamp&quot;:&quot;0&quot;,&quot;copyright&quot;:&quot;&quot;,&quot;focal_length&quot;:&quot;0&quot;,&quot;iso&quot;:&quot;0&quot;,&quot;shutter_speed&quot;:&quot;0&quot;,&quot;title&quot;:&quot;&quot;}\" data-image-title=\"baggage-check-in-inv\" data-image-description=\"\" data-image-caption=\"\" data-large-file=\"https:\/\/i0.wp.com\/www.panfletonegro.com\/v\/wp-content\/uploads\/2011\/03\/baggage-check-in-inv.jpeg?fit=300%2C300&amp;ssl=1\" class=\"alignright size-full wp-image-13846\" src=\"https:\/\/i0.wp.com\/www.panfletonegro.com\/v\/wp-content\/uploads\/2011\/03\/baggage-check-in-inv.jpeg?resize=210%2C210\" alt=\"\" width=\"210\" height=\"210\" srcset=\"https:\/\/i0.wp.com\/www.panfletonegro.com\/v\/wp-content\/uploads\/2011\/03\/baggage-check-in-inv.jpeg?w=300&amp;ssl=1 300w, https:\/\/i0.wp.com\/www.panfletonegro.com\/v\/wp-content\/uploads\/2011\/03\/baggage-check-in-inv.jpeg?resize=150%2C150&amp;ssl=1 150w\" sizes=\"auto, (max-width: 210px) 100vw, 210px\" \/><\/a>Ahora bien, <strong>si en tu c\u00e1lculo pesa m\u00e1s lo afectivo, te quedas<\/strong>. Por un lado, te duele demasiado el desgarro que supone emigrar, te asusta la incertidumbre de comenzar de nuevo, entre otras ansiedades. Por el otro, no quieres dejar a tu mam\u00e1, a tu abuelito, a la mascota de tu pareja&#8230; Como me dijo una amiga, \u00abyo se d\u00f3nde est\u00e1 mi coraz\u00f3n\u00bb, haciendo alusi\u00f3n a que, de irse, estar\u00eda lejos de sus seres queridos. <strong>Si te quedas es porque hay algo que te ata, algo que valoras m\u00e1s que las razones que les dan la fuerza a otros para irse.<\/strong><\/p>\n<p style=\"text-align: justify\"><strong> Ambas posiciones son respetables<\/strong>, pues los seres humanos tenemos un cerebro y tambi\u00e9n un corazoncito. Lo interesante es que en la realidad las cosas no son tan sencillas, precisamente porque ese cerebro y ese corazoncito interactuan en un sistema llamado cuerpo. <strong>De manera que a la hora de la chiquita, tanto irse como quedarse son decisiones complejas<\/strong>. Te quieres ir pero te da culpa; te quieres quedar pero te da rabia, por nombrar las experiencias m\u00e1s comunes. Por eso los pocos amigos cercanos que me quedan en Venezuela siguen all\u00e1, todav\u00eda haciendo planes para irse. Hasta donde s\u00e9, s\u00f3lo uno asumi\u00f3 su decisi\u00f3n de permanecer all\u00e1 y, muy importante, est\u00e1 tranquilo con ella. En medio de todo, disfruta de lo que \u00e9l llama \u00abeste laboratorio de la Nada\u00bb.<\/p>\n<p style=\"text-align: justify\">Adem\u00e1s de este hecho interesante, el de la ambivalencia, hay otros fen\u00f3menos m\u00e1s espinosos. Puede que hayas tomado tu decisi\u00f3n de quedarte, pero precisamente por esta ambivalencia de la que hablo, cuando ves a otros que agarran sus maletas y se van, te confrontas con tu propia inseguridad. Especialmente porque en la \u00abVenezuela socialista de todos\u00bb las oportunidades son a\u00fan m\u00e1s asim\u00e9tricas que antes. <strong>De hecho, s\u00f3lo se va quien puede, no quien solamente quiere. <\/strong><\/p>\n<p style=\"text-align: justify\">Con esto a\u00f1adimos otra dimensi\u00f3n a lo ya de por s\u00ed complejo. Puede que seas pariente del Dr. Spock, y que tus acciones se gu\u00eden solo por la raz\u00f3n m\u00e1s as\u00e9ptica. A\u00fan as\u00ed, si no tienes los requisitos b\u00e1sicos, olv\u00eddalo. No te vistas que no vas. La di\u00e1spora venezolana es evidente y, por ejemplo, cuando el gobierno paname\u00f1o not\u00f3 que, si la cosa segu\u00eda as\u00ed, el 10% de la poblaci\u00f3n iba a ser venezolana, de inmediato puso visa a los venezolanos (adem\u00e1s, \u00bfpara qu\u00e9 m\u00e1s cybercaf\u00e9s en ciudad de panam\u00e1? Este es el \u00fanico tipo de negocio que se le ocurri\u00f3\u00a0a los venezolanos para que les dieran la residencia como inversores). Igualmente, la embajada de Australia se fue del pa\u00eds, colocando distancia para el aluvi\u00f3n de solicitudes para inmigrar a esta parte del primer mundo. La embajada de Canad\u00e1 no se fue, pero tambi\u00e9n puso visa a los turistas, frenando la avalancha de venezolanos que entraban y ped\u00edan asilo (este punto en particular me parece fascinante: la lista Tasc\u00f3n y los desalojos armados de los campos de PDVSA dieron residencia canadiense a un mont\u00f3n de Venezolanos, la mayor\u00eda ahora en la costa Oeste, donde est\u00e1 la industria petrolera). Las medidas de la embajada canadiense cada d\u00eda se ponen m\u00e1s duras, al punto de que para 2010 muchos estudiantes de ingl\u00e9s tuvieron que cambiar de destino (\u00a1claro, est\u00e1n en edad de irse!). Ahora ir a Canad\u00e1 es igual, quiz\u00e1s peor, que intentar ir a Estados Unidos. Por eso lo que queda es la emproblemada Espa\u00f1a. De all\u00ed que la exacerbada xenofobia de los espa\u00f1oles hacia los sudacas hoy en d\u00eda se deposite en los venezolanos, en particular (para este destino, adem\u00e1s del pasaje, necesitas los cojones que se requieren para vivir de ilegal).\u00a0<strong>En fin, a estas alturas del partido, las opciones para irse se hacen m\u00e1s y mas estrechas, lo que significa que la emigraci\u00f3n desde Venezuela es cada vez m\u00e1s elitesca.<\/strong><\/p>\n<p style=\"text-align: justify\">Es en este coctel que vemos las reacciones patrioteras y\u00a0los chantajes emocionales tipo \u00abno es posible que la soluci\u00f3n sea irse\u00bb, \u00abvendepatrias\u00bb, \u00abeste es mi pa\u00eds\u00bb, \u00ab\u00bfsi lo tuyo con Venezuela fuese una relaci\u00f3n de pareja, te ir\u00edas al primer problema?\u00bb, entre muchos otros <strong>pseudoargumentos<\/strong>. Y digo pseudoargumentos porque, volviendo al punto, irse o quedarse es una decisi\u00f3n personal, basada en un c\u00e1lculo individual (por eso si una pareja no se pone de acuerdo en tener la misma decisi\u00f3n, tarde o temprano se rompe y cada uno agarra para su lado). No, la relaci\u00f3n con Venezuela no es como la de una pareja. <strong>De hecho, la idea de una tierra a la que se pertenece es un invento rom\u00e1ntico.<\/strong> Para el liberalismo cosmopolita, tanto como la izquierda de verdad verdad (junto a otros grupos, como los anarquistas), la idea de un pa\u00eds al que se pertenece es opresiva pues, en esta aldea global, la humanidad no deber\u00eda estar compartimentalizada en cajas llamadas pa\u00edses porque, a fin de cuentas, de ah\u00ed es de donde surjen todas las exclusiones y discriminaciones aludidas en el p\u00e1rrafo anterior.<\/p>\n<p style=\"text-align: justify\"><strong>As\u00ed que si te quedas por cuenta propia, as\u00famelo y acepta que hay otros que toman otro tipo de decisiones<\/strong>. \u00a1Venezuela est\u00e1 mal y parte de la crisis se debe a esa simbiosis donde no se permite la diferenciaci\u00f3n individual! Nos vamos porque nuestro pa\u00eds nos abort\u00f3; nos vendi\u00f3 una imagen de la vida y de la sociedad que no s\u00f3lo no es capaz de cumplir, sino que adem\u00e1s, en este preciso momento, es justo aquello que este gobierno quiere destruir. Nos di\u00f3 una educaci\u00f3n para convertirnos en los nuevos excluidos, porque en esta \u00abrevoluci\u00f3n\u00bb no importa lo racional -nuestras profesiones modernas- sino la identificaci\u00f3n con el m\u00e1ximo l\u00edder. Nos vamos porque esta crisis apenas comienza y no ser\u00e1 nuestra generaci\u00f3n la que vea la luz al final del tunel. <strong>Estamos apenas en la fase de tratar de acabar con lo diferente<\/strong> (v.g. \u00absi piensas distinto eres contra-revolucionario\u00bb). <strong>Esto indica que el pa\u00eds necesita hundirse m\u00e1s en su miseria, hasta que se de cuenta que la sociedad no es un todo homog\u00e9neo<\/strong>; que el \u00e9xito depende, precisamente, de abrirse a la pluralidad y a la diversidad, pues as\u00ed es que estamos configurados nosotros en este momento de la historia.<\/p>\n<p style=\"text-align: justify\">Si te quedas porque no te queda de otra, s\u00f3lo puedo darte un consejo; ap\u00farate a organizarte en grupos y desarrollar conciencia pol\u00edtica (capaz y as\u00ed aceleras un poco la llegada de la VI rep\u00fablica). Deja de pensar que Ch\u00e1vez en la causa, pues \u00e9l es s\u00f3lo la consecuencia de nuestras miserias como colectivo. Deja de quejarte por twitter y haz acciones de verdad (luego puede tuitear sobre esto, pues esta estrategia s\u00ed sirve). Lo m\u00e1s importante: busca romper la met\u00e1fora que estructura todos nuestros males, esa divisi\u00f3n cacique-m\u00e1rtires de la que te hablar\u00e9 en mi pr\u00f3ximo post.<\/p>\n","protected":false},"excerpt":{"rendered":"<p>Si tu grupo est\u00e1 loco o borracho, s\u00f3lo tienes dos opciones: volverte loco, emborracharte\u00a0como ellos o irte para otro lugar. par\u00e1frasis de un aforismo de Alejandro Jodorosky Puede que no te guste, puede que no est\u00e9s de acuerdo, pero la realidad es que irse o quedarse en Venezuela es una decisi\u00f3n personal. Un c\u00e1lculo racional, [&hellip;]<\/p>\n","protected":false},"author":1183,"featured_media":13846,"comment_status":"open","ping_status":"open","sticky":false,"template":"","format":"standard","meta":{"jetpack_post_was_ever_published":false,"_jetpack_newsletter_access":"","_jetpack_dont_email_post_to_subs":false,"_jetpack_newsletter_tier_id":0,"_jetpack_memberships_contains_paywalled_content":false,"_jetpack_memberships_contains_paid_content":false,"footnotes":"","jetpack_publicize_message":"","jetpack_publicize_feature_enabled":true,"jetpack_social_post_already_shared":false,"jetpack_social_options":{"image_generator_settings":{"template":"highway","default_image_id":0,"font":"","enabled":false},"version":2}},"categories":[6],"tags":[946],"class_list":{"0":"post-13838","1":"post","2":"type-post","3":"status-publish","4":"format-standard","5":"has-post-thumbnail","7":"category-confesionario","8":"tag-emigracion"},"jetpack_publicize_connections":[],"jetpack_featured_media_url":"https:\/\/i0.wp.com\/www.panfletonegro.com\/v\/wp-content\/uploads\/2011\/03\/baggage-check-in-inv.jpeg?fit=300%2C300&ssl=1","jetpack_shortlink":"https:\/\/wp.me\/pfpCD-3Bc","jetpack_sharing_enabled":true,"_links":{"self":[{"href":"https:\/\/www.panfletonegro.com\/v\/wp-json\/wp\/v2\/posts\/13838","targetHints":{"allow":["GET"]}}],"collection":[{"href":"https:\/\/www.panfletonegro.com\/v\/wp-json\/wp\/v2\/posts"}],"about":[{"href":"https:\/\/www.panfletonegro.com\/v\/wp-json\/wp\/v2\/types\/post"}],"author":[{"embeddable":true,"href":"https:\/\/www.panfletonegro.com\/v\/wp-json\/wp\/v2\/users\/1183"}],"replies":[{"embeddable":true,"href":"https:\/\/www.panfletonegro.com\/v\/wp-json\/wp\/v2\/comments?post=13838"}],"version-history":[{"count":0,"href":"https:\/\/www.panfletonegro.com\/v\/wp-json\/wp\/v2\/posts\/13838\/revisions"}],"wp:featuredmedia":[{"embeddable":true,"href":"https:\/\/www.panfletonegro.com\/v\/wp-json\/wp\/v2\/media\/13846"}],"wp:attachment":[{"href":"https:\/\/www.panfletonegro.com\/v\/wp-json\/wp\/v2\/media?parent=13838"}],"wp:term":[{"taxonomy":"category","embeddable":true,"href":"https:\/\/www.panfletonegro.com\/v\/wp-json\/wp\/v2\/categories?post=13838"},{"taxonomy":"post_tag","embeddable":true,"href":"https:\/\/www.panfletonegro.com\/v\/wp-json\/wp\/v2\/tags?post=13838"}],"curies":[{"name":"wp","href":"https:\/\/api.w.org\/{rel}","templated":true}]}}