{"id":1380,"date":"2008-08-05T10:42:15","date_gmt":"2008-08-05T14:42:15","guid":{"rendered":"http:\/\/www.panfletonegro.com\/v\/2008\/08\/05\/cronicas-miticas-asi-empezo-todo\/"},"modified":"2008-08-05T10:42:15","modified_gmt":"2008-08-05T14:42:15","slug":"cronicas-miticas-asi-empezo-todo","status":"publish","type":"post","link":"https:\/\/www.panfletonegro.com\/v\/2008\/08\/05\/cronicas-miticas-asi-empezo-todo\/","title":{"rendered":"CR\u00d3NICAS M\u00cdTICAS  (As\u00ed empez\u00f3 todo)"},"content":{"rendered":"<p>\u00a0\u00a0\u00a0\u00a0\u00a0<\/p>\n<p>He estado en cada revuelta, en cada mot\u00edn, en cada levantamiento, en cada conspiraci\u00f3n, en todas las resistencias y todas las revoluciones. He estado en cada avance hacia la libertad, alegre, esperanzado; y tambi\u00e9n en cada retroceso, bajada la cabeza, la rabia apresada en los pu\u00f1os prietos y la mirada humedecida en el desencanto. As\u00ed\u2026 desde el principio. Porque estoy condenado a no vencer nunca y a no morir jam\u00e1s.<\/p>\n<p>Mi nombre es Anarkirias; desde que me robaron el brillo, la ausencia de luz es mi color; el negro, mi bandera; la tiniebla, mi hogar y mi paisaje; mi objetivo, la ansiada muerte, pero, para morir, necesito conquistar el para\u00edso, la utop\u00eda. Por eso, no morir\u00e9 jam\u00e1s. Porque a\u00fan no ha nacido el que pueda matar una idea.<\/p>\n<p>No s\u00e9 cu\u00e1nto tiempo hace que nac\u00ed en Tartessos, esa tierra que tantas veces ha cambiado de nombre y de la que adopt\u00e9 el apellido. Soy hijo de una prostituta sagrada atlante y de un picapedrero liberto, del lugar que hoy conoc\u00e9is como Huelva, y al que acabaron ejecutando por su colaboraci\u00f3n en fugas de esclavos. De muy ni\u00f1o qued\u00e9 al cuidado de un sacerdote amigo de mi madre, que por su oficio altamente cualificado y sacro no pod\u00eda ocuparse de m\u00ed. \u00c9l me ense\u00f1\u00f3 los arcanos de las ciencias y las artes, as\u00ed como las m\u00e1s depuradas t\u00e9cnicas amatorias.<\/p>\n<p>Cuando apenas contaba quince a\u00f1os, un viejo fenicio, comerciante en c\u00e1\u00f1amo, me dijo que yo le recordaba al protagonista de una antiqu\u00edsima historia que en su aldea natal se transmit\u00eda de generaci\u00f3n en generaci\u00f3n. Me relat\u00f3 que esa misma leyenda la hab\u00eda o\u00eddo contar en los lugares m\u00e1s apartados y remotos, usando, claro est\u00e1, otros nombres, otros entornos y hasta otras fechas como referencias, pero siendo siempre, en lo esencial, la misma ancestral leyenda.<\/p>\n<p>Me cont\u00f3 que en un tiempo tan lejano que el tiempo se cre\u00f3 despu\u00e9s, hubo en el cosmos un fiero y brutal enfrentamiento entre dos conceptos opuestos del \u201cser\u201d. Al vencedor de la gran batalla se le llam\u00f3 el \u201cBien\u201d, y al perdedor el \u00bb Mal\u201d. Cuentan que Mal era el ser m\u00e1s bello, luminoso y sabio del universo. Y tambi\u00e9n el m\u00e1s generoso, pues quiso arrebatar a Bien el para\u00edso que disfrutaba \u00e9l s\u00f3lo y sus ac\u00f3litos para ofrec\u00e9rselo al resto de las criaturas y terminar, mediante la fraternidad universal, con la teocracia. Pero Bien fue m\u00e1s fuerte y, despu\u00e9s de comprar a gran parte del ej\u00e9rcito de Mal con una felicidad bobalicona, en la que no importan la libertad ni la justicia, venci\u00f3 a Mal y lo conden\u00f3 al fuego: un planeta en formaci\u00f3n. Y aqu\u00ed sigue desde entonces, empe\u00f1ado en recuperar la utop\u00eda, en asaltar de nuevo el para\u00edso para d\u00e1rnoslo. Aqu\u00ed sigue, alentando cada rebeli\u00f3n, cada asalto a los muros de todos los cielos.<\/p>\n<p>Desde que aquel fenicio termin\u00f3 su historia supe que no morir\u00eda jam\u00e1s, fue como si aquel relato hubiese ejercido de bautismo en mi memoria ancestral y me hubiera puesto en camino.<\/p>\n<p>Desde aquella primigenia y m\u00edtica revoluci\u00f3n he participado en todas las dem\u00e1s. A partir de la semana que viene comenzar\u00e9 a contaros aquellas que ya podr\u00e9is encuadrar dentro de lo que llam\u00e1is \u201chistoria real\u201d.<\/p>\n<p>Para seguir con esta \u00abhistoria de las revoluciones\u00bb ir a <a href=\"http:\/\/www.cgt.info\/aytomadrid\">www.cgt.info\/aytomadrid<\/a> y pinchar en secci\u00f3n PARA LEER\u00a0 y despu\u00e9s en Memorias de Anarkirias.<\/p>\n<p><!-- finde_surligneconditionnel --><\/p>\n","protected":false},"excerpt":{"rendered":"<p>\u00a0\u00a0\u00a0\u00a0\u00a0 He estado en cada revuelta, en cada mot\u00edn, en cada levantamiento, en cada conspiraci\u00f3n, en todas las resistencias y todas las revoluciones. He estado en cada avance hacia la libertad, alegre, esperanzado; y tambi\u00e9n en cada retroceso, bajada la cabeza, la rabia apresada en los pu\u00f1os prietos y la mirada humedecida en el desencanto. [&hellip;]<\/p>\n","protected":false},"author":399,"featured_media":0,"comment_status":"open","ping_status":"open","sticky":false,"template":"","format":"standard","meta":{"jetpack_post_was_ever_published":false,"_jetpack_newsletter_access":"","_jetpack_dont_email_post_to_subs":false,"_jetpack_newsletter_tier_id":0,"_jetpack_memberships_contains_paywalled_content":false,"_jetpack_memberships_contains_paid_content":false,"footnotes":"","jetpack_publicize_message":"","jetpack_publicize_feature_enabled":true,"jetpack_social_post_already_shared":false,"jetpack_social_options":{"image_generator_settings":{"template":"highway","default_image_id":0,"font":"","enabled":false},"version":2}},"categories":[1],"tags":[],"class_list":{"0":"post-1380","1":"post","2":"type-post","3":"status-publish","4":"format-standard","6":"category-azares"},"jetpack_publicize_connections":[],"jetpack_featured_media_url":"","jetpack_shortlink":"https:\/\/wp.me\/pfpCD-mg","jetpack_sharing_enabled":true,"_links":{"self":[{"href":"https:\/\/www.panfletonegro.com\/v\/wp-json\/wp\/v2\/posts\/1380","targetHints":{"allow":["GET"]}}],"collection":[{"href":"https:\/\/www.panfletonegro.com\/v\/wp-json\/wp\/v2\/posts"}],"about":[{"href":"https:\/\/www.panfletonegro.com\/v\/wp-json\/wp\/v2\/types\/post"}],"author":[{"embeddable":true,"href":"https:\/\/www.panfletonegro.com\/v\/wp-json\/wp\/v2\/users\/399"}],"replies":[{"embeddable":true,"href":"https:\/\/www.panfletonegro.com\/v\/wp-json\/wp\/v2\/comments?post=1380"}],"version-history":[{"count":0,"href":"https:\/\/www.panfletonegro.com\/v\/wp-json\/wp\/v2\/posts\/1380\/revisions"}],"wp:attachment":[{"href":"https:\/\/www.panfletonegro.com\/v\/wp-json\/wp\/v2\/media?parent=1380"}],"wp:term":[{"taxonomy":"category","embeddable":true,"href":"https:\/\/www.panfletonegro.com\/v\/wp-json\/wp\/v2\/categories?post=1380"},{"taxonomy":"post_tag","embeddable":true,"href":"https:\/\/www.panfletonegro.com\/v\/wp-json\/wp\/v2\/tags?post=1380"}],"curies":[{"name":"wp","href":"https:\/\/api.w.org\/{rel}","templated":true}]}}