{"id":13775,"date":"2011-03-19T20:10:53","date_gmt":"2011-03-20T00:40:53","guid":{"rendered":"http:\/\/www.panfletonegro.com\/v\/?p=13775"},"modified":"2011-03-24T07:00:36","modified_gmt":"2011-03-24T11:30:36","slug":"breve-manual-para-discriminar","status":"publish","type":"post","link":"https:\/\/www.panfletonegro.com\/v\/2011\/03\/19\/breve-manual-para-discriminar\/","title":{"rendered":"breve manual para discriminar"},"content":{"rendered":"<div class=\"separator\" style=\"clear: both; text-align: center;\"><a href=\"https:\/\/i0.wp.com\/lh5.googleusercontent.com\/-zww6-JxiZi8\/TYVH31nYJPI\/AAAAAAAAEBI\/M2zpsQF9gYs\/s1600\/perritos%2Besta.JPG?ssl=1\"><img data-recalc-dims=\"1\" loading=\"lazy\" decoding=\"async\" src=\"https:\/\/i0.wp.com\/lh5.googleusercontent.com\/-zww6-JxiZi8\/TYVH31nYJPI\/AAAAAAAAEBI\/M2zpsQF9gYs\/s400\/perritos%2Besta.JPG?resize=400%2C300&#038;ssl=1\" border=\"0\" alt=\"\" width=\"400\" height=\"300\" \/><\/a><\/div>\n<p><span style=\"font-family: Arial, Helvetica, sans-serif;\"><br \/>\n<\/span><br \/>\n<span style=\"font-family: Arial, Helvetica, sans-serif;\">Me encuentro en ese extenso segmento de la poblaci\u00f3n que es discriminada sistem\u00e1ticamente. No solo por chavez, si no tambi\u00e9n a nivel mundial, somos millones, cientos de millones miles de millones que llevamos nuestra cruz con el peso de la discriminaci\u00f3n.<\/span><br \/>\n<span style=\"font-family: Arial, Helvetica, sans-serif;\">(En este momento deben decir; \u201cpobrecito\u201d)<\/span><br \/>\n<span style=\"font-family: Arial, Helvetica, sans-serif;\">Y lo peor es que somos buenas personas, pondr\u00eda mis patas en el fuego por todos y cada uno de nosotros. Yo soy buena persona, aunque algunas ex afirmen lo contrario. No se les puede creer a esas bichas.<\/span><br \/>\n<span style=\"font-family: Arial, Helvetica, sans-serif;\">Para empezar soy discriminado por mi gobierno, ya que seg\u00fan el soy un ciudadano de cuarta categor\u00eda, de hecho seg\u00fan el, no deber\u00eda tener pasaporte de este pa\u00eds, a mi si me aplican la ley, para los revolucionarios  es letra muerta, ya que est\u00e1n en una revoluci\u00f3n. De todas las formas que me discriminan esta, es quiz\u00e1s la que menos me duele, ya que  nadie protesta por eso, y lo toman como algo normal. Me hago el loco, como casi todos.<\/span><\/p>\n<p><!--more--><br \/>\n<span style=\"font-family: Arial, Helvetica, sans-serif;\">La segunda y esta si es grave, forma que me discriminan es por tener perros, esa vaina para la mayor\u00eda es algo inaceptable, somos menos que escoria.<\/span><br \/>\n<span style=\"font-family: Arial, Helvetica, sans-serif;\">El asunto comenz\u00f3 con un musulm\u00e1n que viv\u00eda en el edificio que le pego una patada, frente a mi, a mi perrita cuando tenia tres meses, y ella quer\u00eda jugar con el. Al maldito le hice la vida tan imposible que tuvo que mudarse, cada vez que lo ve\u00eda en el ascensor, le dec\u00eda que \u00abMahoma era marico\u00bb, o algo similar, por lo menos ese se mudo, pero quedaron los dem\u00e1s vecinos, que dicen <\/span><span style=\"font-family: Arial, Helvetica, sans-serif;\">\u00a1\u00a1\u00a1\u00a0FUU, esto huele a perros!!!!.  De bolas. Los perros huelen a perro, es dif\u00edcil que un perro huela a tigre. Pero eso no es todo, me dicen a donde debo pasearlos, no los aceptan en todas partes y debo dejarlos afuera, ya que siempre salgo con ellos. Como si fuesen una vaina aberrante. Ojala fuesen bravo, para que los mordieran, Tener perros en casi cualquier lugar del mundo es algo que es mal visto, por los que odian los animales y hay que ver que son la mayor\u00eda.<\/span><br \/>\n<span style=\"font-family: Arial, Helvetica, sans-serif;\">El solo hecho que uno tenga una mascota es signo que debe ser discriminada y cualquiera tiene el derecho a darle ordenes \u201cNo deje que se cague ah\u00ed\u201d \u201c\u00a1se esta haciendo pipi ah\u00ed!\u201d \u201cdeja el perro afuera\u201d \u00bfPor qu\u00e9 trajisteis a los perros?\u201d el colmo me paso esta ma\u00f1ana cuando iba con los perros caminando al lado de las canchas de tenis, en un terreno que ni tiene aceras, sino que es pura tierra, y una vieja loca, comenz\u00f3 a gritarme desde su casa que sacara a los perros de ah\u00ed. La paloma que le pinte fue tan rotunda que, aun esta ah\u00ed. Y para colmo comenz\u00f3 a gritar, como si la estuviese violando, cuando jam\u00e1s me rebajar\u00eda a tanto, claro que si fuese Megan Fox quiz\u00e1s pensar\u00eda en violarla.<\/span><br \/>\n<span style=\"font-family: Arial, Helvetica, sans-serif;\">Pero como si todo eso fuese suficiente, algo que  ning\u00fan negro en Sud\u00e1frica de los a\u00f1os 70 tuvo que soportar, y tampoco los jud\u00edos en la era nazi. <\/span><\/p>\n<div class=\"separator\" style=\"clear: both; text-align: center;\"><a href=\"https:\/\/i0.wp.com\/lh5.googleusercontent.com\/-DvX-AMZvL0g\/TYVHfK8nxaI\/AAAAAAAAEBE\/LvYCSGps_5g\/s1600\/colombia%2B026.jpg?ssl=1\"><img data-recalc-dims=\"1\" loading=\"lazy\" decoding=\"async\" src=\"https:\/\/i0.wp.com\/lh5.googleusercontent.com\/-DvX-AMZvL0g\/TYVHfK8nxaI\/AAAAAAAAEBE\/LvYCSGps_5g\/s400\/colombia%2B026.jpg?resize=400%2C300&#038;ssl=1\" border=\"0\" alt=\"\" width=\"400\" height=\"300\" \/><\/a><\/div>\n<p><span style=\"font-family: Arial, Helvetica, sans-serif;\"><br \/>\n<\/span><br \/>\n<span style=\"font-family: Arial, Helvetica, sans-serif;\">Tambi\u00e9n fumo.<\/span><br \/>\n<span style=\"font-family: Arial, Helvetica, sans-serif;\">Si, ya se, la cague.<\/span><br \/>\n<span style=\"font-family: Arial, Helvetica, sans-serif;\">Fumar es para los  suicidas cobardes, puede parecer parad\u00f3jico, pero muchos suicidas son cobardes, quieren hacerlo, pero les da caga. O quiz\u00e1s quieren hacerlo, pero primero me cojo ese culito. Y que mejor manera de hacerlo que en c\u00f3modas cuotas, dos cajas diarias. Y listo.<\/span><br \/>\n<span style=\"font-family: Arial, Helvetica, sans-serif;\">Las personas que fuman y quieren ser inmortales est\u00e1n  de manicomio, todos saben que esa vaina jode. En serio. Pero lo hacemos por eso. Somos unos soberanos culiyudos, que no queremos pagar al contado. <\/span><br \/>\n<span style=\"font-family: Arial, Helvetica, sans-serif;\">Pero las personas en vez de tener algo de compasi\u00f3n con nosotros, lo que hacen es criticarnos. He visto como en la calle las personas al pasar a mi lado tosen, como si el humo del cigarro los molestara, pero no tosen cuando est\u00e1n detr\u00e1s de un carro, la cantidad de humo de  que producimos es <strong>quiz\u00e1s un cuarto de mol por d\u00eda<\/strong>, pero un carro produce miles de moles al d\u00eda, <strong><em>un mol gaseoso es de 22,4 litros<\/em><\/strong> (gases ideales) y no dicen nada contra los carros. Los carros si son sagrados y pueden producir <strong>mega moles<\/strong> de gases y ellos felices, pero apenas uno prende un cigarro y produce un <strong>mili mol,<\/strong> ya esta \u201cestas contaminando mi aire\u201d Co\u00f1o, nos le digo nada, ya que al hacer esa observaci\u00f3n demuestran su idiotez, pero los miro con desprecio y le doy otra chupada al cigarro. Algunos oligofr\u00e9nicos hasta se han arrechado conmigo. Pero no  dicen nada cuando ellos prenden sus carros y se quedan estacionados en medio de la autopista por horas. Ellos son quienes contaminan el jodido aire. Y nos hechas la culpa a nosotros, como si ech\u00e1ramos humo de arseniuro y los vamos a matar. Entonces, debido a que nos odian por mantener la \u00fanica tradici\u00f3n ind\u00edgena que nos dejaron, por ser replicadores de las culturas ancestrales que vivieron en Am\u00e9rica, nos impiden desarrollar nuestra labor de difusi\u00f3n cultural en todas partes, ahora fumar es peor visto que masturbase en la estatua de bol\u00edvar. Nos les gusta que practiquemos esa labor para que nuestros pueblos primog\u00e9nitos pervivan en nuestro acervo cultural. Nos llevan a la clandestinidad, a fumar guillados.<em>\u201cQue estas fumando hierbabuena? No chamo es un cigarrito encaletado\u201d<\/em> esas son las conversaciones que hay ahora, es un delito fumar en donde nos de la perra gana. Y no contentos con eso, tambi\u00e9n nos aumenta el precio, ahora subi\u00f3 debido a que los desgraciados de la AN subieron la tasa impositiva, pero eso si, los sueldos no los aumentan, pronto va a ser mas barato fumar mariguana que un cigarro. Y nosotros nos dejamos que  nos discriminen de manera salvaje.<\/span><br \/>\n<span style=\"font-family: Arial, Helvetica, sans-serif;\"> <\/span><br \/>\n<span style=\"font-family: Arial, Helvetica, sans-serif;\">Por eso hago un llamado a todos los que somos discriminados a salir de sus casas con arrechera, con los ojos repleto de odio contra  los discriminadores, que salgan con bates, pistolas o cualquier arma, y nos sentemos en la autopista hacer una huelga de hambre, pac\u00edficamente. Vamos a ver que hacen cuando nosotros no estemos aqu\u00ed.<\/span><br \/>\n<span style=\"font-family: Arial, Helvetica, sans-serif;\"> Fumando espero<\/span><\/p>\n","protected":false},"excerpt":{"rendered":"<p>Me encuentro en ese extenso segmento de la poblaci\u00f3n que es discriminada sistem\u00e1ticamente. No solo por chavez, si no tambi\u00e9n a nivel mundial, somos millones, cientos de millones miles de millones que llevamos nuestra cruz con el peso de la discriminaci\u00f3n. (En este momento deben decir; \u201cpobrecito\u201d) Y lo peor es que somos buenas personas, [&hellip;]<\/p>\n","protected":false},"author":1033,"featured_media":0,"comment_status":"open","ping_status":"open","sticky":false,"template":"","format":"standard","meta":{"jetpack_post_was_ever_published":false,"_jetpack_newsletter_access":"","_jetpack_dont_email_post_to_subs":false,"_jetpack_newsletter_tier_id":0,"_jetpack_memberships_contains_paywalled_content":false,"_jetpack_memberships_contains_paid_content":false,"footnotes":"","jetpack_publicize_message":"","jetpack_publicize_feature_enabled":true,"jetpack_social_post_already_shared":false,"jetpack_social_options":{"image_generator_settings":{"template":"highway","default_image_id":0,"font":"","enabled":false},"version":2}},"categories":[6],"tags":[951],"class_list":{"0":"post-13775","1":"post","2":"type-post","3":"status-publish","4":"format-standard","6":"category-confesionario","7":"tag-gordito"},"jetpack_publicize_connections":[],"jetpack_featured_media_url":"","jetpack_shortlink":"https:\/\/wp.me\/pfpCD-3Ab","jetpack_sharing_enabled":true,"_links":{"self":[{"href":"https:\/\/www.panfletonegro.com\/v\/wp-json\/wp\/v2\/posts\/13775","targetHints":{"allow":["GET"]}}],"collection":[{"href":"https:\/\/www.panfletonegro.com\/v\/wp-json\/wp\/v2\/posts"}],"about":[{"href":"https:\/\/www.panfletonegro.com\/v\/wp-json\/wp\/v2\/types\/post"}],"author":[{"embeddable":true,"href":"https:\/\/www.panfletonegro.com\/v\/wp-json\/wp\/v2\/users\/1033"}],"replies":[{"embeddable":true,"href":"https:\/\/www.panfletonegro.com\/v\/wp-json\/wp\/v2\/comments?post=13775"}],"version-history":[{"count":0,"href":"https:\/\/www.panfletonegro.com\/v\/wp-json\/wp\/v2\/posts\/13775\/revisions"}],"wp:attachment":[{"href":"https:\/\/www.panfletonegro.com\/v\/wp-json\/wp\/v2\/media?parent=13775"}],"wp:term":[{"taxonomy":"category","embeddable":true,"href":"https:\/\/www.panfletonegro.com\/v\/wp-json\/wp\/v2\/categories?post=13775"},{"taxonomy":"post_tag","embeddable":true,"href":"https:\/\/www.panfletonegro.com\/v\/wp-json\/wp\/v2\/tags?post=13775"}],"curies":[{"name":"wp","href":"https:\/\/api.w.org\/{rel}","templated":true}]}}