{"id":1348,"date":"2008-07-24T15:54:22","date_gmt":"2008-07-24T19:54:22","guid":{"rendered":"http:\/\/www.panfletonegro.com\/v\/2008\/07\/24\/conpromiso-con-el-rock-roll\/"},"modified":"2008-07-24T19:40:52","modified_gmt":"2008-07-24T23:40:52","slug":"conpromiso-con-el-rock-roll","status":"publish","type":"post","link":"https:\/\/www.panfletonegro.com\/v\/2008\/07\/24\/conpromiso-con-el-rock-roll\/","title":{"rendered":"Compromiso con el Rock &amp; Roll"},"content":{"rendered":"<p>Un error de programaci\u00f3n hizo que uno de los grupos contratados para las fiestas alternativas de Vallekas (La Karmela) no apareciese. En su lugar lo hicieron \u00abLos Vitter del Kas\u00bb. Grata sorpresa.<\/p>\n<p>Jos\u00e9 Javier Gonz\u00e1lez de la Paz 2008-07-23 20:30:33<\/p>\n<p>Sonido a la vez compacto y arm\u00f3nico. Po\u00e9tica urbana en las letras y reivindicaci\u00f3n social. Horas de m\u00fasica y protesta. Ganas, coraje. Juventud y, al mismo tiempo, experiencia en las cuerdas, la percusi\u00f3n y la voz, clara, pero maldita y cascada. En fin, puro rock&amp;roll, aunque permanentemente actualizado, tanto en los ritmos como en la tem\u00e1tica y los mensajes.<br \/>\nLos Vitter del Kas son hijos de Vallekas, ese distrito que no cede al liberal-fascismo del P.P., ese distrito que sigue guardando, como un Santo Grial rojo, el coraz\u00f3n de todo Madrid.<br \/>\nMedio siglo despu\u00e9s del nacimiento oficial del rock&amp;roll de la mano de Chuck Berry o B.B. King, es decir, la minor\u00eda negra marginada en U.S.A. Los Vitter del Kas siguen siendo estandarte de los sectores sociales precarios, tangenciales, olvidados y hasta criminalizados de la sociedad actual.<br \/>\nLos poemas gritados de estos chicos nos hablan de una sociedad voraz que todo lo engulle y todo lo vomita para volver a engullirlo y vomitarlo de nuevo en un acto de digesti\u00f3n eterna a la que nada escapa. Todo debe ser triturado por el monstruo de una forma u otra: por el est\u00f3mago de la familia, de la polic\u00eda, por el est\u00f3mago del Estado, de la Iglesia o de la educaci\u00f3n y el trabajo. Nada debe salvarse.<br \/>\nPero El Pelos (bater\u00eda), Emilio (voz y arm\u00f3nica), El Fosy (bajista) y M\u00edguel, El Hevo (guitarra), tres currantes de la hostia y un estudiante de \u00faltimo curso de Ciencias Ambientales, que se conocieron hace cinco a\u00f1os en un parque fumando porros, se han rebelado y est\u00e1n devolviendo al rock&amp;roll su dignidad transgresora. Porque el Rock sigue siendo nuestra bandera, la bandera de los movimientos sociales, la bandera del feminismo, la bandera de la autodeterminaci\u00f3n, de la autogesti\u00f3n, la bandera de los sin papeles y, sobre todo, la bandera de los sin bandera.<br \/>\nSus temas preferidos est\u00e1n basados en la lucha contra todo tipo de autoritarismo y contra las leyes prohibicionistas respecto al cannabis. De hecho su estilo de m\u00fasica lo han bautizado como \u201cRock Cann\u00e1bico\u201d.<br \/>\nSon Los Vitter del Kas, el coraz\u00f3n rojo del Rock&amp;Roll \u00a1Viva el Rock&amp;Roll! \u00a1Viva Los Vitter del Kas!<\/p>\n<p>Para contactar con el grupo:650 756 336.<\/p>\n","protected":false},"excerpt":{"rendered":"<p>Un error de programaci\u00f3n hizo que uno de los grupos contratados para las fiestas alternativas de Vallekas (La Karmela) no apareciese. En su lugar lo hicieron \u00abLos Vitter del Kas\u00bb. Grata sorpresa. Jos\u00e9 Javier Gonz\u00e1lez de la Paz 2008-07-23 20:30:33 Sonido a la vez compacto y arm\u00f3nico. Po\u00e9tica urbana en las letras y reivindicaci\u00f3n social. [&hellip;]<\/p>\n","protected":false},"author":399,"featured_media":0,"comment_status":"open","ping_status":"open","sticky":false,"template":"","format":"standard","meta":{"jetpack_post_was_ever_published":false,"_jetpack_newsletter_access":"","_jetpack_dont_email_post_to_subs":false,"_jetpack_newsletter_tier_id":0,"_jetpack_memberships_contains_paywalled_content":false,"_jetpack_memberships_contains_paid_content":false,"footnotes":"","jetpack_publicize_message":"","jetpack_publicize_feature_enabled":true,"jetpack_social_post_already_shared":false,"jetpack_social_options":{"image_generator_settings":{"template":"highway","default_image_id":0,"font":"","enabled":false},"version":2}},"categories":[1],"tags":[],"class_list":{"0":"post-1348","1":"post","2":"type-post","3":"status-publish","4":"format-standard","6":"category-azares"},"jetpack_publicize_connections":[],"jetpack_featured_media_url":"","jetpack_shortlink":"https:\/\/wp.me\/pfpCD-lK","jetpack_sharing_enabled":true,"_links":{"self":[{"href":"https:\/\/www.panfletonegro.com\/v\/wp-json\/wp\/v2\/posts\/1348","targetHints":{"allow":["GET"]}}],"collection":[{"href":"https:\/\/www.panfletonegro.com\/v\/wp-json\/wp\/v2\/posts"}],"about":[{"href":"https:\/\/www.panfletonegro.com\/v\/wp-json\/wp\/v2\/types\/post"}],"author":[{"embeddable":true,"href":"https:\/\/www.panfletonegro.com\/v\/wp-json\/wp\/v2\/users\/399"}],"replies":[{"embeddable":true,"href":"https:\/\/www.panfletonegro.com\/v\/wp-json\/wp\/v2\/comments?post=1348"}],"version-history":[{"count":0,"href":"https:\/\/www.panfletonegro.com\/v\/wp-json\/wp\/v2\/posts\/1348\/revisions"}],"wp:attachment":[{"href":"https:\/\/www.panfletonegro.com\/v\/wp-json\/wp\/v2\/media?parent=1348"}],"wp:term":[{"taxonomy":"category","embeddable":true,"href":"https:\/\/www.panfletonegro.com\/v\/wp-json\/wp\/v2\/categories?post=1348"},{"taxonomy":"post_tag","embeddable":true,"href":"https:\/\/www.panfletonegro.com\/v\/wp-json\/wp\/v2\/tags?post=1348"}],"curies":[{"name":"wp","href":"https:\/\/api.w.org\/{rel}","templated":true}]}}