{"id":13065,"date":"2011-02-06T01:15:40","date_gmt":"2011-02-06T05:45:40","guid":{"rendered":"http:\/\/www.panfletonegro.com\/v\/?p=13065"},"modified":"2011-05-02T11:00:02","modified_gmt":"2011-05-02T15:30:02","slug":"el-rito","status":"publish","type":"post","link":"https:\/\/www.panfletonegro.com\/v\/2011\/02\/06\/el-rito\/","title":{"rendered":"EL RITO: PORQUE AL VATICANO S\u00d3LO LE CABE SER PANFLETARIO"},"content":{"rendered":"<div>\n<dl>\n<dt><img data-recalc-dims=\"1\" loading=\"lazy\" decoding=\"async\" data-attachment-id=\"13071\" data-permalink=\"https:\/\/www.panfletonegro.com\/v\/2011\/02\/06\/el-rito\/el-rito-2\/\" data-orig-file=\"https:\/\/i0.wp.com\/www.panfletonegro.com\/v\/wp-content\/uploads\/2011\/02\/el-rito.jpg?fit=600%2C887&amp;ssl=1\" data-orig-size=\"600,887\" data-comments-opened=\"1\" data-image-meta=\"{&quot;aperture&quot;:&quot;0&quot;,&quot;credit&quot;:&quot;&quot;,&quot;camera&quot;:&quot;&quot;,&quot;caption&quot;:&quot;&quot;,&quot;created_timestamp&quot;:&quot;0&quot;,&quot;copyright&quot;:&quot;&quot;,&quot;focal_length&quot;:&quot;0&quot;,&quot;iso&quot;:&quot;0&quot;,&quot;shutter_speed&quot;:&quot;0&quot;,&quot;title&quot;:&quot;&quot;}\" data-image-title=\"el rito\" data-image-description=\"\" data-image-caption=\"\" data-large-file=\"https:\/\/i0.wp.com\/www.panfletonegro.com\/v\/wp-content\/uploads\/2011\/02\/el-rito.jpg?fit=600%2C887&amp;ssl=1\" class=\"size-medium wp-image-13071\" src=\"https:\/\/i0.wp.com\/www.panfletonegro.com\/v\/wp-content\/uploads\/2011\/02\/el-rito-202x300.jpg?resize=202%2C300\" alt=\"\" width=\"202\" height=\"300\" srcset=\"https:\/\/i0.wp.com\/www.panfletonegro.com\/v\/wp-content\/uploads\/2011\/02\/el-rito.jpg?resize=202%2C300&amp;ssl=1 202w, https:\/\/i0.wp.com\/www.panfletonegro.com\/v\/wp-content\/uploads\/2011\/02\/el-rito.jpg?w=600&amp;ssl=1 600w\" sizes=\"auto, (max-width: 202px) 100vw, 202px\" \/><\/dt>\n<dd>Sin la cara y el histrionismo de Hopkins El Rito hubiese sido mala tambi\u00e9n en taquilla<\/dd>\n<\/dl>\n<\/div>\n<p style=\"text-align: justify\">Una pel\u00edcula no existe en el vac\u00edo. Debe ser entendida como parte de una l\u00ednea temporal \u2013 la  de la historia del cine \u2013 tanto como de cuadro que la incluye en el tiempo presente \u2013 los acontecimientos paralelos a la proyecci\u00f3n de la pel\u00edcula. Cuando usamos esta aproximaci\u00f3n que vincula una pel\u00edcula a sus contextos, lo que hacemos es abrir el texto cinematogr\u00e1fico sobre los ejes mencionados, para captar nuevas dimensiones que pasan desapercibidas a primera vista. An\u00e1lisis del discurso, que le llaman.<\/p>\n<p style=\"text-align: justify\">Al aplicar este procedimiento a El Rito, resulta muy interesante constatar que no es solo mala como pel\u00edcula sino clich\u00e9 dentro del g\u00e9nero y, por encima de todo, odiosa en sus mensajes cristianos. Expondr\u00e9 cada una de estas ideas a continuaci\u00f3n.<\/p>\n<h3>1. Dale a las masas lo que las masas merecen<\/h3>\n<p style=\"text-align: justify\">Incluso como \u201csolo una pel\u00edcula\u201d, El Rito es, simplemente, pat\u00e9tica. En t\u00e9rminos de la historia, se supone que Anthony Hopkins es un car\u00e1cter secundario. Sin embargo, en su rol como el absurdo padre Lucas, opaca de manera continua a Michael, el joven que entra al seminario porque no tiene nada mejor que hacer con su vida y que, se supone, es el protagonista. Al final, todo el espacio dado a los gritos, l\u00e1grimas y manierismos de Hopkins trabaja en contra de Colin O\u2019Donoghue, quien probablemente ser\u00e1 recordado \u00fanicamente por sus dulces ojos.<\/p>\n<p style=\"text-align: justify\">En este sentido, es obvio que la pel\u00edcula est\u00e1 hecha para generar taquilla, usando a Hopkins y su fama como gancho para las masas desprevenidas. Los personajes son estereotipos que carecen de profundidad humana (pese a los conflictos que tienen), e incluso Roma es retratada como un clich\u00e9; la ciudad ca\u00f3tica donde religiosos secos y sin vida tratan de salvar el plan de dios (m\u00e1s que a los humanos de carne y hueso).<\/p>\n<h3>2. Ya no hay exorcismos despu\u00e9s de El Exorcista<\/h3>\n<p style=\"text-align: justify\">Es dif\u00edcil imaginar algo distinto a la posesi\u00f3n de Linda Blair (bueno, al menos para los creadores de El Rito). Ciertamente El Exorcista (1973) sent\u00f3 un precedente para el g\u00e9nero. Sin embargo, \u00a1eso fue hace 40 a\u00f1os! Desde entonces la sociedad est\u00e1 m\u00e1s consciente de muchas otras cosas que han cambiado nuestra visi\u00f3n de la religi\u00f3n. Conocemos la Psicolog\u00eda Human\u00edstica, el An\u00e1lisis Junguiano, el Budismo\u2026 Adem\u00e1s la gente practica yoga, chamanismo y cualquier cantidad de terapias complementarias.<\/p>\n<p style=\"text-align: justify\">De acuerdo a los defensores de la Nueva Era, nuestra consciencia ha evolucionado. Desde una perspectiva sociol\u00f3gica, decimos que <strong>nuestra sensibilidad espiritual ha cambiado<\/strong>. Ahora vivimos en una compleja sociedad con una cultura globalizada. \u00bfPor qu\u00e9 entonces retratar el exorcismo s\u00f3lo a la manera cat\u00f3lica? Es dif\u00edcil pensar que los entes espirituales son demonios cristianos, cuando la mayor\u00eda del mundo se piensa a s\u00ed misma desde otras coordenadas. Adem\u00e1s, ver una historia completamente cat\u00f3lica, como si las personas no tuviesen una relaci\u00f3n compleja con el cristianismo, s\u00f3lo hace ver a los cristianos mucho m\u00e1s raros y desfasados del mundo (sin mencionar que dentro de la iglesia hay muchos matices que la pel\u00edcula omite).<\/p>\n<h3>3. Abusamos de la gente, pero la salvamos del demonio<\/h3>\n<p style=\"text-align: justify\">As\u00ed las cosas, ahora si estamos listos para entender lo m\u00e1s pat\u00e9tico de la pel\u00edcula. No s\u00f3lo sobreexponen a Hopkins \u2013 \u201cganador del Oscar de la academia\u201d \u2013, sino que nos machacan que la pel\u00edcula est\u00e1 \u201cinspirada en eventos reales\u201d. La manera en la que esta l\u00ednea aparece en afiches y en la pel\u00edcula la hace lucir como una advertencia, un recordatorio de por qu\u00e9 la iglesia cat\u00f3lica sigue meti\u00e9ndose en nuestras vidas.<\/p>\n<div>\n<dl>\n<dt><img data-recalc-dims=\"1\" loading=\"lazy\" decoding=\"async\" data-attachment-id=\"13067\" data-permalink=\"https:\/\/www.panfletonegro.com\/v\/2011\/02\/06\/el-rito\/exorcist\/\" data-orig-file=\"https:\/\/i0.wp.com\/www.panfletonegro.com\/v\/wp-content\/uploads\/2011\/02\/exorcist.jpg?fit=324%2C162&amp;ssl=1\" data-orig-size=\"324,162\" data-comments-opened=\"1\" data-image-meta=\"{&quot;aperture&quot;:&quot;0&quot;,&quot;credit&quot;:&quot;&quot;,&quot;camera&quot;:&quot;&quot;,&quot;caption&quot;:&quot;&quot;,&quot;created_timestamp&quot;:&quot;0&quot;,&quot;copyright&quot;:&quot;&quot;,&quot;focal_length&quot;:&quot;0&quot;,&quot;iso&quot;:&quot;0&quot;,&quot;shutter_speed&quot;:&quot;0&quot;,&quot;title&quot;:&quot;&quot;}\" data-image-title=\"exorcist\" data-image-description=\"\" data-image-caption=\"\" data-large-file=\"https:\/\/i0.wp.com\/www.panfletonegro.com\/v\/wp-content\/uploads\/2011\/02\/exorcist.jpg?fit=324%2C162&amp;ssl=1\" class=\"size-medium wp-image-13067\" src=\"https:\/\/i0.wp.com\/www.panfletonegro.com\/v\/wp-content\/uploads\/2011\/02\/exorcist-300x150.jpg?resize=300%2C150\" alt=\"\" width=\"300\" height=\"150\" srcset=\"https:\/\/i0.wp.com\/www.panfletonegro.com\/v\/wp-content\/uploads\/2011\/02\/exorcist.jpg?resize=300%2C150&amp;ssl=1 300w, https:\/\/i0.wp.com\/www.panfletonegro.com\/v\/wp-content\/uploads\/2011\/02\/exorcist.jpg?w=324&amp;ssl=1 324w\" sizes=\"auto, (max-width: 300px) 100vw, 300px\" \/><\/dt>\n<dd>Gary Thomas, uno de los 14 exorcistas cat\u00f3licos en EUA<\/dd>\n<\/dl>\n<\/div>\n<p style=\"text-align: justify\">S\u00ed, es cierto que existe Gary Thomas, el sacerdote que fue enviado al Vaticano a estudiar exorcismo y que hizo las veces de \u00abexperto\u00bb para la pel\u00edcula.\u00a0Tambi\u00e9n existe el libro documentando c\u00f3mo se form\u00f3 este sacerdote \u00a0(<a href=\"http:\/\/www.amazon.com\/Rite-Making-Modern-Exorcist\/dp\/0385522711\/ref=sr_1_1?s=books&amp;ie=UTF8&amp;qid=1296968571&amp;sr=1-1\">El Rito: la creaci\u00f3n de un exorcista moderno, por Matt Baglio<\/a>). Incluso existe <a href=\"http:\/\/www.uprait.org\/index.php?option=com_content&amp;view=article&amp;id=708%3Av-corso-sul-ministero-dellesorcismo&amp;catid=373%3Acorsi&amp;lang=en\">el entrenamiento que dura una semana y cuesta 250 euros<\/a>. Claro, tambi\u00e9n existe todo el esc\u00e1ndalo alrededor del Vaticano por el abuso sexual, por la falta de escr\u00fapulos de algunos sacerdotes, la misoginia, la homofobia y pare de contar. Todo esto tiene un peso muy importante al analizar la pel\u00edcula. Resulta rid\u00edculo retratar al Vaticano fuera de su contexto real, pues bastante que lo ha impactado.<\/p>\n<p style=\"text-align: justify\">A\u00fan estoy tratando de imaginar cu\u00e1l es la intenci\u00f3n de los creadores, porque es ingenuo pensar que es un documental \u00a0(que no lo es) o que pretende, simplemente, entretener o recrear. \u00bfAcaso debemos tener miedo del diablo? No ser\u00e1 por la pel\u00edcula, precisamente. De hecho, cuando la vi la audiencia sali\u00f3 riendo de la sala (conmigo incluido, por supuesto). Por otra parte \u00bfdebemos estar agradecidos porque los sacerdotes son tan opresivos con los entes espirituales como lo son con el pr\u00f3jimo? (\u201cHaz lo que digo, porque lo digo en el nombre de dios\u201d. S\u00ed, claro). Precisamente como el tema me interesa, he hablado con otros expertos, fuera del c\u00edrculo cristiano. Sus procedimientos son mucho m\u00e1s gentiles, usando por ejemplo un p\u00e9ndulo y \u00a0mandando a los esp\u00edritus hacia la luz (y no, no necesitan conocer un nombre que, casualmente, es de alg\u00fan angel ca\u00eddo seg\u00fan el mito cristiano).<\/p>\n<p style=\"text-align: justify\">Por cierto, si creen que ando demasiado metaf\u00edsico, d\u00e9jenme aclarar el punto. He hablado con expertos en \u00abliberaci\u00f3n de entes espirituales\u00bb, pero tambi\u00e9n con psic\u00f3logos, hipnotistas y profesionales de la Programaci\u00f3n Neuroling\u00fc\u00edstica (PNL), quienes no creen en otro plano, sino en met\u00e1foras que usan las personas y, en particular, en\u00a0<strong>trastornos disociativos<\/strong>, los que consisten en que una parte de la mente de independiza y toma la forma de una entidad externa (\u00abcomo un\u00bb esp\u00edritu). Curiosamente, la falta de informaci\u00f3n psicol\u00f3gica correcta respecto a las posesiones espirituales es la marca de \u00e9sta y otras pel\u00edculas, que s\u00f3lo atinan a decir locura, psicosis, esquizofrenia o algun otro t\u00e9rmino impreciso.<\/p>\n<p style=\"text-align: justify\">En f\u00edn, El Rito viene en muy mal momento para la iglesia cat\u00f3lica. La pel\u00edcula nos confirma todas nuestras preconcepciones negativas sobre los cristianos y los sacerdotes del Vaticano; nos da razones para entender por qu\u00e9 est\u00e1 en crisis y elimina cualquier posibilidad de empat\u00eda hacia esa instituci\u00f3n agonizante. Si quieren ver El Rito, mejor alquilen de nuevo El Exorcista.<\/p>\n","protected":false},"excerpt":{"rendered":"<p>Sin la cara y el histrionismo de Hopkins El Rito hubiese sido mala tambi\u00e9n en taquilla Una pel\u00edcula no existe en el vac\u00edo. Debe ser entendida como parte de una l\u00ednea temporal \u2013 la de la historia del cine \u2013 tanto como de cuadro que la incluye en el tiempo presente \u2013 los acontecimientos paralelos [&hellip;]<\/p>\n","protected":false},"author":1183,"featured_media":13067,"comment_status":"open","ping_status":"open","sticky":false,"template":"","format":"standard","meta":{"jetpack_post_was_ever_published":false,"_jetpack_newsletter_access":"","_jetpack_dont_email_post_to_subs":false,"_jetpack_newsletter_tier_id":0,"_jetpack_memberships_contains_paywalled_content":false,"_jetpack_memberships_contains_paid_content":false,"footnotes":"","jetpack_publicize_message":"","jetpack_publicize_feature_enabled":true,"jetpack_social_post_already_shared":false,"jetpack_social_options":{"image_generator_settings":{"template":"highway","default_image_id":0,"font":"","enabled":false},"version":2}},"categories":[4],"tags":[900,901,457,399,400],"class_list":{"0":"post-13065","1":"post","2":"type-post","3":"status-publish","4":"format-standard","5":"has-post-thumbnail","7":"category-cine","8":"tag-el-rito","9":"tag-exorcismos","10":"tag-iglesia-catolica","11":"tag-muerte-de-la-iglesia-catolica","12":"tag-vaticano"},"jetpack_publicize_connections":[],"jetpack_featured_media_url":"https:\/\/i0.wp.com\/www.panfletonegro.com\/v\/wp-content\/uploads\/2011\/02\/exorcist.jpg?fit=324%2C162&ssl=1","jetpack_shortlink":"https:\/\/wp.me\/pfpCD-3oJ","jetpack_sharing_enabled":true,"_links":{"self":[{"href":"https:\/\/www.panfletonegro.com\/v\/wp-json\/wp\/v2\/posts\/13065","targetHints":{"allow":["GET"]}}],"collection":[{"href":"https:\/\/www.panfletonegro.com\/v\/wp-json\/wp\/v2\/posts"}],"about":[{"href":"https:\/\/www.panfletonegro.com\/v\/wp-json\/wp\/v2\/types\/post"}],"author":[{"embeddable":true,"href":"https:\/\/www.panfletonegro.com\/v\/wp-json\/wp\/v2\/users\/1183"}],"replies":[{"embeddable":true,"href":"https:\/\/www.panfletonegro.com\/v\/wp-json\/wp\/v2\/comments?post=13065"}],"version-history":[{"count":0,"href":"https:\/\/www.panfletonegro.com\/v\/wp-json\/wp\/v2\/posts\/13065\/revisions"}],"wp:featuredmedia":[{"embeddable":true,"href":"https:\/\/www.panfletonegro.com\/v\/wp-json\/wp\/v2\/media\/13067"}],"wp:attachment":[{"href":"https:\/\/www.panfletonegro.com\/v\/wp-json\/wp\/v2\/media?parent=13065"}],"wp:term":[{"taxonomy":"category","embeddable":true,"href":"https:\/\/www.panfletonegro.com\/v\/wp-json\/wp\/v2\/categories?post=13065"},{"taxonomy":"post_tag","embeddable":true,"href":"https:\/\/www.panfletonegro.com\/v\/wp-json\/wp\/v2\/tags?post=13065"}],"curies":[{"name":"wp","href":"https:\/\/api.w.org\/{rel}","templated":true}]}}