{"id":12682,"date":"2011-01-13T14:26:31","date_gmt":"2011-01-13T18:56:31","guid":{"rendered":"http:\/\/www.panfletonegro.com\/v\/?p=12682"},"modified":"2011-01-16T17:56:08","modified_gmt":"2011-01-16T22:26:08","slug":"suicidiocracia","status":"publish","type":"post","link":"https:\/\/www.panfletonegro.com\/v\/2011\/01\/13\/suicidiocracia\/","title":{"rendered":"Suicidiocracia (\u00bf?)"},"content":{"rendered":"<p><a href=\"https:\/\/i0.wp.com\/www.panfletonegro.com\/v\/wp-content\/uploads\/2011\/01\/Autosuicidio.jpg\"><img data-recalc-dims=\"1\" loading=\"lazy\" decoding=\"async\" data-attachment-id=\"12683\" data-permalink=\"https:\/\/www.panfletonegro.com\/v\/2011\/01\/13\/suicidiocracia\/autosuicidio\/\" data-orig-file=\"https:\/\/i0.wp.com\/www.panfletonegro.com\/v\/wp-content\/uploads\/2011\/01\/Autosuicidio.jpg?fit=360%2C300&amp;ssl=1\" data-orig-size=\"360,300\" data-comments-opened=\"1\" data-image-meta=\"{&quot;aperture&quot;:&quot;0&quot;,&quot;credit&quot;:&quot;&quot;,&quot;camera&quot;:&quot;&quot;,&quot;caption&quot;:&quot;&quot;,&quot;created_timestamp&quot;:&quot;0&quot;,&quot;copyright&quot;:&quot;&quot;,&quot;focal_length&quot;:&quot;0&quot;,&quot;iso&quot;:&quot;0&quot;,&quot;shutter_speed&quot;:&quot;0&quot;,&quot;title&quot;:&quot;&quot;}\" data-image-title=\"Autosuicidio\" data-image-description=\"&lt;p&gt;autosuicidio&lt;\/p&gt;\n\" data-image-caption=\"\" data-large-file=\"https:\/\/i0.wp.com\/www.panfletonegro.com\/v\/wp-content\/uploads\/2011\/01\/Autosuicidio.jpg?fit=360%2C300&amp;ssl=1\" class=\"aligncenter size-medium wp-image-12683\" src=\"https:\/\/i0.wp.com\/www.panfletonegro.com\/v\/wp-content\/uploads\/2011\/01\/Autosuicidio-300x250.jpg?resize=300%2C250\" alt=\"\" width=\"300\" height=\"250\" srcset=\"https:\/\/i0.wp.com\/www.panfletonegro.com\/v\/wp-content\/uploads\/2011\/01\/Autosuicidio.jpg?resize=300%2C250&amp;ssl=1 300w, https:\/\/i0.wp.com\/www.panfletonegro.com\/v\/wp-content\/uploads\/2011\/01\/Autosuicidio.jpg?w=360&amp;ssl=1 360w\" sizes=\"auto, (max-width: 300px) 100vw, 300px\" \/><\/a><\/p>\n<p>La autopreservaci\u00f3n es un componente esencial en la gran mayor\u00eda de los seres vivos. Los humanos no podemos deshacernos de ello; no podemos hacerlo individual, ni colectivamente. En teor\u00eda, aparentemente. La obnubilaci\u00f3n que preexiste en este mal llamado colectivo -que mal llamamos naci\u00f3n- es de tal magnitud, que nuestro <em>Sistema L\u00edmbico<\/em> (Sistema que rige emociones y sentidos, entre ellas, el de preservaci\u00f3n colectiva y el de autopreservaci\u00f3n) ha sido rebasado.<\/p>\n<p>Por algo no existen Clubes de Suicidas, ni Partidos que representen los intereses de estos. No porque hayan muerto, sino porque va en contra de la propia naturaleza. Pero, entonces \u00bfC\u00f3mo explicar el fanatismo absurdo presente? \u00bfC\u00f3mo explicar este fen\u00f3meno psicol\u00f3gicamente parad\u00f3jico de adular y seguir irracionalmente a ciertos grupos, mientras estos cometen todo tipo de violaciones (legales, sociales, econ\u00f3micas, f\u00edsicas, psicol\u00f3gicas, militares, etc, etc) a todos y todas, principalmente a sus propios seguidores(!)?<\/p>\n<p>Por alguna raz\u00f3n el<em> \u201cfight-or-flight response\u201d<\/em> no funciona a nivel personal, menos a\u00fan a nivel grupal. V\u00edctimas de un grupo que transmite consciente y voluntariamente sus pol\u00edticas, como si fueran <em>Enfermedades de Transmisi\u00f3n Sexual<\/em> (ETS).  Llevan a\u00f1os con el \u201cVote Gonorrea, la soluci\u00f3n segura\u201d. \u201cChlamydia, Patria o Muerte, Tracomaremos\u201d. Y, ademas, las propias v\u00edctimas se lo agradecen y se lo continuar\u00e1n agradeciendo.<\/p>\n<p>Desde un ex pa\u00eds donde al final nadie paga, pero todos reciben el vuelto.<\/p>\n<p>La Era de la Autolisis. Igualmente, ya todo ha sido decidido en su nombre.<\/p>\n","protected":false},"excerpt":{"rendered":"<p>La autopreservaci\u00f3n es un componente esencial en la gran mayor\u00eda de los seres vivos. Los humanos no podemos deshacernos de ello; no podemos hacerlo individual, ni colectivamente. En teor\u00eda, aparentemente. La obnubilaci\u00f3n que preexiste en este mal llamado colectivo -que mal llamamos naci\u00f3n- es de tal magnitud, que nuestro Sistema L\u00edmbico (Sistema que rige emociones [&hellip;]<\/p>\n","protected":false},"author":1410,"featured_media":12683,"comment_status":"open","ping_status":"open","sticky":false,"template":"","format":"standard","meta":{"jetpack_post_was_ever_published":false,"_jetpack_newsletter_access":"","_jetpack_dont_email_post_to_subs":false,"_jetpack_newsletter_tier_id":0,"_jetpack_memberships_contains_paywalled_content":false,"_jetpack_memberships_contains_paid_content":false,"footnotes":"","jetpack_publicize_message":"","jetpack_publicize_feature_enabled":true,"jetpack_social_post_already_shared":false,"jetpack_social_options":{"image_generator_settings":{"template":"highway","default_image_id":0,"font":"","enabled":false},"version":2}},"categories":[6],"tags":[884,124,59,778,727],"class_list":{"0":"post-12682","1":"post","2":"type-post","3":"status-publish","4":"format-standard","5":"has-post-thumbnail","7":"category-confesionario","8":"tag-patologias","9":"tag-politica","10":"tag-politica-venezolana","11":"tag-psicosis-del-siglo-xxi","12":"tag-suicidio"},"jetpack_publicize_connections":[],"jetpack_featured_media_url":"https:\/\/i0.wp.com\/www.panfletonegro.com\/v\/wp-content\/uploads\/2011\/01\/Autosuicidio.jpg?fit=360%2C300&ssl=1","jetpack_shortlink":"https:\/\/wp.me\/pfpCD-3iy","jetpack_sharing_enabled":true,"_links":{"self":[{"href":"https:\/\/www.panfletonegro.com\/v\/wp-json\/wp\/v2\/posts\/12682","targetHints":{"allow":["GET"]}}],"collection":[{"href":"https:\/\/www.panfletonegro.com\/v\/wp-json\/wp\/v2\/posts"}],"about":[{"href":"https:\/\/www.panfletonegro.com\/v\/wp-json\/wp\/v2\/types\/post"}],"author":[{"embeddable":true,"href":"https:\/\/www.panfletonegro.com\/v\/wp-json\/wp\/v2\/users\/1410"}],"replies":[{"embeddable":true,"href":"https:\/\/www.panfletonegro.com\/v\/wp-json\/wp\/v2\/comments?post=12682"}],"version-history":[{"count":0,"href":"https:\/\/www.panfletonegro.com\/v\/wp-json\/wp\/v2\/posts\/12682\/revisions"}],"wp:featuredmedia":[{"embeddable":true,"href":"https:\/\/www.panfletonegro.com\/v\/wp-json\/wp\/v2\/media\/12683"}],"wp:attachment":[{"href":"https:\/\/www.panfletonegro.com\/v\/wp-json\/wp\/v2\/media?parent=12682"}],"wp:term":[{"taxonomy":"category","embeddable":true,"href":"https:\/\/www.panfletonegro.com\/v\/wp-json\/wp\/v2\/categories?post=12682"},{"taxonomy":"post_tag","embeddable":true,"href":"https:\/\/www.panfletonegro.com\/v\/wp-json\/wp\/v2\/tags?post=12682"}],"curies":[{"name":"wp","href":"https:\/\/api.w.org\/{rel}","templated":true}]}}