{"id":12423,"date":"2010-12-22T21:41:54","date_gmt":"2010-12-23T02:11:54","guid":{"rendered":"http:\/\/www.panfletonegro.com\/v\/?p=12423"},"modified":"2010-12-22T21:41:54","modified_gmt":"2010-12-23T02:11:54","slug":"cadena-perpetua-para-videla","status":"publish","type":"post","link":"https:\/\/www.panfletonegro.com\/v\/2010\/12\/22\/cadena-perpetua-para-videla\/","title":{"rendered":"Cadena Perpetua para Videla"},"content":{"rendered":"<p><a href=\"https:\/\/i0.wp.com\/www.panfletonegro.com\/v\/wp-content\/uploads\/2010\/12\/c617x266_034mad23fot1.jpg\"><img data-recalc-dims=\"1\" loading=\"lazy\" decoding=\"async\" data-attachment-id=\"12424\" data-permalink=\"https:\/\/www.panfletonegro.com\/v\/2010\/12\/22\/cadena-perpetua-para-videla\/c617x266_034mad23fot1\/\" data-orig-file=\"https:\/\/i0.wp.com\/www.panfletonegro.com\/v\/wp-content\/uploads\/2010\/12\/c617x266_034mad23fot1.jpg?fit=617%2C266&amp;ssl=1\" data-orig-size=\"617,266\" data-comments-opened=\"1\" data-image-meta=\"{&quot;aperture&quot;:&quot;0&quot;,&quot;credit&quot;:&quot;&quot;,&quot;camera&quot;:&quot;&quot;,&quot;caption&quot;:&quot;&quot;,&quot;created_timestamp&quot;:&quot;0&quot;,&quot;copyright&quot;:&quot;&quot;,&quot;focal_length&quot;:&quot;0&quot;,&quot;iso&quot;:&quot;0&quot;,&quot;shutter_speed&quot;:&quot;0&quot;,&quot;title&quot;:&quot;&quot;}\" data-image-title=\"c617x266_034mad23fot1\" data-image-description=\"\" data-image-caption=\"\" data-large-file=\"https:\/\/i0.wp.com\/www.panfletonegro.com\/v\/wp-content\/uploads\/2010\/12\/c617x266_034mad23fot1.jpg?fit=617%2C266&amp;ssl=1\" src=\"https:\/\/i0.wp.com\/www.panfletonegro.com\/v\/wp-content\/uploads\/2010\/12\/c617x266_034mad23fot1-300x129.jpg?resize=300%2C129\" alt=\"\" title=\"c617x266_034mad23fot1\" width=\"300\" height=\"129\" class=\"alignnone size-medium wp-image-12424\" srcset=\"https:\/\/i0.wp.com\/www.panfletonegro.com\/v\/wp-content\/uploads\/2010\/12\/c617x266_034mad23fot1.jpg?resize=300%2C129&amp;ssl=1 300w, https:\/\/i0.wp.com\/www.panfletonegro.com\/v\/wp-content\/uploads\/2010\/12\/c617x266_034mad23fot1.jpg?w=617&amp;ssl=1 617w\" sizes=\"auto, (max-width: 300px) 100vw, 300px\" \/><\/a><br \/>\nTarde pero seguro,la justicia llega.Videla fue condenado a cumplir cadena perpetua por sus cr\u00edmenes de lesa humanidad.Sus v\u00edctimas y acusadores recibir\u00e1n as\u00ed una indemnizaci\u00f3n moral en forma de un esperado regalo de navidad.Ojal\u00e1 sigan las investigaciones hasta dar con el fondo del asunto,m\u00e1s all\u00e1 de culpar a los chivos expiatorios de costumbre,para beneficio de la demagogia de los pol\u00edticos en ejercicio y de los responsables indirectos de la masacre.<br \/>\nLos autores intelectuales celebran de lo lindo,porque nadie los descubrir\u00e1.<br \/>\nLos t\u00edteres del poder militar recibir\u00e1n el castigo.<br \/>\nEl populismo,de lado y lado,le sacar\u00e1 partido pol\u00edtico a la sentencia.<br \/>\nEscr\u00edbanlo.<br \/>\nDe cualquier manera,todo un tema para remover nuestra mala conciencia hist\u00f3rica.<br \/>\n\u00bfSeguiremos condenados a repetirla?<br \/>\n\u00bfContinuaremos llev\u00e1ndolos a la c\u00e1rcel,cuando ya pasaron,pr\u00e1cticamente,a mejor vida?<br \/>\n\u00bfM\u00e1s abuelitos a la prisi\u00f3n?<br \/>\n\u00bfY los tiranos del Caribe,en libertad?<br \/>\n\u00bfY la democracia en la actualidad no es un chiste?<br \/>\nV\u00e9anse en un espejo,gorilas internacionales y locales.<br \/>\n<span class=\"embed-youtube\" style=\"text-align:center; display: block;\"><iframe loading=\"lazy\" class=\"youtube-player\" width=\"696\" height=\"392\" src=\"https:\/\/www.youtube.com\/embed\/EnV2CiH--Zg?version=3&#038;rel=1&#038;showsearch=0&#038;showinfo=1&#038;iv_load_policy=1&#038;fs=1&#038;hl=es-ES&#038;autohide=2&#038;wmode=transparent\" allowfullscreen=\"true\" style=\"border:0;\" sandbox=\"allow-scripts allow-same-origin allow-popups allow-presentation allow-popups-to-escape-sandbox\"><\/iframe><\/span><\/p>\n","protected":false},"excerpt":{"rendered":"<p>Tarde pero seguro,la justicia llega.Videla fue condenado a cumplir cadena perpetua por sus cr\u00edmenes de lesa humanidad.Sus v\u00edctimas y acusadores recibir\u00e1n as\u00ed una indemnizaci\u00f3n moral en forma de un esperado regalo de navidad.Ojal\u00e1 sigan las investigaciones hasta dar con el fondo del asunto,m\u00e1s all\u00e1 de culpar a los chivos expiatorios de costumbre,para beneficio de la [&hellip;]<\/p>\n","protected":false},"author":1066,"featured_media":12424,"comment_status":"open","ping_status":"open","sticky":false,"template":"","format":"standard","meta":{"jetpack_post_was_ever_published":false,"_jetpack_newsletter_access":"","_jetpack_dont_email_post_to_subs":false,"_jetpack_newsletter_tier_id":0,"_jetpack_memberships_contains_paywalled_content":false,"_jetpack_memberships_contains_paid_content":false,"footnotes":"","jetpack_publicize_message":"","jetpack_publicize_feature_enabled":true,"jetpack_social_post_already_shared":false,"jetpack_social_options":{"image_generator_settings":{"template":"highway","default_image_id":0,"font":"","enabled":false},"version":2}},"categories":[3],"tags":[],"class_list":{"0":"post-12423","1":"post","2":"type-post","3":"status-publish","4":"format-standard","5":"has-post-thumbnail","7":"category-descontento"},"jetpack_publicize_connections":[],"jetpack_featured_media_url":"https:\/\/i0.wp.com\/www.panfletonegro.com\/v\/wp-content\/uploads\/2010\/12\/c617x266_034mad23fot1.jpg?fit=617%2C266&ssl=1","jetpack_shortlink":"https:\/\/wp.me\/pfpCD-3en","jetpack_sharing_enabled":true,"_links":{"self":[{"href":"https:\/\/www.panfletonegro.com\/v\/wp-json\/wp\/v2\/posts\/12423","targetHints":{"allow":["GET"]}}],"collection":[{"href":"https:\/\/www.panfletonegro.com\/v\/wp-json\/wp\/v2\/posts"}],"about":[{"href":"https:\/\/www.panfletonegro.com\/v\/wp-json\/wp\/v2\/types\/post"}],"author":[{"embeddable":true,"href":"https:\/\/www.panfletonegro.com\/v\/wp-json\/wp\/v2\/users\/1066"}],"replies":[{"embeddable":true,"href":"https:\/\/www.panfletonegro.com\/v\/wp-json\/wp\/v2\/comments?post=12423"}],"version-history":[{"count":0,"href":"https:\/\/www.panfletonegro.com\/v\/wp-json\/wp\/v2\/posts\/12423\/revisions"}],"wp:featuredmedia":[{"embeddable":true,"href":"https:\/\/www.panfletonegro.com\/v\/wp-json\/wp\/v2\/media\/12424"}],"wp:attachment":[{"href":"https:\/\/www.panfletonegro.com\/v\/wp-json\/wp\/v2\/media?parent=12423"}],"wp:term":[{"taxonomy":"category","embeddable":true,"href":"https:\/\/www.panfletonegro.com\/v\/wp-json\/wp\/v2\/categories?post=12423"},{"taxonomy":"post_tag","embeddable":true,"href":"https:\/\/www.panfletonegro.com\/v\/wp-json\/wp\/v2\/tags?post=12423"}],"curies":[{"name":"wp","href":"https:\/\/api.w.org\/{rel}","templated":true}]}}