{"id":1234,"date":"2008-06-07T18:51:51","date_gmt":"2008-06-07T22:51:51","guid":{"rendered":"http:\/\/www.panfletonegro.com\/v\/2008\/06\/07\/respuesta-a-daniel-pratt-montejo\/"},"modified":"2008-06-07T18:53:36","modified_gmt":"2008-06-07T22:53:36","slug":"respuesta-a-daniel-pratt-montejo","status":"publish","type":"post","link":"https:\/\/www.panfletonegro.com\/v\/2008\/06\/07\/respuesta-a-daniel-pratt-montejo\/","title":{"rendered":"Respuesta a Daniel Pratt (Montejo)"},"content":{"rendered":"<p>La presente no pretende ser una \u201crespuesta\u201d propiamente dicha. Surgi\u00f3 al intentar escribir un comentario y constatar que la extensi\u00f3n lo hac\u00eda detentar otras pretensiones.<\/p>\n<p>M\u00e1s que una \u201crespuesta\u201d, es una \u201cprolongaci\u00f3n\u201d de su diagn\u00f3stico, que se me hace paticojo y flojo. Pratt dice que la gente que no conoce la obra po\u00e9tica de Montejo sufre de flojera o recargamiento de informaci\u00f3n, a lo cual podr\u00edamos agregar la desinformaci\u00f3n en torno a la obra del venezolano.<\/p>\n<p>Pero esto me parece poco convincente, ya que la \u201cflojera\u201d o la \u201ccantidad de informaci\u00f3n\u201d que manejamos, no es exclusivamente dominio de los individuos, de nosotros, de los venezolanos.<\/p>\n<p>Para m\u00ed, el desconocimiento de la obra de Montejo se debe a las causas estructurales de la literatura en Venezuela, algo muy distinto a las excusas individuales.<\/p>\n<p>En este sentido, creo que en Venezuela no tenemos un movimiento intelectual. No lo tenemos, porque no lo podemos tener: porque en nuestro pa\u00eds, carecemos de incentivos a la lectura, ignoramos el valor de la cultura literaria y hacemos horrorosos intentos bruscos de literatura for dummies, en Ferias y eventos preparados a la carrera.<\/p>\n<p>Esto no quiere decir que no haya expresiones literarias ni espacios para la difusi\u00f3n, como el propio Panfleto Negro. Pero lo que tenemos son una serie de espacios marginales, alternativos y enanos donde los pocos raros que escapan a los atractivos culturales predominantes (deporte y dinero), logran expresarse.<\/p>\n<p>Existen medios alternativos muy buenos. La gente de Ficci\u00f3n Breve o Letralia intenta hacer lo propio. Pero son, repito, espacios peque\u00f1os y alternativos, y decir que en Venezuela hay literatura porque Montejo publicaba semanalmente en una oscura revista de dudosa distribuci\u00f3n, equivale a decir que en Venezuela se practica la lucha Sumo porque hay dos gordos que se dan panzazos los s\u00e1bados en un club de Guarenas.<\/p>\n<p>Obviamente, no es tarea de ninguno de esos espacios crear la cultura literaria, algo que es m\u00e1s inherencia del Estado. Que Montejo muera en medio de la indiferencia m\u00e1s sepulcral, es la corroboraci\u00f3n del diagn\u00f3stico seg\u00fan el cual el Estado ha hecho una p\u00e9sima labor en la creaci\u00f3n y valoraci\u00f3n de los talentos literarios venezolanos, que s\u00ed los hay, y bastante.<\/p>\n<p>No tapemos el sol con un dedo. Afrontemos y denunciemos la desgracia de ser ignorado al tener un talento tan grande, en vez de indignarnos y culpar a la gente de las erradas (o inexistentes) pol\u00edticas culturales del pa\u00eds.<\/p>\n<p>Si no asumimos seriamente esta falla, en cinco a\u00f1os morir\u00e1 otro excelente escritor, ahogado en el desconocimiento p\u00fablico, luego otro, luego otro\u2026 No es creyendo que era el deber de la gente interesarse y descubrir a nuestros talentos que lograremos subsanar este enorme bache, que hace que alguien que escribe en Venezuela sea visto como un bicho raro, un ocioso, un don nadie sin valor.<\/p>\n<p>Como ve\u00eda Venezuela a Montejo.<\/p>\n","protected":false},"excerpt":{"rendered":"<p>La presente no pretende ser una \u201crespuesta\u201d propiamente dicha. Surgi\u00f3 al intentar escribir un comentario y constatar que la extensi\u00f3n lo hac\u00eda detentar otras pretensiones. M\u00e1s que una \u201crespuesta\u201d, es una \u201cprolongaci\u00f3n\u201d de su diagn\u00f3stico, que se me hace paticojo y flojo. Pratt dice que la gente que no conoce la obra po\u00e9tica de Montejo [&hellip;]<\/p>\n","protected":false},"author":55,"featured_media":0,"comment_status":"open","ping_status":"open","sticky":false,"template":"","format":"standard","meta":{"jetpack_post_was_ever_published":false,"_jetpack_newsletter_access":"","_jetpack_dont_email_post_to_subs":false,"_jetpack_newsletter_tier_id":0,"_jetpack_memberships_contains_paywalled_content":false,"_jetpack_memberships_contains_paid_content":false,"footnotes":"","jetpack_publicize_message":"","jetpack_publicize_feature_enabled":true,"jetpack_social_post_already_shared":false,"jetpack_social_options":{"image_generator_settings":{"template":"highway","default_image_id":0,"font":"","enabled":false},"version":2}},"categories":[1],"tags":[],"class_list":{"0":"post-1234","1":"post","2":"type-post","3":"status-publish","4":"format-standard","6":"category-azares"},"jetpack_publicize_connections":[],"jetpack_featured_media_url":"","jetpack_shortlink":"https:\/\/wp.me\/pfpCD-jU","jetpack_sharing_enabled":true,"_links":{"self":[{"href":"https:\/\/www.panfletonegro.com\/v\/wp-json\/wp\/v2\/posts\/1234","targetHints":{"allow":["GET"]}}],"collection":[{"href":"https:\/\/www.panfletonegro.com\/v\/wp-json\/wp\/v2\/posts"}],"about":[{"href":"https:\/\/www.panfletonegro.com\/v\/wp-json\/wp\/v2\/types\/post"}],"author":[{"embeddable":true,"href":"https:\/\/www.panfletonegro.com\/v\/wp-json\/wp\/v2\/users\/55"}],"replies":[{"embeddable":true,"href":"https:\/\/www.panfletonegro.com\/v\/wp-json\/wp\/v2\/comments?post=1234"}],"version-history":[{"count":0,"href":"https:\/\/www.panfletonegro.com\/v\/wp-json\/wp\/v2\/posts\/1234\/revisions"}],"wp:attachment":[{"href":"https:\/\/www.panfletonegro.com\/v\/wp-json\/wp\/v2\/media?parent=1234"}],"wp:term":[{"taxonomy":"category","embeddable":true,"href":"https:\/\/www.panfletonegro.com\/v\/wp-json\/wp\/v2\/categories?post=1234"},{"taxonomy":"post_tag","embeddable":true,"href":"https:\/\/www.panfletonegro.com\/v\/wp-json\/wp\/v2\/tags?post=1234"}],"curies":[{"name":"wp","href":"https:\/\/api.w.org\/{rel}","templated":true}]}}