{"id":12319,"date":"2010-12-19T10:23:32","date_gmt":"2010-12-19T14:53:32","guid":{"rendered":"http:\/\/www.panfletonegro.com\/v\/?p=12319"},"modified":"2010-12-19T10:25:10","modified_gmt":"2010-12-19T14:55:10","slug":"el-totalitarismo-y-la-alternativa-bobolonga","status":"publish","type":"post","link":"https:\/\/www.panfletonegro.com\/v\/2010\/12\/19\/el-totalitarismo-y-la-alternativa-bobolonga\/","title":{"rendered":"El Totalitarismo y la Alternativa Bobolonga"},"content":{"rendered":"<p><a href=\"https:\/\/i0.wp.com\/www.panfletonegro.com\/v\/wp-content\/uploads\/2010\/12\/JoachimFestYoNo.jpg\"><img data-recalc-dims=\"1\" loading=\"lazy\" decoding=\"async\" data-attachment-id=\"12320\" data-permalink=\"https:\/\/www.panfletonegro.com\/v\/2010\/12\/19\/el-totalitarismo-y-la-alternativa-bobolonga\/joachimfestyono\/\" data-orig-file=\"https:\/\/i0.wp.com\/www.panfletonegro.com\/v\/wp-content\/uploads\/2010\/12\/JoachimFestYoNo.jpg?fit=500%2C806&amp;ssl=1\" data-orig-size=\"500,806\" data-comments-opened=\"1\" data-image-meta=\"{&quot;aperture&quot;:&quot;0&quot;,&quot;credit&quot;:&quot;&quot;,&quot;camera&quot;:&quot;&quot;,&quot;caption&quot;:&quot;&quot;,&quot;created_timestamp&quot;:&quot;0&quot;,&quot;copyright&quot;:&quot;&quot;,&quot;focal_length&quot;:&quot;0&quot;,&quot;iso&quot;:&quot;0&quot;,&quot;shutter_speed&quot;:&quot;0&quot;,&quot;title&quot;:&quot;&quot;}\" data-image-title=\"JoachimFestYoNo\" data-image-description=\"\" data-image-caption=\"\" data-large-file=\"https:\/\/i0.wp.com\/www.panfletonegro.com\/v\/wp-content\/uploads\/2010\/12\/JoachimFestYoNo.jpg?fit=500%2C806&amp;ssl=1\" class=\"aligncenter size-medium wp-image-12320\" src=\"https:\/\/i0.wp.com\/www.panfletonegro.com\/v\/wp-content\/uploads\/2010\/12\/JoachimFestYoNo-186x300.jpg?resize=186%2C300\" alt=\"Joachim Fest Yo No\" width=\"186\" height=\"300\" srcset=\"https:\/\/i0.wp.com\/www.panfletonegro.com\/v\/wp-content\/uploads\/2010\/12\/JoachimFestYoNo.jpg?resize=186%2C300&amp;ssl=1 186w, https:\/\/i0.wp.com\/www.panfletonegro.com\/v\/wp-content\/uploads\/2010\/12\/JoachimFestYoNo.jpg?w=500&amp;ssl=1 500w\" sizes=\"auto, (max-width: 186px) 100vw, 186px\" \/><\/a><\/p>\n<p>La Radicalizaci\u00f3n y el extremismo, pleno e inmisericorde, de cualquier gobierno totalitario, es un movimiento o una acci\u00f3n completamente natural para mantenerse en el Poder. El militarismo, la preponderancia de lo Militar, es un factor indiscutible de este hecho. Se radicaliza porque puede hacerse, m\u00e1s nada. Se radicaliza, porque no existe fuerza contraria disuasoria o incentivo alguno para optar por otra opci\u00f3n.<\/p>\n<p>La superficialidad rebosante de la Alternativa, confirma lo d\u00e9bil, pol\u00edtica y socialmente, que en la realidad es. Ni hablar de la ausencia de un Proyecto Pol\u00edtico claro, o de los variopintos <em>insultos-al-g\u00e9nero-humano<\/em> que abundan en sus filas. <em> \u201cCad\u00e1veres Insepultos\u201d<\/em> les volver\u00eda a llamar, frente a sus caras, un gran sabio de anta\u00f1o.<\/p>\n<p>Cad\u00e1veres. <em>Caro Data Vermibus<\/em>. Carne dada a los gusanos.<\/p>\n<p>Un pa\u00eds dado a los gusanos. Carne devorada por gusanos, gusanos devorados por gallinas, gallinas que sirven de alimento para el Hombre, y la carne del Hombre que regresa al tracto digestivo del gusano (Cual viaje <em>pseudo-hamletiano<\/em>).<\/p>\n<p>Hannah Arendt -d\u00f3nde quiera que se encuentre- debe estar perfeccionando y terminando los \u00faltimos detalles. Somos el Anexo B de <em>\u201cLos Or\u00edgenes del Totalitarismo\u201d<\/em>.<\/p>\n<p>Haga lo que se haga, ser\u00e1 muy poco y ser\u00e1 muy tarde. No se podr\u00e1 decir que realmente hubo una Resistencia efectiva; probablemente se dir\u00e1 que existi\u00f3 una Disidencia con moderada -por decir lo menos- efectividad \u00bfAlgo m\u00e1s? En lo absoluto. Pura Reticencia en acci\u00f3n. La \u201c<em><strong>Banalidad del Mal<\/strong><\/em>\u201d (Arendt <em>dixit<\/em>) y la \u201c<strong><em>Inefectividad del Bien<\/em><\/strong>\u201d, eso es todo.<\/p>\n","protected":false},"excerpt":{"rendered":"<p>La Radicalizaci\u00f3n y el extremismo, pleno e inmisericorde, de cualquier gobierno totalitario, es un movimiento o una acci\u00f3n completamente natural para mantenerse en el Poder. El militarismo, la preponderancia de lo Militar, es un factor indiscutible de este hecho. Se radicaliza porque puede hacerse, m\u00e1s nada. Se radicaliza, porque no existe fuerza contraria disuasoria o [&hellip;]<\/p>\n","protected":false},"author":1410,"featured_media":12320,"comment_status":"open","ping_status":"open","sticky":false,"template":"","format":"standard","meta":{"jetpack_post_was_ever_published":false,"_jetpack_newsletter_access":"","_jetpack_dont_email_post_to_subs":false,"_jetpack_newsletter_tier_id":0,"_jetpack_memberships_contains_paywalled_content":false,"_jetpack_memberships_contains_paid_content":false,"footnotes":"","jetpack_publicize_message":"","jetpack_publicize_feature_enabled":true,"jetpack_social_post_already_shared":false,"jetpack_social_options":{"image_generator_settings":{"template":"highway","default_image_id":0,"font":"","enabled":false},"version":2}},"categories":[6],"tags":[803,760,124,59],"class_list":{"0":"post-12319","1":"post","2":"type-post","3":"status-publish","4":"format-standard","5":"has-post-thumbnail","7":"category-confesionario","8":"tag-militares","9":"tag-nazismo","10":"tag-politica","11":"tag-politica-venezolana"},"jetpack_publicize_connections":[],"jetpack_featured_media_url":"https:\/\/i0.wp.com\/www.panfletonegro.com\/v\/wp-content\/uploads\/2010\/12\/JoachimFestYoNo.jpg?fit=500%2C806&ssl=1","jetpack_shortlink":"https:\/\/wp.me\/pfpCD-3cH","jetpack_sharing_enabled":true,"_links":{"self":[{"href":"https:\/\/www.panfletonegro.com\/v\/wp-json\/wp\/v2\/posts\/12319","targetHints":{"allow":["GET"]}}],"collection":[{"href":"https:\/\/www.panfletonegro.com\/v\/wp-json\/wp\/v2\/posts"}],"about":[{"href":"https:\/\/www.panfletonegro.com\/v\/wp-json\/wp\/v2\/types\/post"}],"author":[{"embeddable":true,"href":"https:\/\/www.panfletonegro.com\/v\/wp-json\/wp\/v2\/users\/1410"}],"replies":[{"embeddable":true,"href":"https:\/\/www.panfletonegro.com\/v\/wp-json\/wp\/v2\/comments?post=12319"}],"version-history":[{"count":0,"href":"https:\/\/www.panfletonegro.com\/v\/wp-json\/wp\/v2\/posts\/12319\/revisions"}],"wp:featuredmedia":[{"embeddable":true,"href":"https:\/\/www.panfletonegro.com\/v\/wp-json\/wp\/v2\/media\/12320"}],"wp:attachment":[{"href":"https:\/\/www.panfletonegro.com\/v\/wp-json\/wp\/v2\/media?parent=12319"}],"wp:term":[{"taxonomy":"category","embeddable":true,"href":"https:\/\/www.panfletonegro.com\/v\/wp-json\/wp\/v2\/categories?post=12319"},{"taxonomy":"post_tag","embeddable":true,"href":"https:\/\/www.panfletonegro.com\/v\/wp-json\/wp\/v2\/tags?post=12319"}],"curies":[{"name":"wp","href":"https:\/\/api.w.org\/{rel}","templated":true}]}}