{"id":11361,"date":"2010-10-28T11:31:26","date_gmt":"2010-10-28T16:01:26","guid":{"rendered":"http:\/\/www.panfletonegro.com\/v\/?p=11361"},"modified":"2010-12-02T17:22:54","modified_gmt":"2010-12-02T21:52:54","slug":"panfletonegro-es-una-mierda","status":"publish","type":"post","link":"https:\/\/www.panfletonegro.com\/v\/2010\/10\/28\/panfletonegro-es-una-mierda\/","title":{"rendered":"panfletonegro es una mierda"},"content":{"rendered":"<p><a href=\"https:\/\/i0.wp.com\/www.panfletonegro.com\/v\/wp-content\/uploads\/2010\/10\/che_guevara.jpg\"><img data-recalc-dims=\"1\" loading=\"lazy\" decoding=\"async\" data-attachment-id=\"11362\" data-permalink=\"https:\/\/www.panfletonegro.com\/v\/2010\/10\/28\/panfletonegro-es-una-mierda\/che_guevara\/\" data-orig-file=\"https:\/\/i0.wp.com\/www.panfletonegro.com\/v\/wp-content\/uploads\/2010\/10\/che_guevara.jpg?fit=473%2C611&amp;ssl=1\" data-orig-size=\"473,611\" data-comments-opened=\"1\" data-image-meta=\"{&quot;aperture&quot;:&quot;0&quot;,&quot;credit&quot;:&quot;&quot;,&quot;camera&quot;:&quot;&quot;,&quot;caption&quot;:&quot;&quot;,&quot;created_timestamp&quot;:&quot;0&quot;,&quot;copyright&quot;:&quot;&quot;,&quot;focal_length&quot;:&quot;0&quot;,&quot;iso&quot;:&quot;0&quot;,&quot;shutter_speed&quot;:&quot;0&quot;,&quot;title&quot;:&quot;&quot;}\" data-image-title=\"Che Guevara\" data-image-description=\"\" data-image-caption=\"\" data-large-file=\"https:\/\/i0.wp.com\/www.panfletonegro.com\/v\/wp-content\/uploads\/2010\/10\/che_guevara.jpg?fit=473%2C611&amp;ssl=1\" src=\"https:\/\/i0.wp.com\/www.panfletonegro.com\/v\/wp-content\/uploads\/2010\/10\/che_guevara-232x300.jpg?resize=232%2C300\" alt=\"\" title=\"Che Guevara\" width=\"232\" height=\"300\" class=\"aligncenter size-medium wp-image-11362\" srcset=\"https:\/\/i0.wp.com\/www.panfletonegro.com\/v\/wp-content\/uploads\/2010\/10\/che_guevara.jpg?resize=232%2C300&amp;ssl=1 232w, https:\/\/i0.wp.com\/www.panfletonegro.com\/v\/wp-content\/uploads\/2010\/10\/che_guevara.jpg?w=473&amp;ssl=1 473w\" sizes=\"auto, (max-width: 232px) 100vw, 232px\" \/><\/a><\/p>\n<p>Desde ayer en la tarde, cuando le\u00ed el <a href=\"http:\/\/reflexionesderobot.blogspot.com\/2010\/10\/definiciones-o-el-mojon-mental-de-los.html\">post de Harold L\u00f3pez Garroz<\/a>, estaba pensando si val\u00eda la pena responderle. Explico, creo que la molestia de Harold es v\u00e1lida en muchos aspectos, principalmente al criticar ese empe\u00f1o, un tanto infantil, que tienen algunos comentaristas de la p\u00e1gina de negarle a Hugo Ch\u00e1vez su condici\u00f3n de izquierdista, con cabriolas verbales de todo tipo, con maromas intelectuales que pretenden negar lo obvio: <strong>Ch\u00e1vez es de izquierda!!!!!!! <\/strong>Que sea de un ala autoritaria y antidemocr\u00e1tica con la cual algunos izquierdistas \u2014que se identifican a s\u00ed mismos como militantes de una izquierda democr\u00e1tica\u2014 no se sienten representados, no quiere decir que no sea de izquierda; s\u00f3lo quiere decir que hay militantes de izquierda que no se identifican con ese sector de la izquierda al que Ch\u00e1vez representa. <\/p>\n<p>Ch\u00e1vez no s\u00f3lo es de izquierda, es de la izquierda m\u00e1s radical y dogm\u00e1tica, por tanto, puede que sea m\u00e1s izquierdista que los izquierdistas que no est\u00e1n con \u00e9l. Ch\u00e1vez es de la izquierda m\u00e1s ortodoxa y cercana al comunismo (s\u00ed, comunismo), por eso su proyecto pol\u00edtico sigue las recetas de Marx: expropiaci\u00f3n de los medios de producci\u00f3n; control de cambio; control de precios; control de la actividad econ\u00f3mica privada; eliminaci\u00f3n de la libertad individual; control casi absoluto de los medios de comunicaci\u00f3n y la estatizaci\u00f3n de casi todo el mercado laboral, lo que llevar\u00e1 a que pronto los venezolanos nos dividamos en dos grupos: empleados p\u00fablicos y desempleados. Dicho de otra forma: o eres funcionario del gobierno y dependes de \u00e9l, o te quedas sin trabajo y te mueres de hambre. Por s\u00f3lo citar el ejemplo m\u00e1s contundente: en el sector cultura esto es ya casi una realidad. <\/p>\n<p>Ch\u00e1vez es comunista, porque si no lo fuera el Partido Comunista de Venezuela (PCV) no le hubiese dado un constante apoyo durante estos 12 a\u00f1os, siendo el \u00fanico partido pol\u00edtico que jam\u00e1s ha dejado de apoyarlo, a diferencia del Mas, Podemos, PPT, o los cascarones vac\u00edos creados por el propio Presidente, ll\u00e1mense MVR o PSUV. <\/p>\n<p>Ch\u00e1vez es tan comunista como su mentor Fidel Castro, el comunista m\u00e1s exitoso de Am\u00e9rica Latina, el dictador de izquierda m\u00e1s longevo que haya tenido este Continente. Ch\u00e1vez es tan de izquierda como Ortega en Nicaragua, Correa en Ecuador, Evo en Bolivia, o Cristina en Argentina. Quiz\u00e1s ya sea hora de decir esto sin ambages, y renunciando a esa est\u00fapida muletilla verbal de decir: \u201cYo soy de izquierda pero no estoy con Ch\u00e1vez porque el es un izquierdista disfrazado, en realidad es de derecha\u201d. <\/p>\n<p>A m\u00ed tambi\u00e9n me fastidia la irresponsabilidad y el guabineo de los izquierdistas que est\u00e1n contra Ch\u00e1vez quienes siempre tratan de sacud\u00edrselo, como si al negarle su condici\u00f3n de izquierdista, marxista, socialista y comunista (adaptado a los mecanismos de poder del siglo XXI, dentro de otro contexto hist\u00f3rico, y sin duda usando m\u00e9todos m\u00e1s sutiles que los usados por Fidel y la U.R.S.S.) de alguna manera los excusara por haberlo apoyado, o por seguir defendiendo las ideas que ahora se aplican en Venezuela, aunque se empe\u00f1an en negarlo. <\/p>\n<p>Tal vez es el complejo de exchavistas lo que afecta a algunos y por eso hurgan en la historia, buscando ejemplos jalados de los pelos para negar lo evidente. <\/p>\n<p>Si de verdad hay una izquierda que no est\u00e1 de acuerdo con las ejecutorias de Ch\u00e1vez y con el chavismo, como gobierno y como doctrina, pues deber\u00edan comenzar por asumir la condici\u00f3n izquierdista de \u00e9ste, y luego establecer diferencias entre esa izquierda, supuestamente democr\u00e1tica y la autoritaria que Ch\u00e1vez representar\u00eda seg\u00fan ellos; pero seguir escurriendo el bulto es absurdo. Reconozco que esa actitud puede ser irritante y desagradable, y que uno se cansa de ella. Hace no mucho lo discut\u00eda, precisamente con <a href=\"http:\/\/www.panfletonegro.com\/v\/author\/krisis\/\">Krisis<\/a>.<\/p>\n<p>Hace un a\u00f1o escrib\u00ed <a href=\"http:\/\/www.panfletonegro.com\/v\/2009\/08\/14\/historia-de-un-hombre-que-nunca-fue-reprimido\/\">este art\u00edculo<\/a> diciendo: <\/p>\n<blockquote><p>\u00ab<em>B\u00e1sicamente porque estoy cansado de ese maldito chantaje seg\u00fan el cual en toda opini\u00f3n contra el gobierno debo colar tambi\u00e9n una reflexi\u00f3n contra Israel, una condena a Carlos Andr\u00e9s P\u00e9rez, un insulto a Estados Unidos y una burla a cualquiera de los pol\u00edticos opositores, porque si no lo hago soy pro-israel\u00ed, pitiyanqui, adeco, y t\u00edtere de los medios. Como brillantemente se\u00f1alara Israel Centeno, hace unos d\u00edas: yo me cans\u00e9 de ser un Chavezcoholic, que utiliza las neolenguas impuestas desde el poder.<\/em>\u00bb <\/p><\/blockquote>\n<p>Un a\u00f1o despu\u00e9s sigo pensando igual. <\/p>\n<p>Tambi\u00e9n admito que algunos colaboradores de esta p\u00e1gina terminan por sacarle la madre a uno. Por ejemplo, he le\u00eddo y me he abstenido de comentar los post de <a href=\"http:\/\/www.panfletonegro.com\/v\/author\/la-lupe\/\">La Lupe<\/a>, cuyas posiciones siempre son <a href=\"http:\/\/www.panfletonegro.com\/v\/2009\/08\/08\/el-rol-de-la-izquierda-en-venezuela\/\">indefinidas y mediocres<\/a>. Am\u00e9n de que siempre advierte al principio de cada art\u00edculo que: \u201cella es de izquierda y nadie le har\u00e1 cambiar de opini\u00f3n\u201d, por lo que intentar discutir con alguien as\u00ed es in\u00fatil. Otro caso que se me viene a la mente es <a href=\"http:\/\/www.panfletonegro.com\/v\/2010\/10\/07\/el-nobel-de-la-discordia\/\">el art\u00edculo de Sergio M<\/a> dedicado al Premio Nobel que le dieron a Vargas Llosa, inventando falacias como que el peruano es un racista que <a href=\"http:\/\/revistareplicante.com\/literatura\/ensayo\/las-ideas-politicas-de-vargas-llosa\/\">odia a los ind\u00edgenas<\/a>, y que milita en la ultraderecha.<\/p>\n<p>La izquierda celebra que Banksy haga un <a href=\"http:\/\/www.bigfenomeno.com\/2010\/01\/banksy-exit-through-the-gift-shop-trailer\/\">documental guerrilla<\/a> en el que muestra como intervino museos y obras p\u00fablicas, dicen: \u00abGuao, que artista tan atrevido y contracultural\u00bb. Pero basta que alguien intervenga una imagen del sacrosanto Shit Guevara para que de inmediato salgan a decirle reaccionario y dem\u00e1s. <\/p>\n<p>Si Dan Brown publica un libro diciendo que Jes\u00fas ten\u00eda una barragana (no una novia, sino una amante que escond\u00eda de todos, y hasta con la que tuvo una hija ileg\u00edtima) aqu\u00ed, en la sociedad occidental, laica y de valores que le deben mucho al liberalismo, no pasa nada. Bueno s\u00ed, unos curas escriben algunos art\u00edculos y dan algunas declaraciones en TV. \u00bfQu\u00e9 dice la izquierda? Nada, que el se\u00f1or Brown tiene derecho a expresarse y que esa obra es ficci\u00f3n, as\u00ed que no deber\u00eda ofender a nadie, adem\u00e1s los curas exageran.<br \/>\nPero, si un caricaturista hace <a href=\"http:\/\/www.infobae.com\/notas\/nota.php?Idx=236303&#038;IdxSeccion=100796\">un dibujo de Mahoma<\/a>, eso se traduce en protestas violentas frente a embajadas, quemas de banderas, agresiones f\u00edsicas, <a href=\"http:\/\/www.elmundo.es\/elmundo\/2006\/02\/02\/comunicacion\/1138868941.html\">despido de directores de diarios<\/a> (que expresaron su apoyo al caricaturista), y hasta un grupo de fundamentalistas isl\u00e1micos <a href=\"http:\/\/edant.clarin.com\/diario\/2006\/02\/07\/um\/m-01137736.htm\">amenazan con una guerra<\/a>. \u00bfQu\u00e9 dice la izquierda? Que hay que respetar la cultura isl\u00e1mica, que la caricatura fue una provocaci\u00f3n, que la libertad de expresi\u00f3n debe usarse con responsabilidad, que es de mal gusto burlarse de la religi\u00f3n de los dem\u00e1s&#8230; <\/p>\n<p>Susan Sontag se\u00f1al\u00f3, refiri\u00e9ndose a los terroristas del 11 de septiembre: <\/p>\n<blockquote><p>\u201c<em>Lo que intentaban conseguir quienes perpetraron la matanza del 11 de septiembre no era la reparaci\u00f3n de las injusticias cometidas contra el pueblo palestino o el sufrimiento de la gente en la mayor parte del mundo musulm\u00e1n. El atentado fue real. Fue un ataque contra la modernidad (la \u00fanica cultura que posibilita la emancipaci\u00f3n de las mujeres)<\/em>\u201d.<\/p><\/blockquote>\n<p> Esto, claro est\u00e1, nunca se lo vas a leer a un izquierdista, siempre acostumbrado a citar a medias a Sontag, cuyos ensayos puedes encontrar, mochados y censurados, en <a href=\"http:\/\/www.rebelion.org\/noticia.php?id=54121\">rebeli\u00f3n<\/a>, y cualquier site de la izquierda \u00abbien pensante\u00bb. <\/p>\n<p>Y ya que estamos hablando de esto: creo que tambi\u00e9n es hora de reivindicar algunos valores liberales como la propiedad privada, la libertad individual, el derecho que tenemos a dedicarnos a la actividad econ\u00f3mica de nuestra preferencia, el aborto, el matrimonio entre personas del mismo sexo, el respeto a la vida privada, la igualdad entre mujeres y hombres, y sobre todo, el derecho que tenemos a un gobierno limitado. No tengo rollos en asumir que creo en todas esas cosas, y que haciendo una comparaci\u00f3n, un tanto somera y superficial, cualquier sociedad liberal como Holanda o Costa Rica, resulta m\u00e1s feliz que los para\u00edsos socialistas de China, Cuba o Corea del Norte. <\/p>\n<p>En resumen, Harold, yo tambi\u00e9n estoy cansado de ese chantaje moral, de ese irrespeto constante de cierta izquierda que se cree intocable y sagrada, y que perjura que sus ideas son pluscuanperfectas e incuestionables. <\/p>\n<p>Hace poco le hac\u00eda una pregunta a Krisis, que ahora me gustar\u00eda dejar para que los lectores y comentaristas de la p\u00e1gina la respondan: \u00bfDesde cuando la izquierda se cree la reencarnaci\u00f3n del bien y de la verdad? Y ahora agrego otras: \u00bfDebemos aceptar que una tendencia pol\u00edtica nos extorsione y chantajee? \u00bfQui\u00e9n ungi\u00f3 a la izquierda? \u00bfReivindicamos nuestro derecho a cuestionar todo, menos a la izquierda?, y si es as\u00ed \u00bfpor qu\u00e9?<\/p>\n<p><a href=\"https:\/\/i0.wp.com\/www.panfletonegro.com\/v\/wp-content\/uploads\/2010\/10\/mahoma.jpg\"><img data-recalc-dims=\"1\" loading=\"lazy\" decoding=\"async\" data-attachment-id=\"11364\" data-permalink=\"https:\/\/www.panfletonegro.com\/v\/2010\/10\/28\/panfletonegro-es-una-mierda\/mahoma\/\" data-orig-file=\"https:\/\/i0.wp.com\/www.panfletonegro.com\/v\/wp-content\/uploads\/2010\/10\/mahoma.jpg?fit=302%2C382&amp;ssl=1\" data-orig-size=\"302,382\" data-comments-opened=\"1\" data-image-meta=\"{&quot;aperture&quot;:&quot;0&quot;,&quot;credit&quot;:&quot;&quot;,&quot;camera&quot;:&quot;&quot;,&quot;caption&quot;:&quot;&quot;,&quot;created_timestamp&quot;:&quot;0&quot;,&quot;copyright&quot;:&quot;&quot;,&quot;focal_length&quot;:&quot;0&quot;,&quot;iso&quot;:&quot;0&quot;,&quot;shutter_speed&quot;:&quot;0&quot;,&quot;title&quot;:&quot;&quot;}\" data-image-title=\"mahoma\" data-image-description=\"\" data-image-caption=\"\" data-large-file=\"https:\/\/i0.wp.com\/www.panfletonegro.com\/v\/wp-content\/uploads\/2010\/10\/mahoma.jpg?fit=302%2C382&amp;ssl=1\" src=\"https:\/\/i0.wp.com\/www.panfletonegro.com\/v\/wp-content\/uploads\/2010\/10\/mahoma-237x300.jpg?resize=237%2C300\" alt=\"\" title=\"mahoma\" width=\"237\" height=\"300\" class=\"aligncenter size-medium wp-image-11364\" srcset=\"https:\/\/i0.wp.com\/www.panfletonegro.com\/v\/wp-content\/uploads\/2010\/10\/mahoma.jpg?resize=237%2C300&amp;ssl=1 237w, https:\/\/i0.wp.com\/www.panfletonegro.com\/v\/wp-content\/uploads\/2010\/10\/mahoma.jpg?w=302&amp;ssl=1 302w\" sizes=\"auto, (max-width: 237px) 100vw, 237px\" \/><\/a><\/p>\n<p>Si panfletonegro se <a href=\"http:\/\/www.panfletonegro.com\/v\/acerca-de-panfletonegrocom\/\">define<\/a> como una p\u00e1gina an\u00e1rquica y participativa, no veo por qu\u00e9 deba cerrarse a una tendencia, o porque debemos estigmatizar a un militante de cualquier idea, sea liberal, conservador, socialista, o capitalista.<\/p>\n<p>Ahora bien, \u00bfte cansaste de esa vaina? Perfecto. \u00bfTe aburriste del eterno escurrimiento de bulto de ciertos intelectuales izquierdistas, comentaristas habituales de la p\u00e1gina? Eso est\u00e1 bien, y si lo que decidiste es irte, pues adi\u00f3s y suerte. Adem\u00e1s, dices que te vas porque asumes tu ideolog\u00eda, y eso es m\u00e1s que respetable porque, te advierto, desde que te definas como liberal, te van a caer encima para decirte reaccionario, conservador, fascista, lepegasatumama, noquieresatushijos, insensiblesocial, odiasalospobres, niegastuorigen, antilatinoamericano, y dem\u00e1s. Es dif\u00edcil no ser de izquierda en este continente que sigue babe\u00e1ndose por las cursiler\u00edas baratas de los mercenarios de la trova cubana, y la imagen del Che en las T-Shirt que todo jovencito progresista que se respete debe tener en su guardarropa. <\/p>\n<p>Si te ladillaste de panfletonegro, pues ch\u00e9vere, chao. Panfletonegro no es Cuba, no tienes que montarte en una balsa y huir. Basta que no la visites, leas, ni comentes m\u00e1s. Incluso, puedes bloquear la p\u00e1gina (creo que hay una forma de bloquear p\u00e1ginas en Firefox, no estoy seguro) y las cuentas de Twitter y  Facebook, para as\u00ed no verla ni por error.<\/p>\n<p>S\u00f3lo te aclaro: <\/p>\n<p>No hay mentira en el concepto de la p\u00e1gina. Tu puedes libremente ser parte de ella, leyendo, comentando, o si prefieres, convirti\u00e9ndote en articulista. \u00bfQu\u00e9 los art\u00edculos de Sergio son m\u00e1s le\u00eddos? Pues s\u00ed, y ese m\u00e9rito es suyo. <\/p>\n<p>Me extra\u00f1a que un liberal como t\u00fa se queje de las pol\u00e9micas que se arman en el blog y que aumentan las visitas. \u00bfTu no dizque crees en la libre competencia, otro valor liberal? Aqu\u00ed todos somos iguales, y si alguien quiere ponerse a competir en comentarios y visitas con Sergio, pues que lo haga; pero no se queje si sale perdiendo. Las visitas en PN puedes llamarlas la mano visible del mercado. <\/p>\n<p>Yo no escribo para tener comentarios, ni para competir con nadie. Me sabe a \u00f1o\u00f1a cuantos comentarios tenga tal o cual firma de la p\u00e1gina, si quisiera comentaristas abrir\u00eda un foro sobre Justin Bieber. Yo s\u00f3lo aprecio que lean mis textos, y si alguien quiere dejar un comentario y discutir conmigo, pues adelante. <\/p>\n<p>En panfletonegro se respeta la libre expresi\u00f3n de las ideas como en ninguna otra p\u00e1gina en Venezuela (y eso hay decirlo sin pajas). Es una p\u00e1gina an\u00e1rquica porque permite que cualquiera se exprese en ella, sin pasar por filtro alguno (excepto un breve registro en WordPress). Si la mayor\u00eda de los comentaristas y colaboradores son de izquierda, es porque los identificados con la derecha no vienen, o si vienen pronto se molestan porque alguien dice algo que no les gusta y se van. \u00bfLa paradoja? En <a href=\"http:\/\/www.panfletonegro.com\/v\/2010\/08\/11\/reflexiones-de-un-derechista-parte-i\/\">esa discusi\u00f3n<\/a> (la \u00faltima en la que participaste), creo que tanto t\u00fa, como el respetable colaborador de esta p\u00e1gina, <a href=\"http:\/\/www.panfletonegro.com\/v\/author\/lenguaeniple\/\">lenguaeniple<\/a>, ten\u00edan buena parte de la raz\u00f3n y sus brillantes argumentaciones me resultaron m\u00e1s convincentes que las de Krisis.<\/p>\n<p>\u00bfCu\u00e1l guerra?, \u00bfcu\u00e1l bando? Tu problema conmigo surgi\u00f3 porque dije que <a href=\"http:\/\/www.panfletonegro.com\/v\/2010\/08\/17\/la-casa-de-los-bellos-dormidos-sobre-la-foto-de-el-nacional-13-08-2010\/\">la foto de la morgue<\/a> en la primera plana del nacional era una respuesta pol\u00edtica a las infelices risas de Izarra en CNN, y s\u00f3lo por eso dices que soy un \u201cni-ni\u201d, que no me defino. Y te equivocas. Yo me defin\u00ed mucho antes que t\u00fa, desde que compart\u00eda comentarios contigo en Blogacine te debe haber quedado clara mi posici\u00f3n. Por eso jam\u00e1s le he pedido plata al CNAC, ni tampoco me he preocupado por inscribirme en el fucking concurso in\u00e9ditos de monte \u00e1vila. Porque soy coherente con lo que pienso, no tengo doble rasero, ni soy complaciente. En aquellos tiempos t\u00fa eras <a href=\"http:\/\/www.blogacine.com\/2006\/12\/28\/resultados-del-cnac-salio-el-1x1\/\">un comentarista complaciente<\/a> de Blogacine, dec\u00edas que la cr\u00edtica no aportaba nada, y hasta que no te importaba qui\u00e9n te financiara una pel\u00edcula. Yo te contrari\u00e9 varias veces. <\/p>\n<p>Despu\u00e9s, te arrechaste, dejaste el discurso complaciente, t\u00fa sabr\u00e1s por qu\u00e9, y ahora sales con que <a href=\"http:\/\/www.blogacine.com\">Blogacine<\/a> es una p\u00e1gina conceptualmente mentirosa. Vale decir que yo tambi\u00e9n me cans\u00e9 de Blogacine, y por eso dej\u00e9 de comentar ah\u00ed, porque me hart\u00e9 de que me borraran comentarios y me pidieran ser pol\u00edticamente correcto. Aunque no he dejado de leer y compartir su material cuando me parece interesante; am\u00e9n de que yo no soy mezquino como para negar el loable esfuerzo de Carlanga (a quien respeto) por tener un blog que m\u00e1s all\u00e1 de que no comparta su pol\u00edtica de comentarios, sigue siendo una referencia obligada en la red a la hora de saber sobre cine, especialmente venezolano.<\/p>\n<p>Ahora tener una posici\u00f3n clara no me hace renunciar a mi capacidad cr\u00edtica, eso es t\u00edpico de los conversos, imb\u00e9ciles y fan\u00e1ticos. Reivindicar el derecho de El Nacional a expresarse libremente, no significa que aplauda todo lo que hacen, o que voy a ser un lector eunuco sin personalidad, incapaz de contrariar la l\u00ednea del diario. Si para ti \u00abdefinirse claramente\u00bb y \u00abtener bolas\u00bb es ser un militante irreflexivo, pues para m\u00ed no lo es. <\/p>\n<p>Pero en fin, tu eres libre de vivir con tus contradicciones, y yo con las m\u00edas. La libertad es en parte eso, aprender a convivir con la estupidez ajena, y aceptar que los dem\u00e1s tienen derecho a ser contradictorios y absurdos, si les da la gana.<\/p>\n<p>Pero la mentira que realmente me motiv\u00f3 a escribir esta respuesta fue: <\/p>\n<blockquote><p>\u201c<em>Por algo puse esta entrada nada m\u00e1s ac\u00e1, y simplemente le dirig\u00ed un mensaje al Twitter de PN (que maneja JMS), porque es al \u00fanico a quien siento le deb\u00eda alg\u00fan tipo de explicaci\u00f3n, dado que es \u00e9l la raz\u00f3n de mi salida de esa p\u00e1gina.<\/p>\n<p>Simplemente no puedo seguir colaborando para una p\u00e1gina \u00abparticipativa\u00bb que utiliza una cuenta en twitter para tildar de derecha y fascista a cualquier cosa que le parezca mala<\/em>\u201d.<\/p><\/blockquote>\n<p>Mira, Harold, no seas t\u00fa tan mentiroso y hablador de guevonadas. Yo no manejo la cuenta de Twitter, s\u00f3lo tengo acceso a ella, y cuando puedo la uso. Y las veces que la us\u00e9 en t\u00fa caso no fue para llamarte derechista y reaccionario, por el contrario: cuando un post tuyo sali\u00f3 en la p\u00e1gina, pero no se public\u00f3 autom\u00e1ticamente en Tw y Fb, fui yo qui\u00e9n lo hizo manualmente. Del mismo modo, cuando un comentario tuyo no se public\u00f3, porque alguien marc\u00f3 tu mail como spam, fui yo qui\u00e9n lo busc\u00f3 en la carpeta spam y lo puso al aire. Lo mismo pas\u00f3 con otro comentario de un art\u00edculo de tu autor\u00eda que no pod\u00edas comentar por la misma raz\u00f3n. Te escrib\u00ed una vez dici\u00e9ndote que si eso llegaba a ocurrirte otra vez me avisaras para usar mis privilegios de administrador y resolverlo, en el sentido de reivindicar tu derecho de participar libremente y en igualdad de condiciones en esta plataforma. <\/p>\n<p>As\u00ed que no vengas a victimizarte y decir cosas que <strong>no son<\/strong>.<\/p>\n<p>Admito que, en contadas ocasiones, yo varias veces he usado las expresiones \u201cultraderechista\u201d y \u201cfacha\u201d para referirme al chavismo. Y reconozco que en ese sentido me equivoqu\u00e9, aunque, si te interesa, te confieso que varias veces lo he hecho con \u00e1nimo de provocar a algunos interlocutores del chavismo, a quienes precisamente les irrita que les digan as\u00ed. <\/p>\n<p>Pero no es mi pol\u00edtica personal decirle derecha al chavismo, porque qui\u00e9n tiene ese moj\u00f3n mental (como dices t\u00fa) de que Ch\u00e1vez es un derechista disfrazado no soy yo, son otros comentaristas de la p\u00e1gina, autores de la mayor\u00eda de esos tweets que irresponsablemente me atribuyes. <\/p>\n<p>Qui\u00e9n ayer te respondi\u00f3 por Twitter desde la cuenta de la p\u00e1gina no soy yo. Yo jam\u00e1s dir\u00eda que \u00abpudiste cambiar la p\u00e1gina\u00bb, tampoco me referir\u00eda a alguien como ultraderechista, s\u00f3lo porque no est\u00e9 de acuerdo con \u00e9l. En fin, Harold, deja de mentir. Y deja el pique personal, yo no te he hecho un carajo a ti, chico. <\/p>\n<p>De resto, la raz\u00f3n por la que PN te simpatizaba y ahora te deja de simpatizar, te las iba a cuestionar, pero no tengo derecho a hacerlo. All\u00e1 t\u00fa. <\/p>\n<p>Saludos, malintensos. <\/p>\n","protected":false},"excerpt":{"rendered":"<p>Desde ayer en la tarde, cuando le\u00ed el post de Harold L\u00f3pez Garroz, estaba pensando si val\u00eda la pena responderle. Explico, creo que la molestia de Harold es v\u00e1lida en muchos aspectos, principalmente al criticar ese empe\u00f1o, un tanto infantil, que tienen algunos comentaristas de la p\u00e1gina de negarle a Hugo Ch\u00e1vez su condici\u00f3n de [&hellip;]<\/p>\n","protected":false},"author":181,"featured_media":11362,"comment_status":"open","ping_status":"open","sticky":false,"template":"","format":"standard","meta":{"jetpack_post_was_ever_published":false,"_jetpack_newsletter_access":"","_jetpack_dont_email_post_to_subs":false,"_jetpack_newsletter_tier_id":0,"_jetpack_memberships_contains_paywalled_content":false,"_jetpack_memberships_contains_paid_content":false,"footnotes":"","jetpack_publicize_message":"","jetpack_publicize_feature_enabled":true,"jetpack_social_post_already_shared":false,"jetpack_social_options":{"image_generator_settings":{"template":"highway","default_image_id":0,"font":"","enabled":false},"version":2}},"categories":[3],"tags":[],"class_list":{"0":"post-11361","1":"post","2":"type-post","3":"status-publish","4":"format-standard","5":"has-post-thumbnail","7":"category-descontento"},"jetpack_publicize_connections":[],"jetpack_featured_media_url":"https:\/\/i0.wp.com\/www.panfletonegro.com\/v\/wp-content\/uploads\/2010\/10\/che_guevara.jpg?fit=473%2C611&ssl=1","jetpack_shortlink":"https:\/\/wp.me\/pfpCD-2Xf","jetpack_sharing_enabled":true,"_links":{"self":[{"href":"https:\/\/www.panfletonegro.com\/v\/wp-json\/wp\/v2\/posts\/11361","targetHints":{"allow":["GET"]}}],"collection":[{"href":"https:\/\/www.panfletonegro.com\/v\/wp-json\/wp\/v2\/posts"}],"about":[{"href":"https:\/\/www.panfletonegro.com\/v\/wp-json\/wp\/v2\/types\/post"}],"author":[{"embeddable":true,"href":"https:\/\/www.panfletonegro.com\/v\/wp-json\/wp\/v2\/users\/181"}],"replies":[{"embeddable":true,"href":"https:\/\/www.panfletonegro.com\/v\/wp-json\/wp\/v2\/comments?post=11361"}],"version-history":[{"count":0,"href":"https:\/\/www.panfletonegro.com\/v\/wp-json\/wp\/v2\/posts\/11361\/revisions"}],"wp:featuredmedia":[{"embeddable":true,"href":"https:\/\/www.panfletonegro.com\/v\/wp-json\/wp\/v2\/media\/11362"}],"wp:attachment":[{"href":"https:\/\/www.panfletonegro.com\/v\/wp-json\/wp\/v2\/media?parent=11361"}],"wp:term":[{"taxonomy":"category","embeddable":true,"href":"https:\/\/www.panfletonegro.com\/v\/wp-json\/wp\/v2\/categories?post=11361"},{"taxonomy":"post_tag","embeddable":true,"href":"https:\/\/www.panfletonegro.com\/v\/wp-json\/wp\/v2\/tags?post=11361"}],"curies":[{"name":"wp","href":"https:\/\/api.w.org\/{rel}","templated":true}]}}