{"id":11316,"date":"2010-10-27T05:17:44","date_gmt":"2010-10-27T09:47:44","guid":{"rendered":"http:\/\/www.panfletonegro.com\/v\/?p=11316"},"modified":"2010-11-29T09:50:49","modified_gmt":"2010-11-29T14:20:49","slug":"mario-silva-lo-hizo-de-nuevo","status":"publish","type":"post","link":"https:\/\/www.panfletonegro.com\/v\/2010\/10\/27\/mario-silva-lo-hizo-de-nuevo\/","title":{"rendered":"Viejo atrevido pasa pena (Mario Silva lo hizo de nuevo)"},"content":{"rendered":"<p style=\"text-align: justify\">\n<p style=\"text-align: center\"><a title=\"ImageShack - Image And Video Hosting\" href=\"https:\/\/i0.wp.com\/img809.imageshack.us\/i\/mariosilvaalejandrohern.jpg\/\" target=\"_blank\"><img data-recalc-dims=\"1\" loading=\"lazy\" decoding=\"async\" class=\"aligncenter\" style=\"border: 0px initial initial\" src=\"https:\/\/i0.wp.com\/img809.imageshack.us\/img809\/6585\/mariosilvaalejandrohern.jpg?resize=540%2C346\" border=\"0\" alt=\"\" width=\"540\" height=\"346\" \/><\/a><\/p>\n<p style=\"text-align: justify\">En mi pa\u00eds, Venezuela, caben teor\u00edas de conspiraci\u00f3n paranoicas, animales y haladas por los cabellos, en cualquier proyecto que se piense, se ejecute y se mantenga exitosamente. No nos diferenciamos de otros menos afortunados pero s\u00f3lo aqu\u00ed es risible; lo hacen risible y generalmente, s\u00f3lo nos re\u00edmos hasta que se siente la bota en el cuello. \u00bfAlguien\u00a0le puede explicar a <strong>Mario Silva<\/strong> c\u00f3mo funciona la juventud, la inteligencia, el libre pensamiento, el acceso a la informaci\u00f3n y el proceso de aprendizaje en las nuevas generaciones? No, mejor no. Luego podr\u00eda ganar una elecci\u00f3n y, los menores de 30 a\u00f1os, corremos el riesgo de que no haya entendido del todo.<\/p>\n<p style=\"text-align: justify\">Este fragmento en video de su discurso repetido \u2013 ver <a href=\"http:\/\/www.twitvid.com\/WI1XP\">aqu\u00ed<\/a> (TwitVid)-, en el que ataca la producci\u00f3n de los v\u00eddeos humor\u00edsticos de <a href=\"http:\/\/www.twitter.com\/alejandro_mhr\">Alejandro Hern\u00e1ndez<\/a>, un chamo de 19 a\u00f1os, quien cuelga su bueninvento en Youtube como <a href=\"http:\/\/www.youtube.com\/user\/AlejandroHshow\">The Alejandro Hern\u00e1ndez Show<\/a>, no es m\u00e1s que el berrinche de todos los d\u00edas pero &#8211; desgraciadamente- esta vez lo vi, aupado en importancia por retweets en Twitter. En parte,<strong> Silva <\/strong>suena como la maestra de Charlie Brown pero, al procesarlo, molesta porque es demasiada la pena ajena. Al fallar calificando la actitud de <a href=\"http:\/\/twitter.com\/alejandro_mhr\">Alejandro <\/a>&#8211; nombr\u00e1ndola como \u2018emo\u2019-, me recuerda al pap\u00e1 de cualquiera cuando dice\u00a0en p\u00fablico una bestialidad, tratando de citar o de hablar de lo que le gusta a su hijo. Es una falta de verg\u00fcenza que gente de cierta edad la ponga tan f\u00e1cil. <a href=\"http:\/\/www.youtube.com\/user\/AlejandroHshow\">The Alejandro Hernandez Show<\/a> es demasiado fino. \u00bfSe van a picar porque \u2013 presumen que- el chamo no es chavista? Sean serios.<\/p>\n<p style=\"text-align: justify\">Me parece que hay una cuenta que no les cuadra. El creador del show virtual es inteligente, talentoso, tiene obvias habilidades para desarrollar un proyecto coherente dentro de sus intensiones, construye un discurso, lo comunica, capta la atenci\u00f3n de un n\u00famero importante de personas y \u00bfno es chavista?. No puede ser. Esta gente, los opositores, \u00bfno son inv\u00e1lidos mentales? \u00a1Ay, chamo! Nada qu\u00e9 hacer con \u00e9l. El discurso no va por <a href=\"http:\/\/twitter.com\/alejandro_mhr\">Alejandro<\/a>; va por el futuro. Inventan algo absurdo, cualquier cosa, un temor nebuloso para fomentar sospechas de peligro en la psiquis del individuo, advertirlo sobre lo que piensa antes de que eso lo convierta en un ser banal, un alborotador, un instrumento de lo temido, un foco de atenci\u00f3n para el poder o una amenaza a la seguridad nacional. Por si acaso, que nadie se atreva a cualquier cosa. Quien est\u00e1 picado de culebra (\u2026) As\u00ed lo deja claro frente a la c\u00e1mara.<\/p>\n<p style=\"text-align: justify\">La verdad es que ni siquiera se acercan. <a href=\"http:\/\/twitter.com\/alejandro_mhr\">Alejandro<\/a> no hace un show pol\u00edtico y no podr\u00eda saber con seguridad si tiene una posici\u00f3n en el tema. Me parece una persona reinterpretando su cotidianidad. Es m\u00e1s, no es el contenido pol\u00edtico de los videos lo que debe discutirse ya que es parte de la teor\u00eda absurda de <strong>La Hojilla <\/strong>sino c\u00f3mo hacer acusaciones paranoicas e intervenir lo que se desconoce, planteando un debate con argumentos levantados con prejuicios culturales y sociales, es irresponsable, insostenible, llor\u00f3n y m\u00e1s pero no tengo ganas de redundar en lo que, ya sabemos, es una estafa comunicacional en el canal -que alg\u00fan d\u00eda ser\u00e1- de todos los venezolanos.<\/p>\n<p style=\"text-align: justify\">Si Alejandro hace chiste de Tibisay Lucena o los cortes de luz, es porque la juventud desconoce el poder. No lo disminuye ni lo enaltece. No es que \u2018ser chavista no est\u00e1 de moda\u2019 sino que para la mayor\u00eda de los j\u00f3venes ning\u00fan pol\u00edtico lo est\u00e1, aunque le d\u00e9 su voto a alguno. No creo que valga la pena organizarle las ideas al programa porque puede ser que en <strong>La Hojilla<\/strong> quisieran recaer en\u00a0 la terminolog\u00eda superficial y mal empleada, referirse a los intereses de los j\u00f3venes y s\u00f3lo hablar de moda para anularlos y mutilarlos intelectualmente. Accidentalmente, en el discurso, la Revoluci\u00f3n Bolivariana vuelve a quedar empacada como un producto y uno puede verle alg\u00fan sentido triste a aquel <a href=\"http:\/\/irresponsabilidad.blogspot.com\/2008\/11\/psuv-juventud-caravana-alegria-musica.html\">concierto pre electoral<\/a> que nos quiso integrar a modas pasadas. En serio, \u00bfno se dieron cuenta de que as\u00ed no funciona?<\/p>\n<p style=\"text-align: justify\">Para los j\u00f3venes est\u00e1 \u2018de moda\u2019 ser alguien, tomar el control de sus vidas, ser peque\u00f1os adultos. Para lograrlo, consumen informaci\u00f3n, acumulan conocimientos, intentan llevar a cabo cualquier proyecto y obtener un reconocimiento precoz por ello. Esos no arrugan si no van a planchar.\u00a0Yo, m\u00e1s cerca de los treinta que de los veinte, hago tres cursos de edici\u00f3n de video antes de aventurarme a algo como lo que hace <a href=\"http:\/\/twitter.com\/alejandro_mhr\">Alejandro Hern\u00e1ndez<\/a>; mientras, mi hermana de dieciocho lee la Enciclopedia Brit\u00e1nica, aprende a tocar el bajo en cursos virtuales y, si Youtube le dice c\u00f3mo, te hipnotiza. Ejemplos extremos, puede ser; pero el chamo es bueno en lo que hace, s\u00f3lo eso. Hay genios m\u00e1s destacados y m\u00e1s malvados: <a href=\"http:\/\/el-nacional.com\/www\/site\/p_contenido.php?q=nodo\/95466\/Tecnolog%C3%ADa\/Capturan-hacker-venezolano-que-atac%C3%B3-p%C3%A1ginas-del-gobierno\">el pana que\u00a0 sabote\u00f3 las p\u00e1ginas del Estado<\/a>, por nombrar alguno.<\/p>\n<p style=\"text-align: justify\">Que nadie se sienta rega\u00f1ado, los viejos nunca han respetado la irreverencia y \u00e9stos, menos. Cuando lo escribo, siento que sumo una oraci\u00f3n de paja porque no me sorprende. Lo que siento es l\u00e1stima por el fan\u00e1tico, por quien no puede admirar lo hecho por otro, tolerando aquello en lo que no congenia con el autor. <a href=\"http:\/\/es.wikipedia.org\/wiki\/Silvio_Rodr%C3%ADguez\">Silvio Rodr\u00edguez<\/a> es uno de mis h\u00e9roes musicales y preg\u00fantame qu\u00e9 siento en los ovarios cuando habla de la Revoluci\u00f3n Cubana.<\/p>\n<p style=\"text-align: justify\">Que me disculpe <a href=\"http:\/\/twitter.com\/alejandro_mhr\">Alejandro<\/a> si quer\u00eda restarle importancia al episodio de La Hojilla, en el que le toc\u00f3 ser protagonista de la man\u00eda persecutoria y villano en el sentimiento de misi\u00f3n especial en la vida. Ese nombramiento es parte del fulano reconocimiento precoz. Ignorarlo era lo m\u00e1s adecuado, hasta que alguien como yo se pregunta qui\u00e9n ten\u00eda una idea genial y le dar\u00e1 <em>delete<\/em> para evitarse la posible angustia y la atenci\u00f3n de los malasangre. No s\u00e9. C\u00f3mo saber si alguien se ahorrar\u00e1 algunos chistes. Nadie sabe.<\/p>\n<p style=\"text-align: justify\">\n<p style=\"text-align: justify\">\n<p style=\"text-align: justify\">\n<p style=\"text-align: justify\">\n<p style=\"text-align: justify\">\n","protected":false},"excerpt":{"rendered":"<p>En mi pa\u00eds, Venezuela, caben teor\u00edas de conspiraci\u00f3n paranoicas, animales y haladas por los cabellos, en cualquier proyecto que se piense, se ejecute y se mantenga exitosamente. No nos diferenciamos de otros menos afortunados pero s\u00f3lo aqu\u00ed es risible; lo hacen risible y generalmente, s\u00f3lo nos re\u00edmos hasta que se siente la bota en el cuello. \u00bfAlguien le puede explicar a Mario Silva c\u00f3mo funciona la juventud, la inteligencia, el libre pensamiento, el acceso a la informaci\u00f3n y el proceso de aprendizaje en las nuevas generaciones? No, mejor no. Luego podr\u00eda ganar una elecci\u00f3n y, los menores de 30 a\u00f1os, corremos el riesgo de que no haya entendido del todo.<\/p>\n","protected":false},"author":1196,"featured_media":0,"comment_status":"open","ping_status":"open","sticky":false,"template":"","format":"standard","meta":{"jetpack_post_was_ever_published":false,"_jetpack_newsletter_access":"","_jetpack_dont_email_post_to_subs":false,"_jetpack_newsletter_tier_id":0,"_jetpack_memberships_contains_paywalled_content":false,"_jetpack_memberships_contains_paid_content":false,"footnotes":"","jetpack_publicize_message":"","jetpack_publicize_feature_enabled":true,"jetpack_social_post_already_shared":false,"jetpack_social_options":{"image_generator_settings":{"template":"highway","default_image_id":0,"font":"","enabled":false},"version":2}},"categories":[3],"tags":[794,603,796,797,798,59,795,44,800,799],"class_list":{"0":"post-11316","1":"post","2":"type-post","3":"status-publish","4":"format-standard","6":"category-descontento","7":"tag-alejandro-hernandez","8":"tag-censura","9":"tag-la-hojilla","10":"tag-mario-silva","11":"tag-medios-de-comunicacion","12":"tag-politica-venezolana","13":"tag-the-alejandro-hernandez-show","14":"tag-venezuela","15":"tag-vtv","16":"tag-youtube"},"jetpack_publicize_connections":[],"jetpack_featured_media_url":"","jetpack_shortlink":"https:\/\/wp.me\/pfpCD-2Ww","jetpack_sharing_enabled":true,"_links":{"self":[{"href":"https:\/\/www.panfletonegro.com\/v\/wp-json\/wp\/v2\/posts\/11316","targetHints":{"allow":["GET"]}}],"collection":[{"href":"https:\/\/www.panfletonegro.com\/v\/wp-json\/wp\/v2\/posts"}],"about":[{"href":"https:\/\/www.panfletonegro.com\/v\/wp-json\/wp\/v2\/types\/post"}],"author":[{"embeddable":true,"href":"https:\/\/www.panfletonegro.com\/v\/wp-json\/wp\/v2\/users\/1196"}],"replies":[{"embeddable":true,"href":"https:\/\/www.panfletonegro.com\/v\/wp-json\/wp\/v2\/comments?post=11316"}],"version-history":[{"count":0,"href":"https:\/\/www.panfletonegro.com\/v\/wp-json\/wp\/v2\/posts\/11316\/revisions"}],"wp:attachment":[{"href":"https:\/\/www.panfletonegro.com\/v\/wp-json\/wp\/v2\/media?parent=11316"}],"wp:term":[{"taxonomy":"category","embeddable":true,"href":"https:\/\/www.panfletonegro.com\/v\/wp-json\/wp\/v2\/categories?post=11316"},{"taxonomy":"post_tag","embeddable":true,"href":"https:\/\/www.panfletonegro.com\/v\/wp-json\/wp\/v2\/tags?post=11316"}],"curies":[{"name":"wp","href":"https:\/\/api.w.org\/{rel}","templated":true}]}}