{"id":11220,"date":"2010-10-20T19:16:30","date_gmt":"2010-10-20T23:46:30","guid":{"rendered":"http:\/\/www.panfletonegro.com\/v\/?p=11220"},"modified":"2010-10-20T19:17:03","modified_gmt":"2010-10-20T23:47:03","slug":"gaycidio-en-uganda-y-agenda-politica","status":"publish","type":"post","link":"https:\/\/www.panfletonegro.com\/v\/2010\/10\/20\/gaycidio-en-uganda-y-agenda-politica\/","title":{"rendered":"Gaycidio en Uganda y Agenda Pol\u00edtica"},"content":{"rendered":"<p><a href=\"https:\/\/i0.wp.com\/www.panfletonegro.com\/v\/wp-content\/uploads\/2010\/10\/IdiAmin.jpg\"><img data-recalc-dims=\"1\" loading=\"lazy\" decoding=\"async\" data-attachment-id=\"11221\" data-permalink=\"https:\/\/www.panfletonegro.com\/v\/2010\/10\/20\/gaycidio-en-uganda-y-agenda-politica\/idiamin\/\" data-orig-file=\"https:\/\/i0.wp.com\/www.panfletonegro.com\/v\/wp-content\/uploads\/2010\/10\/IdiAmin.jpg?fit=303%2C373&amp;ssl=1\" data-orig-size=\"303,373\" data-comments-opened=\"1\" data-image-meta=\"{&quot;aperture&quot;:&quot;0&quot;,&quot;credit&quot;:&quot;&quot;,&quot;camera&quot;:&quot;&quot;,&quot;caption&quot;:&quot;&quot;,&quot;created_timestamp&quot;:&quot;0&quot;,&quot;copyright&quot;:&quot;&quot;,&quot;focal_length&quot;:&quot;0&quot;,&quot;iso&quot;:&quot;0&quot;,&quot;shutter_speed&quot;:&quot;0&quot;,&quot;title&quot;:&quot;&quot;}\" data-image-title=\"IdiAmin\" data-image-description=\"\" data-image-caption=\"\" data-large-file=\"https:\/\/i0.wp.com\/www.panfletonegro.com\/v\/wp-content\/uploads\/2010\/10\/IdiAmin.jpg?fit=303%2C373&amp;ssl=1\" class=\"aligncenter size-medium wp-image-11221\" src=\"https:\/\/i0.wp.com\/www.panfletonegro.com\/v\/wp-content\/uploads\/2010\/10\/IdiAmin-243x300.jpg?resize=243%2C300\" alt=\"\" width=\"243\" height=\"300\" srcset=\"https:\/\/i0.wp.com\/www.panfletonegro.com\/v\/wp-content\/uploads\/2010\/10\/IdiAmin.jpg?resize=243%2C300&amp;ssl=1 243w, https:\/\/i0.wp.com\/www.panfletonegro.com\/v\/wp-content\/uploads\/2010\/10\/IdiAmin.jpg?w=303&amp;ssl=1 303w\" sizes=\"auto, (max-width: 243px) 100vw, 243px\" \/><\/a><\/p>\n<blockquote>\n<h6 style=\"text-align: left\"><em>Gay =  Adj. Perteneciente o relativo a la Homosexualidad.<br \/>\n-cidio = (Del lat. -cid\u012dum, de la ra\u00edz de caed\u0115re, matar) elem. compos. Significa &#8216;acci\u00f3n de matar&#8217;.<\/em><\/h6>\n<\/blockquote>\n<p>\u201cMatar Gays\u201d forma parte de la Agenda Pol\u00edtica ugandesa actual. Uno podr\u00eda preguntarse : \u00bfQu\u00e9 demonios me importa lo que actualmente ocurre en Uganda?  \u00bfQu\u00e9 tiene que ver el asesinato selectivo de grupos LGBT en un pa\u00eds africano con cualquier otro tipo de persecuci\u00f3n y cualquier otra parte del mundo?  Persecuci\u00f3n es persecuci\u00f3n bien sea contra jud\u00edos, cristianos, hombres, mujeres, homosexuales, negros, verdes, amarillos, grandes, peque\u00f1os,etc, etc, m\u00e1s cuando la \u201csubhumanizaci\u00f3n\u201d que se nos viene encima -en pleno siglo XXI- avanza a pasos gigantescos.<\/p>\n<p>Esta semana, los medios de comunicaci\u00f3n ugandeses hicieron un \u201cOuting\u201d, o \u201cSacaron del cl\u00f3set\u201d, a mas de 100 ugandeses, incluyendo militares, miembros del clero, pol\u00edticos, artistas y otros civiles. Muchos ya han pasado a la clandestinidad, ya que unos han sido arrestados (la homosexualidad es ilegal en Uganda), otros han sido asesinados y muchos torturados.<\/p>\n<p>El gobierno ugand\u00e9s (Aunque se puede sustituir Uganda, por el nombre de cualquier otro pa\u00eds) lleva a\u00f1os usando los medios de comunicaci\u00f3n, tanto los oficiales del Estado y los pocos Privados, como arma pol\u00edtica en contra de sectores espec\u00edficos de la sociedad. La moda actual en Latinoam\u00e9rica es ir contra los capitalistas, contra las supuestas monarco-oligarqu\u00edas y contra los millones de agentes de la CIA que populan en todos y cada uno de los rincones, entres otras cosas. En Europa, la moda es ser anti-inmigraci\u00f3n, anti-islam, y , por mas que parezca incre\u00edble, anti-progreso.<\/p>\n<p>Estas modas, que no son mas que Agendas Pol\u00edticas, bien, pero muy bien planificadas, siguen y seguir\u00e1n permanentemente pisando los principios Universales, bien jeffersonianos y bien Republicanos, de Igualdad (o desde el punto de vista pr\u00e1ctico, apariencia de Igualdad) ante la Ley.<\/p>\n<p>El gran principio orwelliano \u201cTodos los animales son iguales, pero algunos animales son m\u00e1s iguales que otros\u201d por siempre &#8230; y para siempre.<\/p>\n<p>Si la Agenda Pol\u00edtica sirve para mantenerse en el Poder, cualquier gobierno nunca pondr\u00e1 en duda su aplicaci\u00f3n.<\/p>\n<p>Si para aplicar cualquier Agenda Pol\u00edtica el gobierno pondera que debe pasar la \u201cAplanadora del Estado\u201d \u2026 j\u00farese que lo har\u00e1 inmisericordemente.<\/p>\n<p>La Alemania Nazi contra los Jud\u00edos y otras minor\u00edas, durante el Holocausto.<br \/>\nLos Serbios contra los musulmanes bosnios.<br \/>\nLos Ugandeses contra los Homosexuales.<br \/>\nLa Aplanadora del Estados contra ciertos grupos espec\u00edficos. \u2026 en Latinoam\u00e9rica. \u2026 \u00bfD\u00f3nde he escuchado esa frase?&#8230;\u00bfD\u00f3nde? &#8230;<\/p>\n","protected":false},"excerpt":{"rendered":"<p>Gay = Adj. Perteneciente o relativo a la Homosexualidad. -cidio = (Del lat. -cid\u012dum, de la ra\u00edz de caed\u0115re, matar) elem. compos. Significa &#8216;acci\u00f3n de matar&#8217;. \u201cMatar Gays\u201d forma parte de la Agenda Pol\u00edtica ugandesa actual. Uno podr\u00eda preguntarse : \u00bfQu\u00e9 demonios me importa lo que actualmente ocurre en Uganda? \u00bfQu\u00e9 tiene que ver el [&hellip;]<\/p>\n","protected":false},"author":1410,"featured_media":11221,"comment_status":"open","ping_status":"open","sticky":false,"template":"","format":"standard","meta":{"jetpack_post_was_ever_published":false,"_jetpack_newsletter_access":"","_jetpack_dont_email_post_to_subs":false,"_jetpack_newsletter_tier_id":0,"_jetpack_memberships_contains_paywalled_content":false,"_jetpack_memberships_contains_paid_content":false,"footnotes":"","jetpack_publicize_message":"","jetpack_publicize_feature_enabled":true,"jetpack_social_post_already_shared":false,"jetpack_social_options":{"image_generator_settings":{"template":"highway","default_image_id":0,"font":"","enabled":false},"version":2}},"categories":[6],"tags":[793,67,396,461,760,124,136],"class_list":{"0":"post-11220","1":"post","2":"type-post","3":"status-publish","4":"format-standard","5":"has-post-thumbnail","7":"category-confesionario","8":"tag-africa","9":"tag-critica","10":"tag-homofobia","11":"tag-homosexualidad","12":"tag-nazismo","13":"tag-politica","14":"tag-violencia"},"jetpack_publicize_connections":[],"jetpack_featured_media_url":"https:\/\/i0.wp.com\/www.panfletonegro.com\/v\/wp-content\/uploads\/2010\/10\/IdiAmin.jpg?fit=303%2C373&ssl=1","jetpack_shortlink":"https:\/\/wp.me\/pfpCD-2UY","jetpack_sharing_enabled":true,"_links":{"self":[{"href":"https:\/\/www.panfletonegro.com\/v\/wp-json\/wp\/v2\/posts\/11220","targetHints":{"allow":["GET"]}}],"collection":[{"href":"https:\/\/www.panfletonegro.com\/v\/wp-json\/wp\/v2\/posts"}],"about":[{"href":"https:\/\/www.panfletonegro.com\/v\/wp-json\/wp\/v2\/types\/post"}],"author":[{"embeddable":true,"href":"https:\/\/www.panfletonegro.com\/v\/wp-json\/wp\/v2\/users\/1410"}],"replies":[{"embeddable":true,"href":"https:\/\/www.panfletonegro.com\/v\/wp-json\/wp\/v2\/comments?post=11220"}],"version-history":[{"count":0,"href":"https:\/\/www.panfletonegro.com\/v\/wp-json\/wp\/v2\/posts\/11220\/revisions"}],"wp:featuredmedia":[{"embeddable":true,"href":"https:\/\/www.panfletonegro.com\/v\/wp-json\/wp\/v2\/media\/11221"}],"wp:attachment":[{"href":"https:\/\/www.panfletonegro.com\/v\/wp-json\/wp\/v2\/media?parent=11220"}],"wp:term":[{"taxonomy":"category","embeddable":true,"href":"https:\/\/www.panfletonegro.com\/v\/wp-json\/wp\/v2\/categories?post=11220"},{"taxonomy":"post_tag","embeddable":true,"href":"https:\/\/www.panfletonegro.com\/v\/wp-json\/wp\/v2\/tags?post=11220"}],"curies":[{"name":"wp","href":"https:\/\/api.w.org\/{rel}","templated":true}]}}