{"id":10937,"date":"2010-10-07T20:48:36","date_gmt":"2010-10-08T01:18:36","guid":{"rendered":"http:\/\/www.panfletonegro.com\/v\/?p=10937"},"modified":"2010-10-07T20:48:36","modified_gmt":"2010-10-08T01:18:36","slug":"yo-me-alisto-tu-te-nazificas","status":"publish","type":"post","link":"https:\/\/www.panfletonegro.com\/v\/2010\/10\/07\/yo-me-alisto-tu-te-nazificas\/","title":{"rendered":"Yo me Alisto, T\u00fa te Nazificas"},"content":{"rendered":"<p><a href=\"https:\/\/i0.wp.com\/www.panfletonegro.com\/v\/wp-content\/uploads\/2010\/10\/adolfo-hitler.jpg\"><img data-recalc-dims=\"1\" loading=\"lazy\" decoding=\"async\" data-attachment-id=\"10949\" data-permalink=\"https:\/\/www.panfletonegro.com\/v\/2010\/10\/07\/yo-me-alisto-tu-te-nazificas\/adolfo-hitler\/\" data-orig-file=\"https:\/\/i0.wp.com\/www.panfletonegro.com\/v\/wp-content\/uploads\/2010\/10\/adolfo-hitler.jpg?fit=344%2C457&amp;ssl=1\" data-orig-size=\"344,457\" data-comments-opened=\"1\" data-image-meta=\"{&quot;aperture&quot;:&quot;0&quot;,&quot;credit&quot;:&quot;&quot;,&quot;camera&quot;:&quot;&quot;,&quot;caption&quot;:&quot;&quot;,&quot;created_timestamp&quot;:&quot;0&quot;,&quot;copyright&quot;:&quot;&quot;,&quot;focal_length&quot;:&quot;0&quot;,&quot;iso&quot;:&quot;0&quot;,&quot;shutter_speed&quot;:&quot;0&quot;,&quot;title&quot;:&quot;&quot;}\" data-image-title=\"adolfo-hitler\" data-image-description=\"\" data-image-caption=\"\" data-large-file=\"https:\/\/i0.wp.com\/www.panfletonegro.com\/v\/wp-content\/uploads\/2010\/10\/adolfo-hitler.jpg?fit=344%2C457&amp;ssl=1\" src=\"https:\/\/i0.wp.com\/www.panfletonegro.com\/v\/wp-content\/uploads\/2010\/10\/adolfo-hitler-150x150.jpg?resize=150%2C150\" alt=\"\" width=\"150\" height=\"150\" class=\"aligncenter size-thumbnail wp-image-10949\" srcset=\"https:\/\/i0.wp.com\/www.panfletonegro.com\/v\/wp-content\/uploads\/2010\/10\/adolfo-hitler.jpg?resize=150%2C150&amp;ssl=1 150w, https:\/\/i0.wp.com\/www.panfletonegro.com\/v\/wp-content\/uploads\/2010\/10\/adolfo-hitler.jpg?zoom=2&amp;resize=150%2C150&amp;ssl=1 300w\" sizes=\"auto, (max-width: 150px) 100vw, 150px\" \/><\/a>La Nazificaci\u00f3n y \u00abSupositorizaci\u00f3n\u00bb de la Sociedad, en general,  que se viene aplicando, est\u00e0 brillantemente planificada por el Gobierno\/Reich. Recibo m\u00faltiples mensajes en la ma\u00f1ana, bien temprano. Familiares, amigos y desconocidos envi\u00e1ndome los requisitos para \u00abinscribirme\u00bb en el registro militar seg\u00fan la Ley de Conscripci\u00f3n y Alistamiento Militar (LCAM). Peri\u00f3dicos, diarios, Twitter, Facebook y Portales llenos de mil y un comentarios y llenos de opinadores de oficio, oficiando misa.  Informaciones van, informaciones vienen.  Algunos hablan de la militarizaci\u00f3n de la Sociedad (Sociedad Civil que tiene una visi\u00f3n m\u00e1s militarista, que la de los mismos militares). <\/p>\n<p>Siguen llegando mensajes. Ahora que el plazo lo movieron para un fecha m\u00e1s lejana, ahora que no tiene plazo &#8230; y el plazo&#8230;el placismo eterno que nos hace ser lo que somos (Burocr\u00e1ticamente, el papelito del papelito para que te den otro papelito, saecula saeculorum).<\/p>\n<p>Busco &#8230;y sigo buscando&#8230;y nada, un  demonio. No consigo alguien que diga \u00abSe\u00f1oras y Se\u00f1ores, Peque\u00f1os Fuhrers &#8230;relax&#8230;cuenten:  Uno&#8230;dos&#8230;tres&#8230;y visualicen la susodicha cosa esa de alistamiento&#8230;ahora imag\u00ednense que se convierte lentamente en un&#8230;en un&#8230; un &#8230;.Supositorio&#8230;as\u00ed es&#8230;visual\u00edcenlo&#8230;un Supositorio&#8230;.ya saben que hacer con \u00e9l&#8230;Gracias. La Gerencia.\u00bb (Escribo esta Idiotez para no decir lo que prosaicamente debe ser dicho!)<\/p>\n<p>Nadie. Nadie&#8230;mientras llegan m\u00e1s mensajes con los fulanos \u00abrequisitos\u00bb.<\/p>\n<p>La nazificacion contin\u00faa y no se avizoran personas lo suficientemente capaces para detenerla. Entra en vigencia la pseudo-ley y la persona \u00abdecente\u00bb dentro de nosotros se esconde, se sustituye la Resistencia (la cual nunca hubo), por la Decadencia.  Es como si durante una violaci\u00f3n grupal, la v\u00edctima le pidiera a los violadores que mantuvieran el orden y que cada quien respetara su turno.<\/p>\n<p>Cuando en una p\u00e1gina web pro-gobierno, reclaman de una manera m\u00e1s seria, fuerte, concisa y practica (!!!) m\u00e1s que la MUD y el resto de la sociedad contra la aplicaci\u00f3n de la LCAM, \u00bfQu\u00e9 nos queda? Una indefensi\u00f3n total y absoluta. Si el Reich decide pasar la aplanadora, es muy dif\u00edcil detenerle, mas cuando nosotros mismo le se\u00f1alamos el trayecto a seguir.<br \/>\nSencillamente somos despreciados (y des-preciables )por el Estado. <\/p>\n<p>Se  le aplica a todos y cada uno el principio nacionalsocialista de <em>\u00abLebensunwertes Leben\u00bb<\/em> o de \u00abVida indigna de ser vivida\u00bb. La categorizaci\u00f3n que lleva a exclusi\u00f3n y la militarizaci\u00f3n que lleva a exterminaci\u00f3n tienen el campo abierto. Algo huele mal en Dinamarca y no fue el cad\u00e1ver exquisito que deje guardado all\u00ed. <\/p>\n","protected":false},"excerpt":{"rendered":"<p>La Nazificaci\u00f3n y \u00abSupositorizaci\u00f3n\u00bb de la Sociedad, en general, que se viene aplicando, est\u00e0 brillantemente planificada por el Gobierno\/Reich. Recibo m\u00faltiples mensajes en la ma\u00f1ana, bien temprano. Familiares, amigos y desconocidos envi\u00e1ndome los requisitos para \u00abinscribirme\u00bb en el registro militar seg\u00fan la Ley de Conscripci\u00f3n y Alistamiento Militar (LCAM). Peri\u00f3dicos, diarios, Twitter, Facebook y Portales [&hellip;]<\/p>\n","protected":false},"author":1410,"featured_media":10939,"comment_status":"open","ping_status":"open","sticky":false,"template":"","format":"standard","meta":{"jetpack_post_was_ever_published":false,"_jetpack_newsletter_access":"","_jetpack_dont_email_post_to_subs":false,"_jetpack_newsletter_tier_id":0,"_jetpack_memberships_contains_paywalled_content":false,"_jetpack_memberships_contains_paid_content":false,"footnotes":"","jetpack_publicize_message":"","jetpack_publicize_feature_enabled":true,"jetpack_social_post_already_shared":false,"jetpack_social_options":{"image_generator_settings":{"template":"highway","default_image_id":0,"font":"","enabled":false},"version":2}},"categories":[6],"tags":[67,198,777,760,124,59,136],"class_list":{"0":"post-10937","1":"post","2":"type-post","3":"status-publish","4":"format-standard","5":"has-post-thumbnail","7":"category-confesionario","8":"tag-critica","9":"tag-historia","10":"tag-mud","11":"tag-nazismo","12":"tag-politica","13":"tag-politica-venezolana","14":"tag-violencia"},"jetpack_publicize_connections":[],"jetpack_featured_media_url":"https:\/\/i0.wp.com\/www.panfletonegro.com\/v\/wp-content\/uploads\/2010\/10\/HitlerLey.jpg?fit=260%2C192&ssl=1","jetpack_shortlink":"https:\/\/wp.me\/pfpCD-2Qp","jetpack_sharing_enabled":true,"_links":{"self":[{"href":"https:\/\/www.panfletonegro.com\/v\/wp-json\/wp\/v2\/posts\/10937","targetHints":{"allow":["GET"]}}],"collection":[{"href":"https:\/\/www.panfletonegro.com\/v\/wp-json\/wp\/v2\/posts"}],"about":[{"href":"https:\/\/www.panfletonegro.com\/v\/wp-json\/wp\/v2\/types\/post"}],"author":[{"embeddable":true,"href":"https:\/\/www.panfletonegro.com\/v\/wp-json\/wp\/v2\/users\/1410"}],"replies":[{"embeddable":true,"href":"https:\/\/www.panfletonegro.com\/v\/wp-json\/wp\/v2\/comments?post=10937"}],"version-history":[{"count":0,"href":"https:\/\/www.panfletonegro.com\/v\/wp-json\/wp\/v2\/posts\/10937\/revisions"}],"wp:featuredmedia":[{"embeddable":true,"href":"https:\/\/www.panfletonegro.com\/v\/wp-json\/wp\/v2\/media\/10939"}],"wp:attachment":[{"href":"https:\/\/www.panfletonegro.com\/v\/wp-json\/wp\/v2\/media?parent=10937"}],"wp:term":[{"taxonomy":"category","embeddable":true,"href":"https:\/\/www.panfletonegro.com\/v\/wp-json\/wp\/v2\/categories?post=10937"},{"taxonomy":"post_tag","embeddable":true,"href":"https:\/\/www.panfletonegro.com\/v\/wp-json\/wp\/v2\/tags?post=10937"}],"curies":[{"name":"wp","href":"https:\/\/api.w.org\/{rel}","templated":true}]}}