{"id":10768,"date":"2010-09-30T12:23:14","date_gmt":"2010-09-30T16:53:14","guid":{"rendered":"http:\/\/www.panfletonegro.com\/v\/?p=10768"},"modified":"2010-09-30T12:23:14","modified_gmt":"2010-09-30T16:53:14","slug":"cuando-nadie-nos-espera","status":"publish","type":"post","link":"https:\/\/www.panfletonegro.com\/v\/2010\/09\/30\/cuando-nadie-nos-espera\/","title":{"rendered":"Cuando nadie nos espera"},"content":{"rendered":"<div class=\"mceIEcenter\">\n<dl>\n<dt><a href=\"https:\/\/i0.wp.com\/www.panfletonegro.com\/v\/wp-content\/uploads\/2010\/09\/MARACAY61.jpg\"><img data-recalc-dims=\"1\" loading=\"lazy\" decoding=\"async\" data-attachment-id=\"10770\" data-permalink=\"https:\/\/www.panfletonegro.com\/v\/2010\/09\/30\/cuando-nadie-nos-espera\/maracay6-2\/\" data-orig-file=\"https:\/\/i0.wp.com\/www.panfletonegro.com\/v\/wp-content\/uploads\/2010\/09\/MARACAY61.jpg?fit=800%2C1067&amp;ssl=1\" data-orig-size=\"800,1067\" data-comments-opened=\"1\" data-image-meta=\"{&quot;aperture&quot;:&quot;0&quot;,&quot;credit&quot;:&quot;&quot;,&quot;camera&quot;:&quot;&quot;,&quot;caption&quot;:&quot;&quot;,&quot;created_timestamp&quot;:&quot;0&quot;,&quot;copyright&quot;:&quot;&quot;,&quot;focal_length&quot;:&quot;0&quot;,&quot;iso&quot;:&quot;0&quot;,&quot;shutter_speed&quot;:&quot;0&quot;,&quot;title&quot;:&quot;&quot;}\" data-image-title=\"MARACAY61\" data-image-description=\"\" data-image-caption=\"&lt;p&gt;Arte y fotograf\u00eda de Aar\u00f3n H. Almeida.&lt;\/p&gt;\n\" data-large-file=\"https:\/\/i0.wp.com\/www.panfletonegro.com\/v\/wp-content\/uploads\/2010\/09\/MARACAY61.jpg?fit=696%2C929&amp;ssl=1\" class=\"size-medium wp-image-10770\" src=\"https:\/\/i0.wp.com\/www.panfletonegro.com\/v\/wp-content\/uploads\/2010\/09\/MARACAY61-224x300.jpg?resize=224%2C300\" alt=\"\" width=\"224\" height=\"300\" srcset=\"https:\/\/i0.wp.com\/www.panfletonegro.com\/v\/wp-content\/uploads\/2010\/09\/MARACAY61.jpg?resize=224%2C300&amp;ssl=1 224w, https:\/\/i0.wp.com\/www.panfletonegro.com\/v\/wp-content\/uploads\/2010\/09\/MARACAY61.jpg?resize=767%2C1024&amp;ssl=1 767w, https:\/\/i0.wp.com\/www.panfletonegro.com\/v\/wp-content\/uploads\/2010\/09\/MARACAY61.jpg?w=800&amp;ssl=1 800w\" sizes=\"auto, (max-width: 224px) 100vw, 224px\" \/><\/a><\/dt>\n<dd>\n<\/dd>\n<\/dl>\n<\/div>\n<p>No quiero ser due\u00f1o de ninguna de tus venas, siendo un ni\u00f1o entend\u00ed la belleza de la libertad y los da\u00f1os de ir contra ella. Estas palabras son para quien no te cuente.<\/p>\n<p>No podr\u00eda poner mi nombre en el r\u00edo que de tu cuello a tu pecho baja; yo supe saborear el agua que sal\u00eda y tus besos en mi quijada. Yo pod\u00eda vernos desde afuera contempl\u00e1ndonos como velas en la oscuridad.<\/p>\n<p>Mi dureza se marchita cuando cierro los ojos para recibir tus besos y no tendr\u00eda cara para esperar que te quedaras siquiera una estaci\u00f3n. El sentido com\u00fan echaba fuego al campo de fantas\u00edas.<\/p>\n<p>Supiste de mi naturaleza fr\u00e1gil antes de saber mi nombre, pero no entendiste sobre mi coraje y sentido. No quiero ser due\u00f1o de nada tuyo y mi intenci\u00f3n no es regalarme a ti. \u00a0No creo ya en mundos donde pertenecemos y dejamos de ser. Pero hay algo que tenemos que no suele pasar a ratos y eso es lo \u00fanico que quiero compartir en horas oscuras. Yo no espero ser salvado no creo que mi historia tenga\u00a0h\u00e9roes.<\/p>\n<p>No podr\u00eda negar con la cara en alto el vaci\u00f3 de mi soledad, pero no ves que lloro s\u00f3lo cuando consigo fuerzas para hacerlo. T\u00fa nunca me ver\u00e1s llorar. No, no me molesta pelear, cuando cada pelea termina con tu boca comi\u00e9ndome el cuerpo.<\/p>\n<p>Estar\u00e9 ajeno de asociar tu nombre a la palabra amor hasta que tu mente entienda sobre desvanecerse frente a otro, pero tus dientes en mi quijada no har\u00edan que esperase nunca amor de ti. Esas cosas vienen cuando nadie las espera y no podr\u00eda atreverme a creer en algo que no va a pasar.<\/p>\n<p>http:\/\/arzolad.blogspot.com<\/p>\n<p>Arte y fotograf\u00eda de Aar\u00f3n H. Almeida.<\/p>\n","protected":false},"excerpt":{"rendered":"<p>No quiero ser due\u00f1o de ninguna de tus venas, siendo un ni\u00f1o entend\u00ed la belleza de la libertad y los da\u00f1os de ir contra ella. Estas palabras son para quien no te cuente. No podr\u00eda poner mi nombre en el r\u00edo que de tu cuello a tu pecho baja; yo supe saborear el agua que [&hellip;]<\/p>\n","protected":false},"author":1248,"featured_media":10769,"comment_status":"open","ping_status":"open","sticky":false,"template":"","format":"standard","meta":{"jetpack_post_was_ever_published":false,"_jetpack_newsletter_access":"","_jetpack_dont_email_post_to_subs":false,"_jetpack_newsletter_tier_id":0,"_jetpack_memberships_contains_paywalled_content":false,"_jetpack_memberships_contains_paid_content":false,"footnotes":"","jetpack_publicize_message":"","jetpack_publicize_feature_enabled":true,"jetpack_social_post_already_shared":false,"jetpack_social_options":{"image_generator_settings":{"template":"highway","default_image_id":0,"font":"","enabled":false},"version":2}},"categories":[2],"tags":[],"class_list":{"0":"post-10768","1":"post","2":"type-post","3":"status-publish","4":"format-standard","5":"has-post-thumbnail","7":"category-poesia"},"jetpack_publicize_connections":[],"jetpack_featured_media_url":"https:\/\/i0.wp.com\/www.panfletonegro.com\/v\/wp-content\/uploads\/2010\/09\/MARACAY6.jpg?fit=800%2C1067&ssl=1","jetpack_shortlink":"https:\/\/wp.me\/pfpCD-2NG","jetpack_sharing_enabled":true,"_links":{"self":[{"href":"https:\/\/www.panfletonegro.com\/v\/wp-json\/wp\/v2\/posts\/10768","targetHints":{"allow":["GET"]}}],"collection":[{"href":"https:\/\/www.panfletonegro.com\/v\/wp-json\/wp\/v2\/posts"}],"about":[{"href":"https:\/\/www.panfletonegro.com\/v\/wp-json\/wp\/v2\/types\/post"}],"author":[{"embeddable":true,"href":"https:\/\/www.panfletonegro.com\/v\/wp-json\/wp\/v2\/users\/1248"}],"replies":[{"embeddable":true,"href":"https:\/\/www.panfletonegro.com\/v\/wp-json\/wp\/v2\/comments?post=10768"}],"version-history":[{"count":0,"href":"https:\/\/www.panfletonegro.com\/v\/wp-json\/wp\/v2\/posts\/10768\/revisions"}],"wp:featuredmedia":[{"embeddable":true,"href":"https:\/\/www.panfletonegro.com\/v\/wp-json\/wp\/v2\/media\/10769"}],"wp:attachment":[{"href":"https:\/\/www.panfletonegro.com\/v\/wp-json\/wp\/v2\/media?parent=10768"}],"wp:term":[{"taxonomy":"category","embeddable":true,"href":"https:\/\/www.panfletonegro.com\/v\/wp-json\/wp\/v2\/categories?post=10768"},{"taxonomy":"post_tag","embeddable":true,"href":"https:\/\/www.panfletonegro.com\/v\/wp-json\/wp\/v2\/tags?post=10768"}],"curies":[{"name":"wp","href":"https:\/\/api.w.org\/{rel}","templated":true}]}}